{"id":97348,"date":"2020-05-05T23:34:18","date_gmt":"2020-05-05T19:34:18","guid":{"rendered":""},"modified":"-0001-11-30T00:00:00","modified_gmt":"-0001-11-29T20:00:00","slug":"","status":"publish","type":"post","link":"https:\/\/ucnoqta.az\/?p=97348","title":{"rendered":"Ab\u015feronda iki avtomobil toqqu\u015fub, \u00f6l\u0259n var &#8211; <font color=red><b>Foto<\/b><\/font>"},"content":{"rendered":"<p><strong>Ab\u015feron rayonunda &ouml;l&uuml;ml\u0259 n\u0259tic\u0259l\u0259n\u0259n yol-n\u0259qliyyat hadis\u0259si ba\u015f verib.<\/strong><\/p>\n<p>Q\u0259za Saray q\u0259s\u0259b\u0259sind\u0259 qeyd\u0259 al\u0131n\u0131b. 38 ya\u015fl\u0131 El\u015fad Cavadov idar\u0259 etdiyi &ldquo;Lada Priora&rdquo; markal\u0131 avtomobill\u0259 Bak\u0131-Saray yolunda h\u0259r\u0259k\u0259td\u0259 olan zaman 1969-cu il t\u0259v\u0259ll&uuml;dl&uuml; Miri\u015fov Firudin \u015eahverdi o\u011flunun idar\u0259 etdiyi &ldquo;Saipa&rdquo; markal\u0131 n\u0259qliyyat vasit\u0259sil\u0259 toqqu\u015fub. Z\u0259rb\u0259nin g&uuml;c&uuml;nd\u0259n &ldquo;Saipa&rdquo;n\u0131n s&uuml;r&uuml;c&uuml;s&uuml; avtomobild\u0259 s\u0131x\u0131lm\u0131\u015f v\u0259ziyy\u0259td\u0259 qal\u0131b. O, ald\u0131\u011f\u0131 x\u0259sar\u0259tl\u0259rd\u0259n avtomobild\u0259 ke&ccedil;inib.<\/p>\n<p>\u018fraziy\u0259 FHN-in Sumqay\u0131t Regional Xidm\u0259tinin \u0259m\u0259kda\u015flar\u0131 c\u0259lb olunub. Firudin Miri\u015fovun meyiti deformasiyaya u\u011frayan avtomobild\u0259n &ccedil;\u0131xar\u0131laraq aidiyy\u0259ti &uuml;zr\u0259 t\u0259hvil verilib.<br \/>\nQ\u0259za zaman\u0131 &ldquo;Lada&rdquo;n\u0131n s&uuml;r&uuml;c&uuml;s&uuml;&nbsp;a\u011f\u0131r x\u0259sar\u0259t al\u0131b. O, d\u0259rhal x\u0259st\u0259xanaya yerl\u0259\u015fdirilib. \/\/\/oxu.az<\/p>\n","protected":false},"excerpt":{"rendered":"<p>Ab\u015feron rayonunda &ouml;l&uuml;ml\u0259 n\u0259tic\u0259l\u0259n\u0259n yol-n\u0259qliyyat hadis\u0259si ba\u015f verib. Q\u0259za Saray q\u0259s\u0259b\u0259sind\u0259 qeyd\u0259 al\u0131n\u0131b. 38 ya\u015fl\u0131 El\u015fad Cavadov idar\u0259 etdiyi &ldquo;Lada Priora&rdquo; markal\u0131 avtomobill\u0259 Bak\u0131-Saray yolunda h\u0259r\u0259k\u0259td\u0259 olan zaman 1969-cu il&hellip;<\/p>\n","protected":false},"author":1,"featured_media":251278,"comment_status":"open","ping_status":"open","sticky":false,"template":"","format":"standard","meta":{"_lmt_disableupdate":"","_lmt_disable":"","footnotes":""},"categories":[],"tags":[],"class_list":["post-97348","post","type-post","status-publish","format-standard","has-post-thumbnail","hentry"],"_links":{"self":[{"href":"https:\/\/ucnoqta.az\/index.php?rest_route=\/wp\/v2\/posts\/97348","targetHints":{"allow":["GET"]}}],"collection":[{"href":"https:\/\/ucnoqta.az\/index.php?rest_route=\/wp\/v2\/posts"}],"about":[{"href":"https:\/\/ucnoqta.az\/index.php?rest_route=\/wp\/v2\/types\/post"}],"author":[{"embeddable":true,"href":"https:\/\/ucnoqta.az\/index.php?rest_route=\/wp\/v2\/users\/1"}],"replies":[{"embeddable":true,"href":"https:\/\/ucnoqta.az\/index.php?rest_route=%2Fwp%2Fv2%2Fcomments&post=97348"}],"version-history":[{"count":0,"href":"https:\/\/ucnoqta.az\/index.php?rest_route=\/wp\/v2\/posts\/97348\/revisions"}],"wp:featuredmedia":[{"embeddable":true,"href":"https:\/\/ucnoqta.az\/index.php?rest_route=\/wp\/v2\/media\/251278"}],"wp:attachment":[{"href":"https:\/\/ucnoqta.az\/index.php?rest_route=%2Fwp%2Fv2%2Fmedia&parent=97348"}],"wp:term":[{"taxonomy":"category","embeddable":true,"href":"https:\/\/ucnoqta.az\/index.php?rest_route=%2Fwp%2Fv2%2Fcategories&post=97348"},{"taxonomy":"post_tag","embeddable":true,"href":"https:\/\/ucnoqta.az\/index.php?rest_route=%2Fwp%2Fv2%2Ftags&post=97348"}],"curies":[{"name":"wp","href":"https:\/\/api.w.org\/{rel}","templated":true}]}}