{"id":97345,"date":"2020-05-05T21:04:01","date_gmt":"2020-05-05T17:04:01","guid":{"rendered":""},"modified":"-0001-11-30T00:00:00","modified_gmt":"-0001-11-29T20:00:00","slug":"","status":"publish","type":"post","link":"https:\/\/ucnoqta.az\/?p=97345","title":{"rendered":"Bak\u0131-Sumqay\u0131t istiqam\u0259tind\u0259 x\u0259tt\u0259 \u0259lav\u0259 qatarlar burax\u0131lacaq"},"content":{"rendered":"<p><strong>Bak\u0131-Sumqay\u0131t istiqam\u0259tind\u0259 x\u0259tt\u0259 \u0259lav\u0259 qatarlar burax\u0131lacaq.<\/strong><\/p>\n<p>Bu bar\u0259d\u0259 bu g&uuml;n &ldquo;Az\u0259rbaycan D\u0259mir Yollar\u0131&rdquo; QSC-d\u0259 (ADY) qurumun s\u0259dri Cavid Qurbanovun r\u0259hb\u0259rliyi il\u0259 videokonfrans \u015f\u0259klind\u0259 ke&ccedil;iril\u0259n kollegiya iclas\u0131nda deyilib. \u0130clasda pandemiya d&ouml;vr&uuml;nd\u0259 ADY-nin m&uuml;xt\u0259lif strukturlar\u0131n\u0131n f\u0259aliyy\u0259tin\u0259 dair hesabatlar dinl\u0259nilib. Bildirilib ki, Nazirl\u0259r Kabinetinin q\u0259rar\u0131na \u0259sas\u0259n, may\u0131n 4-d\u0259n x&uuml;susi karantin rejiminin yum\u015fald\u0131lmas\u0131 il\u0259 \u0259laq\u0259dar Bak\u0131-X\u0131rdalan-Sumqay\u0131t istiqam\u0259tind\u0259 s\u0259rni\u015fin s\u0131xl\u0131\u011f\u0131 m&uuml;\u015fahid\u0259 olunur. S\u0259rni\u015fin t\u0259l\u0259bat\u0131n\u0131n artd\u0131\u011f\u0131n\u0131 n\u0259z\u0259r\u0259 alaraq, h\u0259min mar\u015frut &uuml;zr\u0259 \u0259lav\u0259 qatarlar\u0131n x\u0259tt\u0259 burax\u0131lmas\u0131na q\u0259rar verilib.<\/p>\n<p>\u0130clasda ilin sonunad\u0259k icras\u0131 n\u0259z\u0259rd\u0259 tutulan vacib m\u0259s\u0259l\u0259l\u0259r m&uuml;zakir\u0259 olunub, konkret t\u0259dbirl\u0259r m&uuml;\u0259yy\u0259nl\u0259\u015fdirilib.\/\/\/trend<\/p>\n","protected":false},"excerpt":{"rendered":"<p>Bak\u0131-Sumqay\u0131t istiqam\u0259tind\u0259 x\u0259tt\u0259 \u0259lav\u0259 qatarlar burax\u0131lacaq. Bu bar\u0259d\u0259 bu g&uuml;n &ldquo;Az\u0259rbaycan D\u0259mir Yollar\u0131&rdquo; QSC-d\u0259 (ADY) qurumun s\u0259dri Cavid Qurbanovun r\u0259hb\u0259rliyi il\u0259 videokonfrans \u015f\u0259klind\u0259 ke&ccedil;iril\u0259n kollegiya iclas\u0131nda deyilib. \u0130clasda pandemiya d&ouml;vr&uuml;nd\u0259&hellip;<\/p>\n","protected":false},"author":1,"featured_media":251278,"comment_status":"open","ping_status":"open","sticky":false,"template":"","format":"standard","meta":{"_lmt_disableupdate":"","_lmt_disable":"","footnotes":""},"categories":[],"tags":[],"class_list":["post-97345","post","type-post","status-publish","format-standard","has-post-thumbnail","hentry"],"_links":{"self":[{"href":"https:\/\/ucnoqta.az\/index.php?rest_route=\/wp\/v2\/posts\/97345","targetHints":{"allow":["GET"]}}],"collection":[{"href":"https:\/\/ucnoqta.az\/index.php?rest_route=\/wp\/v2\/posts"}],"about":[{"href":"https:\/\/ucnoqta.az\/index.php?rest_route=\/wp\/v2\/types\/post"}],"author":[{"embeddable":true,"href":"https:\/\/ucnoqta.az\/index.php?rest_route=\/wp\/v2\/users\/1"}],"replies":[{"embeddable":true,"href":"https:\/\/ucnoqta.az\/index.php?rest_route=%2Fwp%2Fv2%2Fcomments&post=97345"}],"version-history":[{"count":0,"href":"https:\/\/ucnoqta.az\/index.php?rest_route=\/wp\/v2\/posts\/97345\/revisions"}],"wp:featuredmedia":[{"embeddable":true,"href":"https:\/\/ucnoqta.az\/index.php?rest_route=\/wp\/v2\/media\/251278"}],"wp:attachment":[{"href":"https:\/\/ucnoqta.az\/index.php?rest_route=%2Fwp%2Fv2%2Fmedia&parent=97345"}],"wp:term":[{"taxonomy":"category","embeddable":true,"href":"https:\/\/ucnoqta.az\/index.php?rest_route=%2Fwp%2Fv2%2Fcategories&post=97345"},{"taxonomy":"post_tag","embeddable":true,"href":"https:\/\/ucnoqta.az\/index.php?rest_route=%2Fwp%2Fv2%2Ftags&post=97345"}],"curies":[{"name":"wp","href":"https:\/\/api.w.org\/{rel}","templated":true}]}}