{"id":97340,"date":"2020-05-05T19:06:17","date_gmt":"2020-05-05T15:06:17","guid":{"rendered":""},"modified":"-0001-11-30T00:00:00","modified_gmt":"-0001-11-29T20:00:00","slug":"","status":"publish","type":"post","link":"https:\/\/ucnoqta.az\/?p=97340","title":{"rendered":"Koronavirusla M\u00fcbariz\u0259y\u0259 D\u0259st\u0259k Fondunun \u0130ctimai N\u0259zar\u0259t \u015euras\u0131n\u0131n ilk iclas\u0131 ke\u00e7irilib"},"content":{"rendered":"<p><strong>May\u0131n 5-d\u0259 Koronavirusla M&uuml;bariz\u0259y\u0259 D\u0259st\u0259k Fondunun \u0130ctimai N\u0259zar\u0259t \u015euras\u0131n\u0131n ilk iclas\u0131 ke&ccedil;irilib. \u0130clasda Fondun f\u0259aliyy\u0259ti, toplanm\u0131\u015f maliyy\u0259 v\u0259saitl\u0259rinin t\u0259yinat\u0131 &uuml;zr\u0259 istifad\u0259si zaman\u0131 \u015f\u0259ffafl\u0131q v\u0259 hesabatl\u0131l\u0131q m\u0259s\u0259l\u0259l\u0259ri m&uuml;zakir\u0259 olunub.<\/strong><\/p>\n<p>Bildirilib ki, ian\u0259l\u0259rin m\u0259bl\u0259\u011find\u0259n v\u0259 &ouml;d\u0259ni\u015fi h\u0259yata ke&ccedil;ir\u0259nin sosial statusundan as\u0131l\u0131 olmayaraq Fonda toplanan v\u0259saitl\u0259r haqq\u0131nda m\u0259lumat ictimaiyy\u0259t\u0259 a&ccedil;\u0131qd\u0131r v\u0259 g&uuml;nd\u0259lik olaraq r\u0259smi internet sayt\u0131nda (http:\/\/covid19fund.gov.az\/az\/) yerl\u0259\u015fdirilir. \u0130ctimaiyy\u0259tin b&uuml;t&uuml;n t\u0259b\u0259q\u0259l\u0259rind\u0259n olan v\u0259t\u0259nda\u015flar, h&uuml;quqi v\u0259 fiziki \u015f\u0259xsl\u0259r, sahibkarlar &ouml;lk\u0259 &uuml;&ccedil;&uuml;n haz\u0131rk\u0131 &ccedil;\u0259tin s\u0131naq d&ouml;vr&uuml;nd\u0259 h\u0259mr\u0259ylik n&uuml;mayi\u015f etdir\u0259r\u0259k Koronavirusla M&uuml;bariz\u0259y\u0259 D\u0259st\u0259k Fonduna k&ouml;n&uuml;ll&uuml; &ouml;d\u0259m\u0259l\u0259r h\u0259yata ke&ccedil;irirl\u0259r. 4 may 2020-ci il tarixin\u0259 Fonda edil\u0259n ian\u0259l\u0259rin &uuml;mumi m\u0259bl\u0259\u011fi 113 milyon manat, 157 min AB\u015e dollar\u0131, 87,5 min avro v\u0259 150 min rubl t\u0259\u015fkil edir.<\/p>\n<p>Qeyd ed\u0259k ki, Fonda toplanan v\u0259saitl\u0259rin koronavirusla m&uuml;bariz\u0259y\u0259 &#8211; x&uuml;susi rejimli tibb m&uuml;\u0259ssis\u0259l\u0259rinin formala\u015fd\u0131r\u0131lmas\u0131na, tibb m&uuml;\u0259ssis\u0259l\u0259rinin infrastrukturunun t\u0259kmill\u0259\u015fdirilm\u0259sin\u0259 v\u0259 maddi-texniki bazas\u0131n\u0131n g&uuml;cl\u0259ndirilm\u0259sin\u0259, tibb sah\u0259sind\u0259 &ccedil;al\u0131\u015fan i\u015f&ccedil;il\u0259rin m&uuml;kafatland\u0131r\u0131lmas\u0131na v\u0259 onlara maddi yard\u0131m g&ouml;st\u0259rilm\u0259sin\u0259 y&ouml;n\u0259ldilm\u0259si n\u0259z\u0259rd\u0259 tutulur. Fonda v\u0259saitl\u0259rin toplanmas\u0131 v\u0259 ondan t\u0259yinat\u0131 &uuml;zr\u0259 istifad\u0259 m\u0259qs\u0259dil\u0259 Maliyy\u0259 Nazirliyi yan\u0131nda D&ouml;vl\u0259t X\u0259zin\u0259darl\u0131q Agentliyind\u0259 x&uuml;susi x\u0259zin\u0259 hesab\u0131 a&ccedil;\u0131l\u0131b v\u0259 bu v\u0259saitl\u0259rd\u0259n istifad\u0259 edilm\u0259si Nazirl\u0259r Kabinetinin m&uuml;\u0259yy\u0259n etdiyi g\u0259lir v\u0259 x\u0259rcl\u0259r smetas\u0131 \u0259sas\u0131nda h\u0259yata ke&ccedil;irilir. \u0130ndiy\u0259d\u0259k Fonda toplanm\u0131\u015f v\u0259saitl\u0259rd\u0259n h\u0259r hans\u0131 formada istifad\u0259 edilm\u0259yib.<\/p>\n<p>M\u0259lum oldu\u011fu kimi, Az\u0259rbaycan Respublikas\u0131 Prezidentinin 19 mart 2020-ci il tarixli F\u0259rman\u0131na \u0259sas\u0259n yarad\u0131lm\u0131\u015f Koronavirusla M&uuml;bariz\u0259y\u0259 D\u0259st\u0259k Fondunun m\u0259qs\u0259di koronavirus infeksiyas\u0131n\u0131n yay\u0131lmas\u0131 il\u0259 ba\u011fl\u0131 m&uuml;bariz\u0259 istiqam\u0259tind\u0259 h\u0259yata ke&ccedil;iril\u0259n t\u0259dbirl\u0259r\u0259 maliyy\u0259 d\u0259st\u0259yinin g&ouml;st\u0259rilm\u0259siidir. Fondun v\u0259saitl\u0259rinin x\u0259rcl\u0259nm\u0259sin\u0259 n\u0259zar\u0259t m\u0259qs\u0259dil\u0259 aprel ay\u0131n\u0131n 11-d\u0259 Ba\u015f Nazirin m&uuml;vafiq S\u0259r\u0259ncam\u0131 il\u0259 \u0130ctimai N\u0259zar\u0259t \u015euras\u0131 yarad\u0131l\u0131b v\u0259 Fondun v\u0259saitinin s\u0259r\u0259ncam&ccedil;\u0131s\u0131 kimi Az\u0259rbaycan Respublikas\u0131n\u0131n Nazirl\u0259r Kabineti m&uuml;\u0259yy\u0259n edilib. \u0130ctimai N\u0259zar\u0259t \u015euras\u0131n\u0131n \u0259sas f\u0259aliyy\u0259ti Fonda toplanm\u0131\u015f v\u0259saitd\u0259n istifad\u0259 zaman\u0131 \u015f\u0259ffafl\u0131\u011fa v\u0259 maliyy\u0259 hesabatl\u0131l\u0131\u011f\u0131na n\u0259zar\u0259t etm\u0259k, h\u0259m&ccedil;inin ictimaiyy\u0259tin bununla ba\u011fl\u0131 m&uuml;t\u0259madi m\u0259lumatland\u0131r\u0131lmas\u0131n\u0131 t\u0259min etm\u0259kdir.<br \/>\n&nbsp;<\/p>\n","protected":false},"excerpt":{"rendered":"<p>May\u0131n 5-d\u0259 Koronavirusla M&uuml;bariz\u0259y\u0259 D\u0259st\u0259k Fondunun \u0130ctimai N\u0259zar\u0259t \u015euras\u0131n\u0131n ilk iclas\u0131 ke&ccedil;irilib. \u0130clasda Fondun f\u0259aliyy\u0259ti, toplanm\u0131\u015f maliyy\u0259 v\u0259saitl\u0259rinin t\u0259yinat\u0131 &uuml;zr\u0259 istifad\u0259si zaman\u0131 \u015f\u0259ffafl\u0131q v\u0259 hesabatl\u0131l\u0131q m\u0259s\u0259l\u0259l\u0259ri m&uuml;zakir\u0259 olunub. Bildirilib ki,&hellip;<\/p>\n","protected":false},"author":1,"featured_media":251278,"comment_status":"open","ping_status":"open","sticky":false,"template":"","format":"standard","meta":{"_lmt_disableupdate":"","_lmt_disable":"","footnotes":""},"categories":[],"tags":[],"class_list":["post-97340","post","type-post","status-publish","format-standard","has-post-thumbnail","hentry"],"_links":{"self":[{"href":"https:\/\/ucnoqta.az\/index.php?rest_route=\/wp\/v2\/posts\/97340","targetHints":{"allow":["GET"]}}],"collection":[{"href":"https:\/\/ucnoqta.az\/index.php?rest_route=\/wp\/v2\/posts"}],"about":[{"href":"https:\/\/ucnoqta.az\/index.php?rest_route=\/wp\/v2\/types\/post"}],"author":[{"embeddable":true,"href":"https:\/\/ucnoqta.az\/index.php?rest_route=\/wp\/v2\/users\/1"}],"replies":[{"embeddable":true,"href":"https:\/\/ucnoqta.az\/index.php?rest_route=%2Fwp%2Fv2%2Fcomments&post=97340"}],"version-history":[{"count":0,"href":"https:\/\/ucnoqta.az\/index.php?rest_route=\/wp\/v2\/posts\/97340\/revisions"}],"wp:featuredmedia":[{"embeddable":true,"href":"https:\/\/ucnoqta.az\/index.php?rest_route=\/wp\/v2\/media\/251278"}],"wp:attachment":[{"href":"https:\/\/ucnoqta.az\/index.php?rest_route=%2Fwp%2Fv2%2Fmedia&parent=97340"}],"wp:term":[{"taxonomy":"category","embeddable":true,"href":"https:\/\/ucnoqta.az\/index.php?rest_route=%2Fwp%2Fv2%2Fcategories&post=97340"},{"taxonomy":"post_tag","embeddable":true,"href":"https:\/\/ucnoqta.az\/index.php?rest_route=%2Fwp%2Fv2%2Ftags&post=97340"}],"curies":[{"name":"wp","href":"https:\/\/api.w.org\/{rel}","templated":true}]}}