{"id":97337,"date":"2020-05-05T18:35:39","date_gmt":"2020-05-05T14:35:39","guid":{"rendered":""},"modified":"-0001-11-30T00:00:00","modified_gmt":"-0001-11-29T20:00:00","slug":"","status":"publish","type":"post","link":"https:\/\/ucnoqta.az\/?p=97337","title":{"rendered":"\u018fm\u0259kdar artist Prezident\u0259 t\u0259\u015f\u0259kk\u00fcr etdi: <font color=red><b>Daim biz v\u0259t\u0259nda\u015flar\u0131 d\u00fc\u015f\u00fcn\u00fcrs\u00fcn\u00fcz<\/b><\/font>"},"content":{"rendered":"<p><strong>G\u0259nc Tama\u015fa&ccedil;\u0131lar Teatr\u0131n\u0131n aktyoru, \u018fm\u0259kdar artist&nbsp;\u0130lham \u018fs\u0259dov Az\u0259rbaycan Prezidenti \u0130lham \u018fliyev\u0259 minn\u0259tdarl\u0131q m\u0259ktubu &uuml;nvanlay\u0131b<\/strong><\/p>\n<p>M\u0259ktubda deyilir:<\/p>\n<p>Zati-alil\u0259ri!<br \/>\nM&ouml;ht\u0259r\u0259m C\u0259nab Prezident!<\/p>\n<p>\u0130caz\u0259 verin, bu &ccedil;\u0259tin g&uuml;nl\u0259rd\u0259 xalq\u0131m\u0131z\u0131n yan\u0131nda olub daim ona diqq\u0259t v\u0259 qay\u011f\u0131 g&ouml;st\u0259rdiyiniz &uuml;&ccedil;&uuml;n Siz\u0259 t\u0259\u015f\u0259kk&uuml;r&uuml;m&uuml; bildirim.<\/p>\n<p>M\u0259lumdur ki, d&uuml;nyan\u0131 c\u0259ngin\u0259 alan koronavirus b\u0259las\u0131 bizim d\u0259 &ouml;lk\u0259mizd\u0259n yan ke&ccedil;m\u0259yib. Lakin Sizin apard\u0131\u011f\u0131n\u0131z u\u011furlu siyas\u0259tin n\u0259tic\u0259si olaraq bu g&uuml;n bizim xalq bu x\u0259st\u0259liyin a\u011f\u0131r formas\u0131n\u0131 ya\u015fam\u0131r. B&uuml;t&uuml;n bunlara g&ouml;r\u0259 Siz\u0259 minn\u0259tdaram.<\/p>\n<p>H&ouml;rm\u0259tli C\u0259nab Prezident, Sizin v\u0259t\u0259nda\u015flar\u0131 qorumaq &uuml;&ccedil;&uuml;n &ldquo;Evd\u0259 qal&rdquo; &ccedil;a\u011f\u0131r\u0131\u015f\u0131n\u0131za m\u0259n v\u0259 el\u0259c\u0259 d\u0259 bizim teatr\u0131n kollektivi d\u0259 qo\u015fuldu, teatr\u0131m\u0131z\u0131n \u0259m\u0259kda\u015flar\u0131 Sizi tam q\u0259lbi il\u0259 d\u0259st\u0259kl\u0259di. &nbsp;Bu \u015f&uuml;ar alt\u0131nda daim tama\u015fa&ccedil;\u0131lar\u0131m\u0131za m&uuml;raci\u0259t edib onlar\u0131 evd\u0259 qalma\u011fa s\u0259sl\u0259dik. G\u0259nc Tama\u015fa&ccedil;\u0131lar Teatr\u0131 insanlar\u0131n vaxtlar\u0131n\u0131 s\u0259m\u0259r\u0259li ke&ccedil;irm\u0259si &uuml;&ccedil;&uuml;n virtual tama\u015falarla onlar\u0131n qar\u015f\u0131s\u0131na &ccedil;\u0131xd\u0131 v\u0259 &ccedil;\u0131xmaqda davam edir.<\/p>\n<p>Siz bir Prezident, bir V\u0259t\u0259n o\u011flu kimi daim biz v\u0259t\u0259nda\u015flar\u0131 d&uuml;\u015f&uuml;n&uuml;rs&uuml;n&uuml;z. Dan\u0131lmaz faktd\u0131r ki, teatr i\u015f&ccedil;il\u0259ri bu ay i\u015f\u0259 &ccedil;\u0131xmadan &ouml;z \u0259m\u0259k haqqlar\u0131n\u0131 tam \u015f\u0259kild\u0259 ald\u0131lar. Bir aktyor, bir ictimai fiqur, m&uuml;h&uuml;m v\u0259zif\u0259 da\u015f\u0131y\u0131c\u0131s\u0131 v\u0259 ilk n&ouml;vb\u0259d\u0259 bir v\u0259t\u0259nda\u015f kimi Siz\u0259 sonsuz t\u0259\u015f\u0259kk&uuml;r&uuml;m edir, minn\u0259tdarl\u0131\u011f\u0131m\u0131 bildirir\u0259m.<\/p>\n<p><strong>H&ouml;rm\u0259tl\u0259 Az\u0259rbaycan\u0131n v\u0259 Rusiya Federasiyas\u0131n\u0131n Kalm\u0131kiya Respublikas\u0131n\u0131n \u018fm\u0259kdar artisti \u0130lham \u018fs\u0259dov<\/strong><\/p>\n","protected":false},"excerpt":{"rendered":"<p>G\u0259nc Tama\u015fa&ccedil;\u0131lar Teatr\u0131n\u0131n aktyoru, \u018fm\u0259kdar artist&nbsp;\u0130lham \u018fs\u0259dov Az\u0259rbaycan Prezidenti \u0130lham \u018fliyev\u0259 minn\u0259tdarl\u0131q m\u0259ktubu &uuml;nvanlay\u0131b M\u0259ktubda deyilir: Zati-alil\u0259ri! M&ouml;ht\u0259r\u0259m C\u0259nab Prezident! \u0130caz\u0259 verin, bu &ccedil;\u0259tin g&uuml;nl\u0259rd\u0259 xalq\u0131m\u0131z\u0131n yan\u0131nda olub daim ona&hellip;<\/p>\n","protected":false},"author":1,"featured_media":251278,"comment_status":"open","ping_status":"open","sticky":false,"template":"","format":"standard","meta":{"_lmt_disableupdate":"","_lmt_disable":"","footnotes":""},"categories":[],"tags":[],"class_list":["post-97337","post","type-post","status-publish","format-standard","has-post-thumbnail","hentry"],"_links":{"self":[{"href":"https:\/\/ucnoqta.az\/index.php?rest_route=\/wp\/v2\/posts\/97337","targetHints":{"allow":["GET"]}}],"collection":[{"href":"https:\/\/ucnoqta.az\/index.php?rest_route=\/wp\/v2\/posts"}],"about":[{"href":"https:\/\/ucnoqta.az\/index.php?rest_route=\/wp\/v2\/types\/post"}],"author":[{"embeddable":true,"href":"https:\/\/ucnoqta.az\/index.php?rest_route=\/wp\/v2\/users\/1"}],"replies":[{"embeddable":true,"href":"https:\/\/ucnoqta.az\/index.php?rest_route=%2Fwp%2Fv2%2Fcomments&post=97337"}],"version-history":[{"count":0,"href":"https:\/\/ucnoqta.az\/index.php?rest_route=\/wp\/v2\/posts\/97337\/revisions"}],"wp:featuredmedia":[{"embeddable":true,"href":"https:\/\/ucnoqta.az\/index.php?rest_route=\/wp\/v2\/media\/251278"}],"wp:attachment":[{"href":"https:\/\/ucnoqta.az\/index.php?rest_route=%2Fwp%2Fv2%2Fmedia&parent=97337"}],"wp:term":[{"taxonomy":"category","embeddable":true,"href":"https:\/\/ucnoqta.az\/index.php?rest_route=%2Fwp%2Fv2%2Fcategories&post=97337"},{"taxonomy":"post_tag","embeddable":true,"href":"https:\/\/ucnoqta.az\/index.php?rest_route=%2Fwp%2Fv2%2Ftags&post=97337"}],"curies":[{"name":"wp","href":"https:\/\/api.w.org\/{rel}","templated":true}]}}