{"id":97328,"date":"2020-05-05T16:22:43","date_gmt":"2020-05-05T12:22:43","guid":{"rendered":""},"modified":"-0001-11-30T00:00:00","modified_gmt":"-0001-11-29T20:00:00","slug":"","status":"publish","type":"post","link":"https:\/\/ucnoqta.az\/?p=97328","title":{"rendered":"\u0130sraild\u0259n koronavirus peyv\u0259ndi il\u0259 ba\u011fl\u0131 daha bir a\u00e7\u0131qlama"},"content":{"rendered":"<p><strong>\u0130srail aliml\u0259ri t\u0259r\u0259find\u0259n COVID-19-a yoluxmu\u015f \u015f\u0259xsin b\u0259d\u0259nind\u0259 virusa aktiv \u015f\u0259kild\u0259 h&uuml;cum ed\u0259n v\u0259 peyv\u0259nd yaratmaq &uuml;&ccedil;&uuml;n istifad\u0259 oluna bil\u0259c\u0259k antikorlar k\u0259\u015ff olunub.<\/strong><\/p>\n<p>Bu bar\u0259d\u0259 \u0130srailin M&uuml;dafi\u0259 naziri Naftali Benett a&ccedil;\u0131qlama verib. Bildirilib ki, \u0130srail Bioloji T\u0259dqiqatlar \u0130nstitutunun gizli laboratoriyas\u0131na ba\u015f &ccedil;\u0259k\u0259n Benett\u0259 koronavirusa yoluxmu\u015f \u015f\u0259xsin b\u0259d\u0259nind\u0259ki viruslar\u0131 neytralla\u015fd\u0131ra bil\u0259n antikorlar\u0131n nec\u0259 i\u015fl\u0259diyi g&ouml;st\u0259rilib.<\/p>\n<p>&ldquo;Bu anticisml\u0259r virusa x&uuml;susi \u015f\u0259kild\u0259 h&uuml;cum edir v\u0259 x\u0259st\u0259nin orqanizmind\u0259 onlar\u0131 z\u0259r\u0259rsizl\u0259\u015fdir\u0259 bilir&rdquo;,- dey\u0259 Benett a&ccedil;\u0131qlamas\u0131nda qeyd edib.<\/p>\n<p>Onun s&ouml;zl\u0259rin\u0259 g&ouml;r\u0259, haz\u0131rda peyv\u0259nd &uuml;&ccedil;&uuml;n patent qeydiyyat\u0131 apar\u0131l\u0131r, daha sonra is\u0259 kommersiya istehsal\u0131na ba\u015flanaca\u011f\u0131 g&ouml;zl\u0259nilir. Bununla bel\u0259, peyv\u0259ndin n\u0259 vaxt haz\u0131r olaca\u011f\u0131 a&ccedil;\u0131qlanmay\u0131b.<\/p>\n<p>Qeyd ed\u0259k ki, bu yax\u0131nlarda Niderland aliml\u0259ri t\u0259r\u0259find\u0259n koronavirusa h&uuml;cum ed\u0259 bil\u0259n antikorlar a\u015fkarlanm\u0131\u015fd\u0131. &Uuml;mumilikd\u0259 is\u0259 d&uuml;nyada koronavirusa qar\u015f\u0131 peyv\u0259ndin yarad\u0131lmas\u0131 &uuml;z\u0259rind\u0259 100-\u0259 yax\u0131n t\u0259dqiqat qrupu i\u015fl\u0259yir.\/\/\/qafqazinfo<\/p>\n<p>&nbsp;<\/p>\n","protected":false},"excerpt":{"rendered":"<p>\u0130srail aliml\u0259ri t\u0259r\u0259find\u0259n COVID-19-a yoluxmu\u015f \u015f\u0259xsin b\u0259d\u0259nind\u0259 virusa aktiv \u015f\u0259kild\u0259 h&uuml;cum ed\u0259n v\u0259 peyv\u0259nd yaratmaq &uuml;&ccedil;&uuml;n istifad\u0259 oluna bil\u0259c\u0259k antikorlar k\u0259\u015ff olunub. Bu bar\u0259d\u0259 \u0130srailin M&uuml;dafi\u0259 naziri Naftali Benett a&ccedil;\u0131qlama&hellip;<\/p>\n","protected":false},"author":1,"featured_media":251278,"comment_status":"open","ping_status":"open","sticky":false,"template":"","format":"standard","meta":{"_lmt_disableupdate":"","_lmt_disable":"","footnotes":""},"categories":[],"tags":[],"class_list":["post-97328","post","type-post","status-publish","format-standard","has-post-thumbnail","hentry"],"_links":{"self":[{"href":"https:\/\/ucnoqta.az\/index.php?rest_route=\/wp\/v2\/posts\/97328","targetHints":{"allow":["GET"]}}],"collection":[{"href":"https:\/\/ucnoqta.az\/index.php?rest_route=\/wp\/v2\/posts"}],"about":[{"href":"https:\/\/ucnoqta.az\/index.php?rest_route=\/wp\/v2\/types\/post"}],"author":[{"embeddable":true,"href":"https:\/\/ucnoqta.az\/index.php?rest_route=\/wp\/v2\/users\/1"}],"replies":[{"embeddable":true,"href":"https:\/\/ucnoqta.az\/index.php?rest_route=%2Fwp%2Fv2%2Fcomments&post=97328"}],"version-history":[{"count":0,"href":"https:\/\/ucnoqta.az\/index.php?rest_route=\/wp\/v2\/posts\/97328\/revisions"}],"wp:featuredmedia":[{"embeddable":true,"href":"https:\/\/ucnoqta.az\/index.php?rest_route=\/wp\/v2\/media\/251278"}],"wp:attachment":[{"href":"https:\/\/ucnoqta.az\/index.php?rest_route=%2Fwp%2Fv2%2Fmedia&parent=97328"}],"wp:term":[{"taxonomy":"category","embeddable":true,"href":"https:\/\/ucnoqta.az\/index.php?rest_route=%2Fwp%2Fv2%2Fcategories&post=97328"},{"taxonomy":"post_tag","embeddable":true,"href":"https:\/\/ucnoqta.az\/index.php?rest_route=%2Fwp%2Fv2%2Ftags&post=97328"}],"curies":[{"name":"wp","href":"https:\/\/api.w.org\/{rel}","templated":true}]}}