{"id":97307,"date":"2020-05-05T10:47:48","date_gmt":"2020-05-05T06:47:48","guid":{"rendered":""},"modified":"-0001-11-30T00:00:00","modified_gmt":"-0001-11-29T20:00:00","slug":"","status":"publish","type":"post","link":"https:\/\/ucnoqta.az\/?p=97307","title":{"rendered":"Erm\u0259nistanda ata iki azya\u015fl\u0131 u\u015fa\u011f\u0131 il\u0259 birlikd\u0259 \u00f6z\u00fcn\u00fc 9-cu m\u0259rt\u0259b\u0259d\u0259n at\u0131b"},"content":{"rendered":"<p><strong>Erm\u0259nistan\u0131n paytaxt\u0131 \u0130r\u0259van \u015f\u0259h\u0259rind\u0259 ata iki u\u015fa\u011f\u0131 il\u0259 birlikd\u0259 &ouml;z&uuml;n&uuml; 9-cu m\u0259rt\u0259b\u0259d\u0259n at\u0131b.<\/strong><\/p>\n<p>APA-n\u0131n &ldquo;Sputnik Armenia&rdquo;ya istinad\u0259n verdiyi x\u0259b\u0259r\u0259 g&ouml;r\u0259, bu bar\u0259d\u0259 Erm\u0259nistan F&ouml;vq\u0259lad\u0259 Hallar Nazirliyi m\u0259lumat yay\u0131b. Bildirilib ki, hadis\u0259 bu g&uuml;n s\u0259h\u0259r saatlar\u0131nda paytaxtda yerl\u0259\u015f\u0259n binalardan birind\u0259 qeyd\u0259 al\u0131n\u0131b.<\/p>\n<p>H&uuml;quq-m&uuml;hafiz\u0259 orqanlar\u0131n\u0131n \u0259m\u0259kda\u015flar\u0131 hadis\u0259 yerind\u0259 40 ya\u015fl\u0131 Karen M., 8 ya\u015fl\u0131 o\u011flan v\u0259 5 ya\u015fl\u0131 q\u0131z u\u015faqlar\u0131n\u0131n meyitini a\u015fkarlay\u0131blar. Hadis\u0259 \u015fahidl\u0259rinin s&ouml;zl\u0259rin\u0259 g&ouml;r\u0259, \u015f\u0259h\u0259r sakini &ouml;vladlar\u0131n\u0131 9-cu m\u0259rt\u0259b\u0259d\u0259n atd\u0131qdan sonra &ouml;z&uuml;n&uuml; d\u0259 binadan at\u0131b.<\/p>\n<p>Faktla ba\u011fl\u0131 ara\u015fd\u0131rma apar\u0131l\u0131r.&nbsp;<\/p>\n","protected":false},"excerpt":{"rendered":"<p>Erm\u0259nistan\u0131n paytaxt\u0131 \u0130r\u0259van \u015f\u0259h\u0259rind\u0259 ata iki u\u015fa\u011f\u0131 il\u0259 birlikd\u0259 &ouml;z&uuml;n&uuml; 9-cu m\u0259rt\u0259b\u0259d\u0259n at\u0131b. APA-n\u0131n &ldquo;Sputnik Armenia&rdquo;ya istinad\u0259n verdiyi x\u0259b\u0259r\u0259 g&ouml;r\u0259, bu bar\u0259d\u0259 Erm\u0259nistan F&ouml;vq\u0259lad\u0259 Hallar Nazirliyi m\u0259lumat yay\u0131b. Bildirilib ki,&hellip;<\/p>\n","protected":false},"author":1,"featured_media":251278,"comment_status":"open","ping_status":"open","sticky":false,"template":"","format":"standard","meta":{"_lmt_disableupdate":"","_lmt_disable":"","footnotes":""},"categories":[],"tags":[],"class_list":["post-97307","post","type-post","status-publish","format-standard","has-post-thumbnail","hentry"],"_links":{"self":[{"href":"https:\/\/ucnoqta.az\/index.php?rest_route=\/wp\/v2\/posts\/97307","targetHints":{"allow":["GET"]}}],"collection":[{"href":"https:\/\/ucnoqta.az\/index.php?rest_route=\/wp\/v2\/posts"}],"about":[{"href":"https:\/\/ucnoqta.az\/index.php?rest_route=\/wp\/v2\/types\/post"}],"author":[{"embeddable":true,"href":"https:\/\/ucnoqta.az\/index.php?rest_route=\/wp\/v2\/users\/1"}],"replies":[{"embeddable":true,"href":"https:\/\/ucnoqta.az\/index.php?rest_route=%2Fwp%2Fv2%2Fcomments&post=97307"}],"version-history":[{"count":0,"href":"https:\/\/ucnoqta.az\/index.php?rest_route=\/wp\/v2\/posts\/97307\/revisions"}],"wp:featuredmedia":[{"embeddable":true,"href":"https:\/\/ucnoqta.az\/index.php?rest_route=\/wp\/v2\/media\/251278"}],"wp:attachment":[{"href":"https:\/\/ucnoqta.az\/index.php?rest_route=%2Fwp%2Fv2%2Fmedia&parent=97307"}],"wp:term":[{"taxonomy":"category","embeddable":true,"href":"https:\/\/ucnoqta.az\/index.php?rest_route=%2Fwp%2Fv2%2Fcategories&post=97307"},{"taxonomy":"post_tag","embeddable":true,"href":"https:\/\/ucnoqta.az\/index.php?rest_route=%2Fwp%2Fv2%2Ftags&post=97307"}],"curies":[{"name":"wp","href":"https:\/\/api.w.org\/{rel}","templated":true}]}}