{"id":97298,"date":"2020-05-05T09:23:14","date_gmt":"2020-05-05T05:23:14","guid":{"rendered":""},"modified":"-0001-11-30T00:00:00","modified_gmt":"-0001-11-29T20:00:00","slug":"","status":"publish","type":"post","link":"https:\/\/ucnoqta.az\/?p=97298","title":{"rendered":"Prezidentin k\u00f6m\u0259k\u00e7isi v\u0259 Zakir H\u0259s\u0259nov \u00f6n x\u0259td\u0259- <font color=red><b>Foto<\/b><\/font>"},"content":{"rendered":"<p><strong>Az\u0259rbaycan Respublikas\u0131n\u0131n Prezidenti, Silahl\u0131 Q&uuml;vv\u0259l\u0259rin Ali Ba\u015f Komandan\u0131 c\u0259nab \u0130lham \u018fliyevin g&ouml;st\u0259ri\u015fin\u0259 \u0259sas\u0259n Az\u0259rbaycan Respublikas\u0131 Prezidentinin k&ouml;m\u0259k&ccedil;isi &ndash; Az\u0259rbaycan Respublikas\u0131 Prezidentinin Administrasiyas\u0131n\u0131n H\u0259rbi m\u0259s\u0259l\u0259l\u0259r \u015f&ouml;b\u0259sinin m&uuml;diri general-polkovnik M\u0259h\u0259rr\u0259m \u018fliyev, M&uuml;dafi\u0259 naziri general-polkovnik Zakir H\u0259s\u0259nov v\u0259 nazirliyin dig\u0259r r\u0259hb\u0259r hey\u0259ti &ouml;n x\u0259td\u0259 yerl\u0259\u015f\u0259n h\u0259rbi hiss\u0259l\u0259rd\u0259 olublar.<\/strong><\/p>\n<p>Ucnoqta.az M&uuml;dafi\u0259 Nazirliyin\u0259 istinad\u0259n x\u0259b\u0259r verir ki, qo\u015funlar\u0131n t\u0259mas x\u0259ttind\u0259ki \u0259m\u0259liyyat \u015f\u0259raiti bar\u0259d\u0259 m\u0259ruz\u0259l\u0259ri dinl\u0259dikd\u0259n sonra general-polkovnik M.\u018fliyev v\u0259 general-polkovnik Z.H\u0259s\u0259nov &uuml;zb\u0259&uuml;z yerl\u0259\u015f\u0259n d&uuml;\u015fm\u0259n m&ouml;vqel\u0259rini m&uuml;\u015fahid\u0259 edibl\u0259r. M&uuml;dafi\u0259 naziri b&ouml;lm\u0259l\u0259rin daim d&ouml;y&uuml;\u015f\u0259 haz\u0131r v\u0259ziyy\u0259td\u0259 olmas\u0131 bar\u0259d\u0259 m&uuml;vafiq tap\u015f\u0131r\u0131qlar verib.<\/p>\n<p>&Ouml;n x\u0259td\u0259 olan M&uuml;dafi\u0259 naziri c\u0259bh\u0259nin Tal\u0131\u015f k\u0259ndi istiqam\u0259tind\u0259ki d&ouml;y&uuml;\u015f m&ouml;vqel\u0259rind\u0259 xidm\u0259t ed\u0259n h\u0259rbi qulluq&ccedil;ularla g&ouml;r&uuml;\u015f&uuml;b, onlar\u0131n xidm\u0259t \u015f\u0259raiti il\u0259 maraqlan\u0131b. \u015e\u0259xsi hey\u0259tl\u0259 g&ouml;r&uuml;\u015f zaman\u0131 Ali Ba\u015f Komandan\u0131n Az\u0259rbaycan Ordusunun d&ouml;y&uuml;\u015f qabiliyy\u0259tinin y&uuml;ks\u0259ldilm\u0259si v\u0259 h\u0259rbi qulluq&ccedil;ular\u0131n sosial \u015f\u0259raitinin yax\u015f\u0131la\u015fd\u0131r\u0131lmas\u0131 il\u0259 ba\u011fl\u0131 verdiyi tap\u015f\u0131r\u0131qlar\u0131n icras\u0131 istiqam\u0259tind\u0259 f\u0259aliyy\u0259tl\u0259rin davam etm\u0259sind\u0259n dan\u0131\u015fan general-polkovnik M.\u018fliyev bu m\u0259s\u0259l\u0259l\u0259rin &ouml;lk\u0259 r\u0259hb\u0259rliyinin daim diqq\u0259t m\u0259rk\u0259zind\u0259 oldu\u011funu da x&uuml;susi vur\u011fulay\u0131b.<\/p>\n<p>Sonra tank b&ouml;lm\u0259l\u0259rind\u0259 olan general-polkovnik M.\u018fliyev v\u0259 general-polkovnik Z.H\u0259s\u0259nov tank ekipajlar\u0131 il\u0259 g&ouml;r&uuml;\u015f\u0259r\u0259k onlar\u0131n d&ouml;y&uuml;\u015f haz\u0131rl\u0131\u011f\u0131n\u0131 yoxlay\u0131b v\u0259 xidm\u0259tl\u0259ri il\u0259 maraqlan\u0131blar.<\/p>\n<p>Sonda h\u0259rbi qulluq&ccedil;ularla birg\u0259 nahar s&uuml;fr\u0259si t\u0259\u015fkil edilib.<\/p>\n","protected":false},"excerpt":{"rendered":"<p>Az\u0259rbaycan Respublikas\u0131n\u0131n Prezidenti, Silahl\u0131 Q&uuml;vv\u0259l\u0259rin Ali Ba\u015f Komandan\u0131 c\u0259nab \u0130lham \u018fliyevin g&ouml;st\u0259ri\u015fin\u0259 \u0259sas\u0259n Az\u0259rbaycan Respublikas\u0131 Prezidentinin k&ouml;m\u0259k&ccedil;isi &ndash; Az\u0259rbaycan Respublikas\u0131 Prezidentinin Administrasiyas\u0131n\u0131n H\u0259rbi m\u0259s\u0259l\u0259l\u0259r \u015f&ouml;b\u0259sinin m&uuml;diri general-polkovnik M\u0259h\u0259rr\u0259m \u018fliyev, M&uuml;dafi\u0259&hellip;<\/p>\n","protected":false},"author":1,"featured_media":251278,"comment_status":"open","ping_status":"open","sticky":false,"template":"","format":"standard","meta":{"_lmt_disableupdate":"","_lmt_disable":"","footnotes":""},"categories":[],"tags":[],"class_list":["post-97298","post","type-post","status-publish","format-standard","has-post-thumbnail","hentry"],"_links":{"self":[{"href":"https:\/\/ucnoqta.az\/index.php?rest_route=\/wp\/v2\/posts\/97298","targetHints":{"allow":["GET"]}}],"collection":[{"href":"https:\/\/ucnoqta.az\/index.php?rest_route=\/wp\/v2\/posts"}],"about":[{"href":"https:\/\/ucnoqta.az\/index.php?rest_route=\/wp\/v2\/types\/post"}],"author":[{"embeddable":true,"href":"https:\/\/ucnoqta.az\/index.php?rest_route=\/wp\/v2\/users\/1"}],"replies":[{"embeddable":true,"href":"https:\/\/ucnoqta.az\/index.php?rest_route=%2Fwp%2Fv2%2Fcomments&post=97298"}],"version-history":[{"count":0,"href":"https:\/\/ucnoqta.az\/index.php?rest_route=\/wp\/v2\/posts\/97298\/revisions"}],"wp:featuredmedia":[{"embeddable":true,"href":"https:\/\/ucnoqta.az\/index.php?rest_route=\/wp\/v2\/media\/251278"}],"wp:attachment":[{"href":"https:\/\/ucnoqta.az\/index.php?rest_route=%2Fwp%2Fv2%2Fmedia&parent=97298"}],"wp:term":[{"taxonomy":"category","embeddable":true,"href":"https:\/\/ucnoqta.az\/index.php?rest_route=%2Fwp%2Fv2%2Fcategories&post=97298"},{"taxonomy":"post_tag","embeddable":true,"href":"https:\/\/ucnoqta.az\/index.php?rest_route=%2Fwp%2Fv2%2Ftags&post=97298"}],"curies":[{"name":"wp","href":"https:\/\/api.w.org\/{rel}","templated":true}]}}