{"id":97297,"date":"2020-05-05T09:19:04","date_gmt":"2020-05-05T05:19:04","guid":{"rendered":""},"modified":"-0001-11-30T00:00:00","modified_gmt":"-0001-11-29T20:00:00","slug":"","status":"publish","type":"post","link":"https:\/\/ucnoqta.az\/?p=97297","title":{"rendered":"Bu g\u00fcn Milli M\u0259clisin n\u00f6vb\u0259ti plenar iclas\u0131 ke\u00e7iril\u0259c\u0259k"},"content":{"rendered":"<p>Bu g\u00fcn Milli M\u0259clisin n\u00f6vb\u0259ti plenar iclas\u0131 ke\u00e7iril\u0259c\u0259k.<\/p>\n<p>\u0130clas\u0131n \u0259vv\u0259lind\u0259 deputatlar Az\u0259rbaycan Respublikas\u0131 Ali M\u0259hk\u0259m\u0259si hakiml\u0259rinin, Bak\u0131 Apellyasiya M\u0259hk\u0259m\u0259si hakiml\u0259rinin t\u0259yin edilm\u0259si v\u0259 bir s\u0131ra m\u0259hk\u0259m\u0259l\u0259rin hakiml\u0259rinin v\u0259zif\u0259d\u0259n azad edilm\u0259si haqq\u0131nda m\u0259s\u0259l\u0259y\u0259 baxacaqlar.<\/p>\n<p>Daha sonra &#8220;N\u0259\u015frl\u0259rin beyn\u0259lxalq m\u00fcbadil\u0259sin\u0259 dair&#8221; Konvensiyan\u0131n, &#8220;M\u00fcst\u0259qil D\u00f6vl\u0259tl\u0259r Birliyinin i\u015ftirak\u00e7\u0131s\u0131 olan d\u00f6vl\u0259tl\u0259rin \u0259razisind\u0259n tranzit qaydas\u0131 haqq\u0131nda 1999-cu il 4 iyun tarixli Sazi\u015fd\u0259 d\u0259yi\u015fiklikl\u0259r edilm\u0259si bar\u0259d\u0259&#8221; Protokolun, &#8220;Azad ticar\u0259t zonas\u0131n\u0131n yarad\u0131lmas\u0131 haqq\u0131nda Sazi\u015fin i\u015ftirak\u00e7\u0131s\u0131 olan d\u00f6vl\u0259tl\u0259r aras\u0131nda d\u00f6vriyy\u0259d\u0259 olan \u0259mt\u0259\u0259l\u0259rin g\u00f6mr\u00fck r\u0259smil\u0259\u015fdirilm\u0259si v\u0259 g\u00f6mr\u00fck n\u0259zar\u0259ti qaydas\u0131 haqq\u0131nda 1999-cu il 8 oktyabr tarixli Sazi\u015fd\u0259 d\u0259yi\u015fiklikl\u0259rin edilm\u0259si bar\u0259d\u0259&#8221; Protokolun, &#8220;1994-c\u00fc il 9 sentyabr tarixli Avrasiya Patent Konvensiyas\u0131n\u0131n S\u0259naye n\u00fcmun\u0259l\u0259rinin m\u00fchafiz\u0259sin\u0259 dair&#8221; Protokolun, &#8220;Az\u0259rbaycan Respublikas\u0131n\u0131n Xarici \u0130\u015fl\u0259r Nazirliyi il\u0259 \u0130taliya Respublikas\u0131n\u0131n Xarici \u0130\u015fl\u0259r v\u0259 Beyn\u0259lxalq \u018fm\u0259kda\u015fl\u0131q Nazirliyi aras\u0131nda diplomatik n\u00fcmay\u0259nd\u0259lik, konsulluq v\u0259 daimi n\u00fcmay\u0259nd\u0259lik \u0259m\u0259kda\u015flar\u0131n\u0131n ail\u0259 \u00fczvl\u0259rinin haqq\u0131 \u00f6d\u0259nil\u0259n \u0259m\u0259k f\u0259aliyy\u0259ti haqq\u0131nda Anla\u015fma Memorandumunun t\u0259sdiq edilm\u0259si m\u0259s\u0259l\u0259sin\u0259 bax\u0131lacaq.<\/p>\n<p>Deputatlar, h\u0259m\u00e7in\u0131n &#8220;D\u00f6vl\u0259t r\u00fcsumu haqq\u0131nda&#8221;, &#8220;Sosial s\u0131\u011forta haqq\u0131nda&#8221; qanunlara, Vergi M\u0259c\u0259ll\u0259sin\u0259 d\u0259yi\u015fikliyi m\u00fczakir\u0259 ed\u0259c\u0259kl\u0259r.<\/p>\n","protected":false},"excerpt":{"rendered":"<p>Bu g\u00fcn Milli M\u0259clisin n\u00f6vb\u0259ti plenar iclas\u0131 ke\u00e7iril\u0259c\u0259k. \u0130clas\u0131n \u0259vv\u0259lind\u0259 deputatlar Az\u0259rbaycan Respublikas\u0131 Ali M\u0259hk\u0259m\u0259si hakiml\u0259rinin, Bak\u0131 Apellyasiya M\u0259hk\u0259m\u0259si hakiml\u0259rinin t\u0259yin edilm\u0259si v\u0259 bir s\u0131ra m\u0259hk\u0259m\u0259l\u0259rin hakiml\u0259rinin v\u0259zif\u0259d\u0259n azad edilm\u0259si&hellip;<\/p>\n","protected":false},"author":1,"featured_media":251278,"comment_status":"open","ping_status":"open","sticky":false,"template":"","format":"standard","meta":{"_lmt_disableupdate":"","_lmt_disable":"","footnotes":""},"categories":[],"tags":[],"class_list":["post-97297","post","type-post","status-publish","format-standard","has-post-thumbnail","hentry"],"_links":{"self":[{"href":"https:\/\/ucnoqta.az\/index.php?rest_route=\/wp\/v2\/posts\/97297","targetHints":{"allow":["GET"]}}],"collection":[{"href":"https:\/\/ucnoqta.az\/index.php?rest_route=\/wp\/v2\/posts"}],"about":[{"href":"https:\/\/ucnoqta.az\/index.php?rest_route=\/wp\/v2\/types\/post"}],"author":[{"embeddable":true,"href":"https:\/\/ucnoqta.az\/index.php?rest_route=\/wp\/v2\/users\/1"}],"replies":[{"embeddable":true,"href":"https:\/\/ucnoqta.az\/index.php?rest_route=%2Fwp%2Fv2%2Fcomments&post=97297"}],"version-history":[{"count":0,"href":"https:\/\/ucnoqta.az\/index.php?rest_route=\/wp\/v2\/posts\/97297\/revisions"}],"wp:featuredmedia":[{"embeddable":true,"href":"https:\/\/ucnoqta.az\/index.php?rest_route=\/wp\/v2\/media\/251278"}],"wp:attachment":[{"href":"https:\/\/ucnoqta.az\/index.php?rest_route=%2Fwp%2Fv2%2Fmedia&parent=97297"}],"wp:term":[{"taxonomy":"category","embeddable":true,"href":"https:\/\/ucnoqta.az\/index.php?rest_route=%2Fwp%2Fv2%2Fcategories&post=97297"},{"taxonomy":"post_tag","embeddable":true,"href":"https:\/\/ucnoqta.az\/index.php?rest_route=%2Fwp%2Fv2%2Ftags&post=97297"}],"curies":[{"name":"wp","href":"https:\/\/api.w.org\/{rel}","templated":true}]}}