{"id":97293,"date":"2020-05-04T23:10:35","date_gmt":"2020-05-04T19:10:35","guid":{"rendered":""},"modified":"-0001-11-30T00:00:00","modified_gmt":"-0001-11-29T20:00:00","slug":"","status":"publish","type":"post","link":"https:\/\/ucnoqta.az\/?p=97293","title":{"rendered":"Qo\u015fulmama H\u0259r\u0259kat\u0131n\u0131n T\u0259mas Qrupunun onlayn s\u0259viyy\u0259li Zirv\u0259 g\u00f6r\u00fc\u015f\u00fcnd\u0259 birg\u0259 b\u0259yannam\u0259 yay\u0131l\u0131b"},"content":{"rendered":"<p><em>2020-ci ilin 4 may tarixind\u0259 COVID-19 pandemiyas\u0131n\u0131n misli g&ouml;r&uuml;nm\u0259mi\u015f t\u0259sirl\u0259ri il\u0259 m&uuml;bariz\u0259d\u0259 qlobal s\u0259yl\u0259r\u0259 s\u0259m\u0259r\u0259li t&ouml;hf\u0259 verm\u0259k m\u0259qs\u0259di il\u0259 Az\u0259rbaycan Prezidenti v\u0259 Qo\u015fulmama H\u0259r\u0259kat\u0131n\u0131n s\u0259dri \u0130lham \u018fliyevin t\u0259\u015f\u0259bb&uuml;s&uuml; il\u0259 &ldquo;COVID-19-a qar\u015f\u0131 birlikd\u0259yik&rdquo; m&ouml;vzusunda COVID-19-a cavab olaraq Qo\u015fulmama H\u0259r\u0259kat\u0131n\u0131n T\u0259mas Qrupunun onlayn s\u0259viyy\u0259li Zirv\u0259 g&ouml;r&uuml;\u015f&uuml;nd\u0259 birg\u0259 b\u0259yannam\u0259 yay\u0131l\u0131b.<\/em><\/p>\n<p>Birg\u0259 b\u0259yannam\u0259d\u0259 deyilir:<\/p>\n<p><strong>1.<\/strong> Birl\u0259\u015fmi\u015f Mill\u0259tl\u0259r T\u0259\u015fkilat\u0131n\u0131n Nizamnam\u0259sinin v\u0259 QH-nin t\u0259sis s\u0259n\u0259dl\u0259rinin m\u0259qs\u0259dl\u0259rin\u0259, prinsipl\u0259rin\u0259 v\u0259 m&uuml;dd\u0259alar\u0131na g&uuml;cl&uuml; sadiqliyimizi bir daha bildiririk.<\/p>\n<p><strong>2.<\/strong> BMT Ba\u015f Assambleyas\u0131n\u0131n &ldquo;2019-cu ilin koronavirus x\u0259st\u0259liyin\u0259 m&uuml;bariz\u0259d\u0259 qlobal h\u0259mr\u0259ylik&rdquo; adl\u0131 A\/RES\/74\/270 v\u0259 &ldquo;COVID-19-a qar\u015f\u0131 d\u0259rman, peyv\u0259nd v\u0259 tibbi avadanl\u0131qlara qlobal \u0259l&ccedil;atanl\u0131\u011f\u0131 t\u0259min etm\u0259k &uuml;&ccedil;&uuml;n beyn\u0259lxalq \u0259m\u0259kda\u015fl\u0131q&rdquo; adl\u0131 A\/RES\/74\/274 n&ouml;mr\u0259li q\u0259tnam\u0259l\u0259rin q\u0259bulunu alq\u0131\u015flay\u0131r\u0131q.<\/p>\n<p><strong>3.<\/strong> COVID-19 pandemiyas\u0131na m&uuml;bariz\u0259d\u0259 BMT Ba\u015f katibinin planlar\u0131na v\u0259 t\u0259\u015f\u0259bb&uuml;sl\u0259rin\u0259 tam d\u0259st\u0259k ifad\u0259 edirik.<\/p>\n<p><strong>4.<\/strong> 2020-ci ilin 25 mart tarixli &ldquo;COVID-19 pandemiyas\u0131&rdquo; v\u0259 2020-ci ilin 9 aprel tarixli &ldquo;&Uuml;mumd&uuml;nya S\u0259hiyy\u0259 T\u0259\u015fkilat\u0131na (&Uuml;ST) v\u0259 onun Ba\u015f direktoruna d\u0259st\u0259k&rdquo; adl\u0131 Qo\u015fulmama H\u0259r\u0259kat\u0131n\u0131n \u018flaq\u0259l\u0259ndirici B&uuml;rosunun kommunikel\u0259rini xat\u0131rlad\u0131r\u0131q.<\/p>\n<p><strong>5.<\/strong> B\u0259\u015f\u0259riyy\u0259t &uuml;&ccedil;&uuml;n ciddi problem olan v\u0259 birlik, h\u0259mr\u0259ylik v\u0259 yenil\u0259nmi\u015f &ccedil;oxt\u0259r\u0259fli \u0259m\u0259kda\u015fl\u0131\u011fa \u0259saslanmaqla qlobal reaksiya t\u0259l\u0259b ed\u0259n COVID-19-un s&uuml;r\u0259tl\u0259 yay\u0131lmas\u0131ndan ciddi narahatl\u0131q ifad\u0259 edirik.<\/p>\n<p><strong>6.<\/strong> Pandemiyan\u0131n misli g&ouml;r&uuml;nm\u0259mi\u015f t\u0259sirl\u0259rini, o c&uuml;ml\u0259d\u0259n c\u0259miyy\u0259tl\u0259r\u0259 v\u0259 iqtisadiyyatlara, el\u0259c\u0259 d\u0259 qlobal s\u0259yah\u0259t\u0259 v\u0259 ticar\u0259t\u0259 ciddi z\u0259r\u0259r verdiyini v\u0259 insanlar\u0131n ya\u015fay\u0131\u015f\u0131na da\u011f\u0131d\u0131c\u0131 t\u0259sirini tan\u0131y\u0131r\u0131q.<\/p>\n<p><strong>7. <\/strong>H\u0259m&ccedil;inin, pandemiya n\u0259tic\u0259sind\u0259 \u0259n yoxsul v\u0259 \u0259n k&ouml;vr\u0259k t\u0259b\u0259q\u0259l\u0259rin a\u011f\u0131r \u015f\u0259kild\u0259 z\u0259r\u0259r &ccedil;\u0259kdikl\u0259rini v\u0259 b&ouml;hran\u0131n t\u0259sirinin &ccedil;\u0259tinlikl\u0259 \u0259ld\u0259 edilmi\u015f inki\u015faf nailiyy\u0259tl\u0259rinin &uuml;st&uuml;nd\u0259n x\u0259tt &ccedil;\u0259k\u0259c\u0259yini v\u0259 Dayan\u0131ql\u0131 \u0130nki\u015faf M\u0259qs\u0259dl\u0259rin\u0259 nail olmaq istiqam\u0259tind\u0259 ir\u0259lil\u0259yi\u015f\u0259 mane olaca\u011f\u0131n\u0131 q\u0259bul edirik.<\/p>\n<p><strong>8.<\/strong> M\u0259rk\u0259zind\u0259 Birl\u0259\u015fmi\u015f Mill\u0259tl\u0259r T\u0259\u015fkilat\u0131 olmaqla multilateralizm\u0259 d\u0259st\u0259yimizi bir daha ifad\u0259 edir, BMT-nin Nizamnam\u0259sind\u0259n v\u0259 Dayan\u0131ql\u0131 \u0130nki\u015faf &uuml;zr\u0259 2030-cu il G&uuml;nd\u0259liyind\u0259n qaynaqlanan beyn\u0259lxalq \u0259m\u0259kda\u015fl\u0131q v\u0259 multilateralizm d\u0259y\u0259rl\u0259rinin qorunub saxlanmas\u0131n\u0131n v\u0259 m&ouml;hk\u0259ml\u0259ndirilm\u0259sinin BMT-nin 3 s&uuml;tununun &ndash; s&uuml;lh v\u0259 t\u0259hl&uuml;k\u0259sizlik, inki\u015faf v\u0259 insan h&uuml;quqlar\u0131n\u0131n t\u0259\u015fviqi v\u0259 d\u0259st\u0259kl\u0259nm\u0259sind\u0259 fundamental oldu\u011funu q\u0259bul edirik.<\/p>\n<p><strong>9.<\/strong> D&ouml;vr&uuml;m&uuml;z&uuml;n \u0259n b&ouml;y&uuml;k humanitar b&ouml;hran\u0131 v\u0259 f&ouml;vq\u0259lad\u0259 s\u0259hiyy\u0259 v\u0259ziyy\u0259ti olan COVID-19 pandemiyas\u0131 s\u0259b\u0259bind\u0259n getdikc\u0259 artan probleml\u0259r\u0259 beyn\u0259lxalq ictimaiyy\u0259tin s\u0259m\u0259r\u0259li cavab\u0131n\u0131 t\u0259min etm\u0259k m\u0259qs\u0259dil\u0259 m\u0259sl\u0259h\u0259t, t\u0259lim, avadanl\u0131q v\u0259 insan h\u0259yat\u0131n\u0131 xilas ed\u0259n xidm\u0259tl\u0259r d\u0259 daxil olmaqla &ouml;n x\u0259ttd\u0259 haz\u0131rda oynad\u0131\u011f\u0131 kritik rol v\u0259 r\u0259hb\u0259rliyi tan\u0131yaraq &Uuml;ST v\u0259 onun r\u0259hb\u0259rliyin\u0259 tam d\u0259st\u0259yimizi ifad\u0259 edirik.<\/p>\n<p><strong>10.<\/strong> Birl\u0259\u015fmi\u015f Mill\u0259tl\u0259r T\u0259\u015fkilat\u0131n\u0131n &uuml;zv d&ouml;vl\u0259tl\u0259rini milli, regional v\u0259 beyn\u0259lxalq s\u0259viyy\u0259l\u0259rd\u0259 bu b\u0259laya qar\u015f\u0131 m&uuml;bariz\u0259 aparmaq istiqam\u0259tind\u0259 \u0259m\u0259kda\u015fl\u0131qlar\u0131n\u0131 m&ouml;hk\u0259ml\u0259ndirm\u0259y\u0259 &ccedil;a\u011f\u0131r\u0131r\u0131q.<\/p>\n<p><strong>11.<\/strong> X&uuml;susi vur\u011fulay\u0131r\u0131q ki, bu tip qlobal f&ouml;vq\u0259lad\u0259 v\u0259ziyy\u0259t qar\u015f\u0131s\u0131nda h\u0259mr\u0259ylik ruhu s\u0259yl\u0259rimizin m\u0259rk\u0259zind\u0259 olmal\u0131d\u0131r v\u0259 d\u0259rman vasit\u0259l\u0259ri, tibbi avadanl\u0131q v\u0259 materiallar, yem\u0259k, t\u0259cr&uuml;b\u0259 m&uuml;badil\u0259sin\u0259 ehtiyac\u0131 olan insanlar\u0131n t\u0259min edilm\u0259si istiqam\u0259tind\u0259 h\u0259mr\u0259yliyin v\u0259 ba\u015fqalar\u0131n\u0131n ehtiyac\u0131na laqeyd qalmamaqla \u0259m\u0259kda\u015fl\u0131\u011f\u0131n &uuml;st&uuml;n g\u0259ldiyi yerd\u0259 y&uuml;ks\u0259k s\u0259viyy\u0259li etik v\u0259 humanist yana\u015fma t\u0259l\u0259b olunur.<\/p>\n<p><strong>12.<\/strong> Birl\u0259\u015fmi\u015f Mill\u0259tl\u0259r T\u0259\u015fkilat\u0131n\u0131n Nizamnam\u0259sin\u0259 v\u0259 beyn\u0259lxalq h&uuml;quqa zidd olaraq H\u0259r\u0259kata &uuml;zv d&ouml;vl\u0259tl\u0259r\u0259 qar\u015f\u0131 t\u0259tbiq olunan birt\u0259r\u0259fli m\u0259cburiyy\u0259t t\u0259dbirl\u0259rinin elan olunmas\u0131 v\u0259 t\u0259tbiq edilm\u0259sin\u0259 k\u0259skin \u015f\u0259kild\u0259 pisl\u0259yir, beyn\u0259lxalq h&uuml;quqa uy\u011fun olaraq bel\u0259 t\u0259dbirl\u0259rd\u0259n z\u0259r\u0259r &ccedil;\u0259k\u0259n d&ouml;vl\u0259tl\u0259r\u0259 d\u0259st\u0259yimizi ifad\u0259 edir v\u0259 beyn\u0259lxalq ictimaiyy\u0259ti COVID-19 pandemiyas\u0131na milli cavablar\u0131n s\u0259m\u0259r\u0259liliyini t\u0259min etm\u0259k m\u0259qs\u0259dil\u0259 Birl\u0259\u015fmi\u015f Mill\u0259tl\u0259r T\u0259\u015fkilat\u0131n\u0131n Nizamnam\u0259si v\u0259 ya beyn\u0259lxalq h&uuml;ququn prinsipl\u0259ri il\u0259 ziddiyy\u0259t t\u0259\u015fkil ed\u0259n bel\u0259 t\u0259dbirl\u0259rin istifad\u0259sinin l\u0259\u011fv edilm\u0259si istiqam\u0259tind\u0259 t\u0259cili v\u0259 s\u0259m\u0259r\u0259li t\u0259dbirl\u0259rin q\u0259bul edilm\u0259sin\u0259 &ccedil;a\u011f\u0131r\u0131r\u0131q.<\/p>\n<p><strong>13.<\/strong> M\u0259lumat, elmi bilik v\u0259 \u0259n yax\u015f\u0131 t\u0259cr&uuml;b\u0259 m&uuml;badil\u0259si il\u0259 v\u0259 &Uuml;ST t\u0259r\u0259find\u0259n t&ouml;vsiy\u0259 olunan m&uuml;vafiq qaydalar\u0131 t\u0259tbiq etm\u0259kl\u0259, pandemiyan\u0131nn\u0259zar\u0259td\u0259 saxlanmas\u0131, azald\u0131lmas\u0131 v\u0259 m\u0259\u011flub edilm\u0259si &uuml;&ccedil;&uuml;n intensivl\u0259\u015fdirilmi\u015f beyn\u0259lxalq \u0259m\u0259kda\u015fl\u0131\u011fa &ccedil;a\u011f\u0131r\u0131q.<\/p>\n<p><strong>14.<\/strong> &Uuml;zv d&ouml;vl\u0259tl\u0259rin iqtisadiyyatlar\u0131na pandemiyan\u0131n m\u0259nfi t\u0259sirl\u0259rinin qar\u015f\u0131s\u0131n\u0131 almaq &uuml;&ccedil;&uuml;n birg\u0259 s\u0259yl\u0259rin g&ouml;st\u0259rilm\u0259sinin vacibliyini vur\u011fulay\u0131r\u0131q.<\/p>\n<p><strong>15.<\/strong> COVID-19 n\u0259tic\u0259sind\u0259 yax\u0131nlar\u0131n\u0131 itirmi\u015f ail\u0259l\u0259r\u0259 d\u0259rin h&uuml;znl\u0259 ba\u015fsa\u011fl\u0131\u011f\u0131 verir v\u0259 haz\u0131rda COVID-19 il\u0259 m&uuml;bariz\u0259 aparan v\u0259 m&uuml;alic\u0259 olunan b&uuml;t&uuml;n insanlarla h\u0259mr\u0259y oldu\u011fumuzu bildiririk.<\/p>\n<p><strong>16.<\/strong> Tibbi personal\u0131n v\u0259 s\u0259hiyy\u0259 i\u015f&ccedil;il\u0259rinin bu humanitar f&ouml;vq\u0259lad\u0259 v\u0259ziyy\u0259td\u0259 b&ouml;y&uuml;k t&ouml;hf\u0259l\u0259rin\u0259 v\u0259 f\u0259dakarl\u0131qlar\u0131na g&ouml;r\u0259 minn\u0259tdarl\u0131\u011f\u0131m\u0131z\u0131 bildiririk.<\/p>\n<p><strong>17.<\/strong> S\u0259drlik t\u0259r\u0259find\u0259n m&uuml;mk&uuml;n d\u0259st\u0259k v\u0259 k&ouml;m\u0259klik &uuml;&ccedil;&uuml;n b&uuml;t&uuml;n donor &ouml;lk\u0259l\u0259r\u0259, beyn\u0259lxalq humanitar t\u0259\u015fkilatlara, beyn\u0259lxalq maliyy\u0259 institutlar\u0131na,sosial m\u0259suliyy\u0259t layih\u0259l\u0259ri h\u0259yata ke&ccedil;ir\u0259n transmilli &ouml;z\u0259l t\u0259sisatlara v\u0259 ba\u015fqalar\u0131na t\u0259qdim olunacaq QH &uuml;zv d&ouml;vl\u0259tl\u0259rinin \u0259sas humanitar, tibbi ehtiyac v\u0259 t\u0259l\u0259batlar\u0131n\u0131 ehtiva ed\u0259n m\u0259lumat bazas\u0131n\u0131n i\u015fl\u0259nm\u0259si m\u0259qs\u0259dil\u0259 Qo\u015fulmama H\u0259r\u0259kat\u0131n\u0131n \u0130\u015f&ccedil;i Qrupunun yarad\u0131lmas\u0131n\u0131 q\u0259rara ald\u0131q.<\/p>\n<p><strong>18.<\/strong> Bu vaxt\u0131nda v\u0259 d\u0259y\u0259rli g&ouml;r&uuml;\u015f&uuml;n ke&ccedil;irilm\u0259si t\u0259\u015f\u0259bb&uuml;s&uuml; il\u0259 &ccedil;\u0131x\u0131\u015f etdiyi &uuml;&ccedil;&uuml;n Az\u0259rbaycan Respublikas\u0131n\u0131n Prezidenti v\u0259 Qo\u015fulmama H\u0259r\u0259kat\u0131n\u0131n s\u0259dri zati-alil\u0259ri c\u0259nab \u0130lham \u018fliyev\u0259 minn\u0259tdarl\u0131\u011f\u0131m\u0131z\u0131 bildiririk.<\/p>\n","protected":false},"excerpt":{"rendered":"<p>2020-ci ilin 4 may tarixind\u0259 COVID-19 pandemiyas\u0131n\u0131n misli g&ouml;r&uuml;nm\u0259mi\u015f t\u0259sirl\u0259ri il\u0259 m&uuml;bariz\u0259d\u0259 qlobal s\u0259yl\u0259r\u0259 s\u0259m\u0259r\u0259li t&ouml;hf\u0259 verm\u0259k m\u0259qs\u0259di il\u0259 Az\u0259rbaycan Prezidenti v\u0259 Qo\u015fulmama H\u0259r\u0259kat\u0131n\u0131n s\u0259dri \u0130lham \u018fliyevin t\u0259\u015f\u0259bb&uuml;s&uuml; il\u0259 &ldquo;COVID-19-a&hellip;<\/p>\n","protected":false},"author":1,"featured_media":251278,"comment_status":"open","ping_status":"open","sticky":false,"template":"","format":"standard","meta":{"_lmt_disableupdate":"","_lmt_disable":"","footnotes":""},"categories":[],"tags":[],"class_list":["post-97293","post","type-post","status-publish","format-standard","has-post-thumbnail","hentry"],"_links":{"self":[{"href":"https:\/\/ucnoqta.az\/index.php?rest_route=\/wp\/v2\/posts\/97293","targetHints":{"allow":["GET"]}}],"collection":[{"href":"https:\/\/ucnoqta.az\/index.php?rest_route=\/wp\/v2\/posts"}],"about":[{"href":"https:\/\/ucnoqta.az\/index.php?rest_route=\/wp\/v2\/types\/post"}],"author":[{"embeddable":true,"href":"https:\/\/ucnoqta.az\/index.php?rest_route=\/wp\/v2\/users\/1"}],"replies":[{"embeddable":true,"href":"https:\/\/ucnoqta.az\/index.php?rest_route=%2Fwp%2Fv2%2Fcomments&post=97293"}],"version-history":[{"count":0,"href":"https:\/\/ucnoqta.az\/index.php?rest_route=\/wp\/v2\/posts\/97293\/revisions"}],"wp:featuredmedia":[{"embeddable":true,"href":"https:\/\/ucnoqta.az\/index.php?rest_route=\/wp\/v2\/media\/251278"}],"wp:attachment":[{"href":"https:\/\/ucnoqta.az\/index.php?rest_route=%2Fwp%2Fv2%2Fmedia&parent=97293"}],"wp:term":[{"taxonomy":"category","embeddable":true,"href":"https:\/\/ucnoqta.az\/index.php?rest_route=%2Fwp%2Fv2%2Fcategories&post=97293"},{"taxonomy":"post_tag","embeddable":true,"href":"https:\/\/ucnoqta.az\/index.php?rest_route=%2Fwp%2Fv2%2Ftags&post=97293"}],"curies":[{"name":"wp","href":"https:\/\/api.w.org\/{rel}","templated":true}]}}