{"id":97289,"date":"2020-05-04T19:55:50","date_gmt":"2020-05-04T15:55:50","guid":{"rendered":""},"modified":"-0001-11-30T00:00:00","modified_gmt":"-0001-11-29T20:00:00","slug":"","status":"publish","type":"post","link":"https:\/\/ucnoqta.az\/?p=97289","title":{"rendered":"Bug\u00fcnk\u00fc 52 koronavirusa yoluxma fakt\u0131n\u0131n 32-si bu \u015f\u0259h\u0259rd\u0259 qeyd\u0259 al\u0131n\u0131b &#8211; <font color=red><b>A\u00c7IQLAMA<\/b><\/font>"},"content":{"rendered":"<p><strong>&ldquo;&Ouml;t\u0259n g&uuml;n \u0259rzind\u0259 Az\u0259rbaycanda 52 yeni koronavirusa yoluxma hal\u0131 a\u015fkarlan\u0131b. Bunun 32-si yaln\u0131z G\u0259nc\u0259d\u0259 qeyd\u0259 al\u0131n\u0131b&rdquo;.<\/strong><\/p>\n<p>Bunu Nazirl\u0259r Kabineti yan\u0131nda Operativ Q\u0259rargah\u0131n &uuml;zv&uuml;, yoluxucu x\u0259st\u0259likl\u0259r &uuml;zr\u0259 i\u015f&ccedil;i qrupun r\u0259hb\u0259ri Vasif \u018fliyev deyib. Onun s&ouml;zl\u0259rin\u0259 g&ouml;r\u0259, G\u0259nc\u0259d\u0259ki epidemioloji v\u0259ziyy\u0259tin a\u011f\u0131rla\u015fmas\u0131 karantin rejiminin ciddi pozuldu\u011funu g&ouml;st\u0259rir:<\/p>\n<p>&ldquo;Bu yax\u0131nlarda G\u0259nc\u0259d\u0259 bel\u0259 y&uuml;ks\u0259k insident nisb\u0259ti qeyd\u0259 al\u0131n\u0131b ki, bu da sakinl\u0259rin karantin rejiminin t\u0259l\u0259bl\u0259rind\u0259n yay\u0131nd\u0131\u011f\u0131n\u0131 g&ouml;st\u0259rir. Bu, t\u0259kc\u0259 G\u0259nc\u0259y\u0259 deyil, &ouml;lk\u0259nin dig\u0259r b&ouml;y&uuml;k \u015f\u0259h\u0259rl\u0259rin\u0259 d\u0259 aiddir. Karantin rejimi y&uuml;ng&uuml;ll\u0259\u015fdirildikd\u0259n sonra daha &ccedil;ox insan f\u0259rdi m&uuml;hafiz\u0259 qaydalar\u0131na m\u0259h\u0259l qoymadan k&uuml;&ccedil;\u0259l\u0259r\u0259 &ccedil;\u0131xma\u011fa ba\u015flad\u0131.<\/p>\n<p>V\u0259t\u0259nda\u015flar art\u0131q sosial m\u0259saf\u0259y\u0259 riay\u0259t etmirl\u0259r v\u0259 maskalar taxm\u0131rlar. H&ouml;kum\u0259t x\u0259st\u0259liyin yay\u0131lmas\u0131 il\u0259 m&uuml;bariz\u0259 &uuml;&ccedil;&uuml;n b&uuml;t&uuml;n t\u0259dbirl\u0259ri g&ouml;rd&uuml;, indi v\u0259t\u0259nda\u015flar m\u0259suliyy\u0259tli olmal\u0131 v\u0259 karantin t\u0259dbirl\u0259rin\u0259 ciddi riay\u0259t etm\u0259lidirl\u0259r&rdquo;.\/\/\/trend<\/p>\n","protected":false},"excerpt":{"rendered":"<p>&ldquo;&Ouml;t\u0259n g&uuml;n \u0259rzind\u0259 Az\u0259rbaycanda 52 yeni koronavirusa yoluxma hal\u0131 a\u015fkarlan\u0131b. Bunun 32-si yaln\u0131z G\u0259nc\u0259d\u0259 qeyd\u0259 al\u0131n\u0131b&rdquo;. Bunu Nazirl\u0259r Kabineti yan\u0131nda Operativ Q\u0259rargah\u0131n &uuml;zv&uuml;, yoluxucu x\u0259st\u0259likl\u0259r &uuml;zr\u0259 i\u015f&ccedil;i qrupun r\u0259hb\u0259ri Vasif&hellip;<\/p>\n","protected":false},"author":1,"featured_media":251278,"comment_status":"open","ping_status":"open","sticky":false,"template":"","format":"standard","meta":{"_lmt_disableupdate":"","_lmt_disable":"","footnotes":""},"categories":[],"tags":[],"class_list":["post-97289","post","type-post","status-publish","format-standard","has-post-thumbnail","hentry"],"_links":{"self":[{"href":"https:\/\/ucnoqta.az\/index.php?rest_route=\/wp\/v2\/posts\/97289","targetHints":{"allow":["GET"]}}],"collection":[{"href":"https:\/\/ucnoqta.az\/index.php?rest_route=\/wp\/v2\/posts"}],"about":[{"href":"https:\/\/ucnoqta.az\/index.php?rest_route=\/wp\/v2\/types\/post"}],"author":[{"embeddable":true,"href":"https:\/\/ucnoqta.az\/index.php?rest_route=\/wp\/v2\/users\/1"}],"replies":[{"embeddable":true,"href":"https:\/\/ucnoqta.az\/index.php?rest_route=%2Fwp%2Fv2%2Fcomments&post=97289"}],"version-history":[{"count":0,"href":"https:\/\/ucnoqta.az\/index.php?rest_route=\/wp\/v2\/posts\/97289\/revisions"}],"wp:featuredmedia":[{"embeddable":true,"href":"https:\/\/ucnoqta.az\/index.php?rest_route=\/wp\/v2\/media\/251278"}],"wp:attachment":[{"href":"https:\/\/ucnoqta.az\/index.php?rest_route=%2Fwp%2Fv2%2Fmedia&parent=97289"}],"wp:term":[{"taxonomy":"category","embeddable":true,"href":"https:\/\/ucnoqta.az\/index.php?rest_route=%2Fwp%2Fv2%2Fcategories&post=97289"},{"taxonomy":"post_tag","embeddable":true,"href":"https:\/\/ucnoqta.az\/index.php?rest_route=%2Fwp%2Fv2%2Ftags&post=97289"}],"curies":[{"name":"wp","href":"https:\/\/api.w.org\/{rel}","templated":true}]}}