{"id":97288,"date":"2020-05-04T19:30:10","date_gmt":"2020-05-04T15:30:10","guid":{"rendered":""},"modified":"-0001-11-30T00:00:00","modified_gmt":"-0001-11-29T20:00:00","slug":"","status":"publish","type":"post","link":"https:\/\/ucnoqta.az\/?p=97288","title":{"rendered":"Vergi \u00f6d\u0259m\u0259l\u0259rinin vaxt\u0131 uzad\u0131ld\u0131"},"content":{"rendered":"<p><strong>X&uuml;susi karantin d&ouml;vr&uuml; il\u0259 \u0259laq\u0259dar (31 mart &#8211; 31 may) vergi hesabatlar\u0131n\u0131n verilm\u0259sinin v\u0259 vergil\u0259rin &ouml;d\u0259nilm\u0259sinin son m&uuml;dd\u0259tin\u0259 d\u0259yi\u015fiklikl\u0259r edilib.<\/strong><\/p>\n<p>Bu bar\u0259d\u0259 &ldquo;Qafqazinfo&rdquo;ya \u0130qtisadiyyat Nazirliyi yan\u0131nda D&ouml;vl\u0259t Vergi Xidm\u0259tind\u0259n m\u0259lumat verilib.<\/p>\n<p>Bel\u0259 ki, f\u0259aliyy\u0259tin\u0259 icaz\u0259 veril\u0259n, o c&uuml;ml\u0259d\u0259n regionlar &uuml;zr\u0259 f\u0259aliyy\u0259tin\u0259 icaz\u0259 veril\u0259n sah\u0259l\u0259r &uuml;zr\u0259 vergi &ouml;d\u0259yicil\u0259ri t\u0259r\u0259find\u0259n &ouml;t\u0259n ilin yekunlar\u0131na g&ouml;r\u0259 m\u0259nf\u0259\u0259t (g\u0259lir) v\u0259 \u0259mlak vergisi &uuml;&ccedil;&uuml;n illik hesabatlar\u0131n, bu ilin fevral v\u0259 mart ay\u0131 &uuml;&ccedil;&uuml;n ayl\u0131q hesabatlar\u0131n v\u0259 cari ilin birinci r&uuml;b&uuml; &uuml;&ccedil;&uuml;n r&uuml;bl&uuml;k hesabatlar\u0131n, habel\u0259 cari vergi &ouml;d\u0259m\u0259l\u0259ri &uuml;zr\u0259 m&uuml;vafiq aray\u0131\u015f\u0131n verilm\u0259si v\u0259 vergil\u0259rin, o c&uuml;ml\u0259d\u0259n cari vergil\u0259rin &ouml;d\u0259nilm\u0259si m&uuml;dd\u0259ti may\u0131n 5-n\u0259 q\u0259d\u0259rdir.<\/p>\n<p>Bundan ba\u015fqa, f\u0259aliyy\u0259ti m\u0259hdudla\u015fd\u0131r\u0131lm\u0131\u015f, o c&uuml;ml\u0259d\u0259n regionlar &uuml;zr\u0259 f\u0259aliyy\u0259ti m\u0259hdudla\u015fd\u0131r\u0131lm\u0131\u015f sah\u0259l\u0259r &uuml;zr\u0259 vergi &ouml;d\u0259yicil\u0259ri t\u0259r\u0259find\u0259n &ouml;t\u0259n ilin yekunlar\u0131na g&ouml;r\u0259 m\u0259nf\u0259\u0259t (g\u0259lir) v\u0259 \u0259mlak vergisi &uuml;&ccedil;&uuml;n illik hesabatlar\u0131n, bu ilin fevral, mart v\u0259 aprel ay\u0131 &uuml;&ccedil;&uuml;n ayl\u0131q hesabatlar\u0131n v\u0259 cari ilin I r&uuml;b&uuml; &uuml;&ccedil;&uuml;n r&uuml;bl&uuml;k hesabatlar\u0131n, habel\u0259 cari vergi &ouml;d\u0259m\u0259l\u0259ri &uuml;zr\u0259 m&uuml;vafiq aray\u0131\u015f\u0131n verilm\u0259si v\u0259 vergil\u0259rin, o c&uuml;ml\u0259d\u0259n cari vergil\u0259rin &ouml;d\u0259nilm\u0259si m&uuml;dd\u0259ti may\u0131n 31-n\u0259 q\u0259d\u0259r uzad\u0131l\u0131b.<\/p>\n<p>Qeyd ed\u0259k ki, koronavirus (COVID-19) infeksiyas\u0131n\u0131n yay\u0131lmas\u0131n\u0131n qar\u015f\u0131s\u0131n\u0131n al\u0131nmas\u0131 m\u0259qs\u0259dil\u0259 Az\u0259rbaycan Respublikas\u0131n\u0131n \u0259razisind\u0259 x&uuml;susi karantin rejimi t\u0259tbiq edilir v\u0259 Az\u0259rbaycan Respublikas\u0131 Nazirl\u0259r Kabinetinin &ldquo;Az\u0259rbaycan Respublikas\u0131n\u0131n \u0259razisind\u0259 x&uuml;susi karantin rejiminin m&uuml;dd\u0259tinin uzad\u0131lmas\u0131 v\u0259 h\u0259min rejiml\u0259 \u0259laq\u0259dar t\u0259tbiq edil\u0259n b\u0259zi m\u0259hdudiyy\u0259tl\u0259rin aradan qald\u0131r\u0131lmas\u0131 bar\u0259d\u0259&rdquo; 1 may 2020-ci il tarixli 163 n&ouml;mr\u0259li Q\u0259rar\u0131 il\u0259 &ouml;lk\u0259 \u0259razisind\u0259 x&uuml;susi karantin rejiminin m&uuml;dd\u0259ti bu il may\u0131n 31-i saat 00:00-d\u0259k uzad\u0131l\u0131b.<\/p>\n<p>&nbsp;<\/p>\n","protected":false},"excerpt":{"rendered":"<p>X&uuml;susi karantin d&ouml;vr&uuml; il\u0259 \u0259laq\u0259dar (31 mart &#8211; 31 may) vergi hesabatlar\u0131n\u0131n verilm\u0259sinin v\u0259 vergil\u0259rin &ouml;d\u0259nilm\u0259sinin son m&uuml;dd\u0259tin\u0259 d\u0259yi\u015fiklikl\u0259r edilib. Bu bar\u0259d\u0259 &ldquo;Qafqazinfo&rdquo;ya \u0130qtisadiyyat Nazirliyi yan\u0131nda D&ouml;vl\u0259t Vergi Xidm\u0259tind\u0259n m\u0259lumat&hellip;<\/p>\n","protected":false},"author":1,"featured_media":251278,"comment_status":"open","ping_status":"open","sticky":false,"template":"","format":"standard","meta":{"_lmt_disableupdate":"","_lmt_disable":"","footnotes":""},"categories":[],"tags":[],"class_list":["post-97288","post","type-post","status-publish","format-standard","has-post-thumbnail","hentry"],"_links":{"self":[{"href":"https:\/\/ucnoqta.az\/index.php?rest_route=\/wp\/v2\/posts\/97288","targetHints":{"allow":["GET"]}}],"collection":[{"href":"https:\/\/ucnoqta.az\/index.php?rest_route=\/wp\/v2\/posts"}],"about":[{"href":"https:\/\/ucnoqta.az\/index.php?rest_route=\/wp\/v2\/types\/post"}],"author":[{"embeddable":true,"href":"https:\/\/ucnoqta.az\/index.php?rest_route=\/wp\/v2\/users\/1"}],"replies":[{"embeddable":true,"href":"https:\/\/ucnoqta.az\/index.php?rest_route=%2Fwp%2Fv2%2Fcomments&post=97288"}],"version-history":[{"count":0,"href":"https:\/\/ucnoqta.az\/index.php?rest_route=\/wp\/v2\/posts\/97288\/revisions"}],"wp:featuredmedia":[{"embeddable":true,"href":"https:\/\/ucnoqta.az\/index.php?rest_route=\/wp\/v2\/media\/251278"}],"wp:attachment":[{"href":"https:\/\/ucnoqta.az\/index.php?rest_route=%2Fwp%2Fv2%2Fmedia&parent=97288"}],"wp:term":[{"taxonomy":"category","embeddable":true,"href":"https:\/\/ucnoqta.az\/index.php?rest_route=%2Fwp%2Fv2%2Fcategories&post=97288"},{"taxonomy":"post_tag","embeddable":true,"href":"https:\/\/ucnoqta.az\/index.php?rest_route=%2Fwp%2Fv2%2Ftags&post=97288"}],"curies":[{"name":"wp","href":"https:\/\/api.w.org\/{rel}","templated":true}]}}