{"id":97287,"date":"2020-05-04T19:25:40","date_gmt":"2020-05-04T15:25:40","guid":{"rendered":""},"modified":"-0001-11-30T00:00:00","modified_gmt":"-0001-11-29T20:00:00","slug":"","status":"publish","type":"post","link":"https:\/\/ucnoqta.az\/?p=97287","title":{"rendered":"Tural G\u0259nc\u0259liyev: <font color=red><b>&#8220;Erm\u0259nistan v\u0259 \u0259lalt\u0131lar\u0131 \u00e7ox \u015fey dan\u0131\u015fa bil\u0259rl\u0259r&#8221;<\/b><\/font>"},"content":{"rendered":"<p><strong>&quot;Son g&uuml;nl\u0259r i\u015f\u011fal&ccedil;\u0131 Erm\u0259nistan\u0131n siyasi dair\u0259l\u0259rind\u0259 aktiv \u015f\u0259kild\u0259 m&uuml;zakir\u0259 edil\u0259n m&ouml;vzu Qor&ccedil;akov Fondunun t\u0259\u015fkil etdiyi onlayn m&uuml;zakir\u0259l\u0259r zaman\u0131 Rusiya Federasiyas\u0131n\u0131n xarici i\u015fl\u0259r naziri Serqey Lavrovun Erm\u0259nistan-Az\u0259rbaycan m&uuml;naqi\u015f\u0259sinin m\u0259rh\u0259l\u0259li h\u0259llin\u0259 dair cari v\u0259ziyy\u0259t bar\u0259sind\u0259ki a&ccedil;\u0131qlamas\u0131d\u0131r. Bununla ba\u011fl\u0131, Erm\u0259nistan r\u0259hb\u0259rliyi v\u0259 Az\u0259rbaycan\u0131n i\u015f\u011fal edilmi\u015f Qaraba\u011f b&ouml;lg\u0259sind\u0259ki qanunsuz rejimin &ldquo;n&uuml;may\u0259nd\u0259l\u0259ri&rdquo; t\u0259r\u0259find\u0259n ard-arda he&ccedil; bir \u0259sas\u0131 olmayan a&ccedil;\u0131qlamalar s\u0259sl\u0259ndirilir&quot;.<\/strong><\/p>\n<p>Bunu&nbsp;Az\u0259rbaycan Respublikas\u0131n\u0131n Da\u011fl\u0131q Qaraba\u011f b&ouml;lg\u0259sinin az\u0259rbaycanl\u0131 icmas\u0131n\u0131n r\u0259hb\u0259ri, deputat&nbsp;Tural G\u0259nc\u0259liyev&nbsp;bildirib.<\/p>\n<p>&quot;M\u0259n, Az\u0259rbaycan Respublikas\u0131n\u0131n Da\u011fl\u0131q Qaraba\u011f b&ouml;lg\u0259sinin h&uuml;quqi \u0259saslarla se&ccedil;il\u0259n n&uuml;may\u0259nd\u0259si olaraq bildirir\u0259m ki, bel\u0259 fikirl\u0259r tam \u0259h\u0259miyy\u0259tsizdir v\u0259 i\u015f\u011fal fakt\u0131n\u0131 &ouml;rt-basd\u0131r etm\u0259k m\u0259qs\u0259dl\u0259rin\u0259 xidm\u0259t edir. Qeyd etm\u0259k ist\u0259yir\u0259m ki, m&uuml;naqi\u015f\u0259 ist\u0259nil\u0259n halda Az\u0259rbaycan Respublikas\u0131n\u0131n Konstitusiyas\u0131n\u0131n 11-ci madd\u0259sin\u0259 uy\u011fun \u015f\u0259kild\u0259 nizamlanacaq. H\u0259min madd\u0259d\u0259 is\u0259 ayd\u0131n \u015f\u0259kild\u0259 bildirilir ki, Az\u0259rbaycan Respublikas\u0131n\u0131n \u0259razisi vahiddir, toxunulmazd\u0131r v\u0259 b&ouml;l&uuml;nm\u0259zdir&quot;, &#8211; o qeyd edib.<\/p>\n<p>Deputat deyib ki,&nbsp;Erm\u0259nistan v\u0259 onun i\u015f\u011fal olunmu\u015f Az\u0259rbaycan \u0259razil\u0259rind\u0259ki \u0259lalt\u0131lar\u0131 &ccedil;ox \u015fey dan\u0131\u015fa bil\u0259rl\u0259r, amma beyn\u0259lxalq ictimaiyy\u0259tin r\u0259yi Erm\u0259nistan-Az\u0259rbaycan m&uuml;naqi\u015f\u0259sinin h\u0259llind\u0259 m&uuml;st\u0259sna \u0259h\u0259miyy\u0259t k\u0259sb etm\u0259kd\u0259dir v\u0259 d&uuml;nya birliyi Erm\u0259nistan\u0131n i\u015f\u011fal&ccedil;\u0131l\u0131q siyas\u0259tin\u0259 qar\u015f\u0131 \u0259dal\u0259tli v\u0259 s\u0259rt m&ouml;vqe tutub: &quot;Bu m&ouml;vqe ist\u0259r BMT T\u0259hl&uuml;k\u0259sizlik \u015euras\u0131n\u0131n q\u0259tnam\u0259l\u0259rind\u0259, ist\u0259r &ccedil;ox sayl\u0131 beyn\u0259lxalq t\u0259\u015fkilatlar\u0131n q\u0259rarlar\u0131nda, ist\u0259rs\u0259 d\u0259, &ccedil;ox q\u0131sa m&uuml;dd\u0259t &ouml;nc\u0259 Az\u0259rbaycan\u0131n i\u015f\u011fal olunmu\u015f \u0259razil\u0259rind\u0259 Erm\u0259nistan\u0131n t\u0259\u015fkil etdiyi qondarma &ldquo;se&ccedil;kil\u0259r\u0259&rdquo; d&uuml;nya ictimaiyy\u0259tinin k\u0259skin reaksiyas\u0131nda bir daha &ouml;z t\u0259sdiqini tap\u0131b. Erm\u0259nistan Az\u0259rbaycan \u0259razil\u0259rinin i\u015f\u011fal\u0131 s\u0259b\u0259bind\u0259n beyn\u0259lxalq arenada t\u0259k qalmaqdad\u0131r.<\/p>\n<p>M&uuml;drik Az\u0259rbaycan xalq\u0131n\u0131n atalar s&ouml;z&uuml;n&uuml; xat\u0131rlatmaq ist\u0259rdim: Suda bo\u011fulan saman &ccedil;&ouml;p&uuml;nd\u0259n yap\u0131\u015far! G&ouml;r&uuml;n&uuml;r ki, Erm\u0259nistan r\u0259hb\u0259rliyi v\u0259 onun i\u015f\u011fal olunmu\u015f \u0259razil\u0259rd\u0259ki \u0259lalt\u0131lar\u0131 bu tipli \u0259sass\u0131z b\u0259yanatlarla daxili auditoriyan\u0131 sakitl\u0259\u015fdirm\u0259y\u0259 &ccedil;al\u0131\u015f\u0131rlar. Amma, Az\u0259rbaycan\u0131n beyn\u0259lxalq s\u0259viyy\u0259d\u0259 tan\u0131nm\u0131\u015f \u0259razi b&uuml;t&ouml;vl&uuml;y&uuml;, Erm\u0259nistan qo\u015funlar\u0131n\u0131n i\u015f\u011fal olunmu\u015f \u0259razil\u0259rd\u0259n &ccedil;\u0131xar\u0131lmas\u0131 v\u0259 m\u0259cburi k&ouml;&ccedil;&uuml;nl\u0259rin &ouml;z torpaqlar\u0131na geri qaytar\u0131lmas\u0131 m&uuml;naqi\u015f\u0259nin ist\u0259nil\u0259n h\u0259lli variant\u0131n\u0131n \u0259sas b\u0259ndl\u0259rind\u0259n olacaq&quot;.<\/p>\n<p>&quot;Erm\u0259nistan ordusu Az\u0259rbaycan\u0131n Da\u011fl\u0131q Qaraba\u011f b&ouml;lg\u0259sinin erm\u0259ni icmas\u0131 &uuml;&ccedil;&uuml;n &ldquo;t\u0259hl&uuml;k\u0259sizlik t\u0259minat&ccedil;\u0131s\u0131&rdquo; deyil v\u0259 ola da bilm\u0259z. Az\u0259rbaycan Respublikas\u0131n\u0131n Da\u011fl\u0131q Qaraba\u011f b&ouml;lg\u0259sinin erm\u0259ni icmas\u0131 bu h\u0259qiq\u0259ti &ccedil;ox yax\u015f\u0131 anlay\u0131r v\u0259 \u0259g\u0259r regionda s&uuml;lh\u0259 nail olmaqda maraql\u0131d\u0131rsa, o zaman \u0259n q\u0131sa vaxtda biziml\u0259 birlikd\u0259 Erm\u0259nistan qo\u015funlar\u0131n\u0131n Az\u0259rbaycan\u0131n i\u015f\u011fal olunmu\u015f \u0259razil\u0259rind\u0259n &ccedil;\u0131xar\u0131lmas\u0131n\u0131 t\u0259l\u0259b etm\u0259lidir.<\/p>\n<p>Bu g&uuml;n\u0259 q\u0259d\u0259r Az\u0259rbaycan\u0131n b&uuml;t&uuml;n h\u0259rbi v\u0259 siyasi imkanlar\u0131na r\u0259\u011fm\u0259n, m&uuml;naqi\u015f\u0259ni s&uuml;lh yolu il\u0259 h\u0259ll etm\u0259y\u0259 istiqam\u0259tl\u0259nmi\u015f s\u0259yl\u0259ri m\u0259hz Az\u0259rbaycan Respublikas\u0131n\u0131n insan h\u0259yat\u0131na verdiyi d\u0259y\u0259rin g&ouml;st\u0259ricisidir. Az\u0259rbaycan\u0131n s&uuml;lhp\u0259rv\u0259r davran\u0131\u015flar\u0131 h\u0259m d\u0259 AT\u018fT-in Minsk Qrupu t\u0259r\u0259find\u0259n h\u0259yata ke&ccedil;iril\u0259n s&uuml;lhyaratma missiyas\u0131na olan h&ouml;rm\u0259tin bir g&ouml;st\u0259ricisidir.<\/p>\n<p>Az\u0259rbaycan Respublikas\u0131n\u0131n Da\u011fl\u0131q Qaraba\u011f b&ouml;lg\u0259sinin az\u0259rbaycanl\u0131 icmas\u0131 olaraq biz \u0259minik ki, tezlikl\u0259 m&uuml;naqi\u015f\u0259 h\u0259ll olunacaq v\u0259 bizim pozulmu\u015f h&uuml;quqlar\u0131m\u0131z tam b\u0259rpa edil\u0259c\u0259k. Da\u011fl\u0131q Qaraba\u011f b&ouml;lg\u0259mizin erm\u0259ni icmas\u0131 il\u0259 birg\u0259, Az\u0259rbaycan Respublikas\u0131n\u0131n v\u0259t\u0259nda\u015f\u0131 olma\u011f\u0131n qazand\u0131rd\u0131\u011f\u0131 m&uuml;st\u0259sna &uuml;st&uuml;nl&uuml;kl\u0259rd\u0259n yararlanaraq s&uuml;lh \u015f\u0259raitind\u0259 ya\u015fayaca\u011f\u0131q&quot;, &#8211; T.G\u0259nc\u0259liyev vur\u011fulay\u0131b.\/\/\/report<\/p>\n<p>&nbsp;<\/p>\n","protected":false},"excerpt":{"rendered":"<p>&quot;Son g&uuml;nl\u0259r i\u015f\u011fal&ccedil;\u0131 Erm\u0259nistan\u0131n siyasi dair\u0259l\u0259rind\u0259 aktiv \u015f\u0259kild\u0259 m&uuml;zakir\u0259 edil\u0259n m&ouml;vzu Qor&ccedil;akov Fondunun t\u0259\u015fkil etdiyi onlayn m&uuml;zakir\u0259l\u0259r zaman\u0131 Rusiya Federasiyas\u0131n\u0131n xarici i\u015fl\u0259r naziri Serqey Lavrovun Erm\u0259nistan-Az\u0259rbaycan m&uuml;naqi\u015f\u0259sinin m\u0259rh\u0259l\u0259li h\u0259llin\u0259 dair&hellip;<\/p>\n","protected":false},"author":1,"featured_media":251278,"comment_status":"open","ping_status":"open","sticky":false,"template":"","format":"standard","meta":{"_lmt_disableupdate":"","_lmt_disable":"","footnotes":""},"categories":[],"tags":[],"class_list":["post-97287","post","type-post","status-publish","format-standard","has-post-thumbnail","hentry"],"_links":{"self":[{"href":"https:\/\/ucnoqta.az\/index.php?rest_route=\/wp\/v2\/posts\/97287","targetHints":{"allow":["GET"]}}],"collection":[{"href":"https:\/\/ucnoqta.az\/index.php?rest_route=\/wp\/v2\/posts"}],"about":[{"href":"https:\/\/ucnoqta.az\/index.php?rest_route=\/wp\/v2\/types\/post"}],"author":[{"embeddable":true,"href":"https:\/\/ucnoqta.az\/index.php?rest_route=\/wp\/v2\/users\/1"}],"replies":[{"embeddable":true,"href":"https:\/\/ucnoqta.az\/index.php?rest_route=%2Fwp%2Fv2%2Fcomments&post=97287"}],"version-history":[{"count":0,"href":"https:\/\/ucnoqta.az\/index.php?rest_route=\/wp\/v2\/posts\/97287\/revisions"}],"wp:featuredmedia":[{"embeddable":true,"href":"https:\/\/ucnoqta.az\/index.php?rest_route=\/wp\/v2\/media\/251278"}],"wp:attachment":[{"href":"https:\/\/ucnoqta.az\/index.php?rest_route=%2Fwp%2Fv2%2Fmedia&parent=97287"}],"wp:term":[{"taxonomy":"category","embeddable":true,"href":"https:\/\/ucnoqta.az\/index.php?rest_route=%2Fwp%2Fv2%2Fcategories&post=97287"},{"taxonomy":"post_tag","embeddable":true,"href":"https:\/\/ucnoqta.az\/index.php?rest_route=%2Fwp%2Fv2%2Ftags&post=97287"}],"curies":[{"name":"wp","href":"https:\/\/api.w.org\/{rel}","templated":true}]}}