{"id":97285,"date":"2020-05-04T18:16:04","date_gmt":"2020-05-04T14:16:04","guid":{"rendered":""},"modified":"-0001-11-30T00:00:00","modified_gmt":"-0001-11-29T20:00:00","slug":"","status":"publish","type":"post","link":"https:\/\/ucnoqta.az\/?p=97285","title":{"rendered":"AMEA \u0259m\u0259kda\u015flar\u0131n\u0131n bir hiss\u0259si i\u015f\u0259 \u00e7\u0131xacaq<font color=red><b> &#8211; S\u018fR\u018fNCAM<\/b><\/font>"},"content":{"rendered":"<p><strong>Az\u0259rbaycan Milli Elml\u0259r Akademiyas\u0131n\u0131n (AMEA) prezidenti, akademik Ramiz Mehdiyev &ouml;lk\u0259 \u0259razisind\u0259 x&uuml;susi karantin rejiminin uzad\u0131lmas\u0131 il\u0259 \u0259laq\u0259dar AMEA \u0259m\u0259kda\u015flar\u0131n\u0131n i\u015f\u0259 davamiyy\u0259tinin t\u0259nziml\u0259nm\u0259si haqq\u0131nda s\u0259r\u0259ncam imzalay\u0131b.<\/strong><\/p>\n<p>\nS\u0259r\u0259ncamda karantin rejimi m&uuml;dd\u0259tind\u0259 i\u015f&ccedil;il\u0259rin onlar\u0131n &uuml;mumi say\u0131n\u0131n 30 faizind\u0259n &ccedil;ox olmamaq \u015f\u0259rti il\u0259 i\u015f\u0259 c\u0259lb edilm\u0259sin\u0259 v\u0259 z\u0259ruri hallarda n&ouml;vb\u0259liliyin t\u0259tbiq edilm\u0259sin\u0259 icaz\u0259 verildiyi qeyd olunub.<\/p>\n<p>S\u0259r\u0259ncamla AMEA-n\u0131n b&uuml;t&uuml;n elmi m&uuml;\u0259ssis\u0259, t\u0259\u015fkilat v\u0259 xidm\u0259tl\u0259rinin r\u0259hb\u0259rl\u0259rin\u0259 i\u015f\u0259 c\u0259lb edil\u0259n v\u0259 edilm\u0259y\u0259n i\u015f&ccedil;il\u0259rin pandemiya v\u0259 karantin \u015f\u0259raitinin qaydalar\u0131na ciddi riay\u0259t etm\u0259l\u0259ri, i\u015f\u0259 c\u0259lb edil\u0259n i\u015f&ccedil;il\u0259r xidm\u0259ti v\u0259siq\u0259 v\u0259 dig\u0259r z\u0259ruri s\u0259n\u0259dl\u0259rl\u0259 t\u0259min edilm\u0259li, xidm\u0259ti v\u0259siq\u0259l\u0259rd\u0259n sui-istifad\u0259 hallar\u0131na yol verilm\u0259m\u0259si &uuml;&ccedil;&uuml;n tap\u015f\u0131r\u0131q verilib.<\/p>\n<p>S\u0259r\u0259ncam\u0131n icras\u0131na n\u0259zar\u0259t AMEA-n\u0131n akademik-katibi \u018fmina\u011fa Sad\u0131qova h\u0259val\u0259 edilib.\/report<\/p>\n<p>&nbsp;<\/p>\n","protected":false},"excerpt":{"rendered":"<p>Az\u0259rbaycan Milli Elml\u0259r Akademiyas\u0131n\u0131n (AMEA) prezidenti, akademik Ramiz Mehdiyev &ouml;lk\u0259 \u0259razisind\u0259 x&uuml;susi karantin rejiminin uzad\u0131lmas\u0131 il\u0259 \u0259laq\u0259dar AMEA \u0259m\u0259kda\u015flar\u0131n\u0131n i\u015f\u0259 davamiyy\u0259tinin t\u0259nziml\u0259nm\u0259si haqq\u0131nda s\u0259r\u0259ncam imzalay\u0131b. S\u0259r\u0259ncamda karantin rejimi m&uuml;dd\u0259tind\u0259 i\u015f&ccedil;il\u0259rin&hellip;<\/p>\n","protected":false},"author":1,"featured_media":251278,"comment_status":"open","ping_status":"open","sticky":false,"template":"","format":"standard","meta":{"_lmt_disableupdate":"","_lmt_disable":"","footnotes":""},"categories":[],"tags":[],"class_list":["post-97285","post","type-post","status-publish","format-standard","has-post-thumbnail","hentry"],"_links":{"self":[{"href":"https:\/\/ucnoqta.az\/index.php?rest_route=\/wp\/v2\/posts\/97285","targetHints":{"allow":["GET"]}}],"collection":[{"href":"https:\/\/ucnoqta.az\/index.php?rest_route=\/wp\/v2\/posts"}],"about":[{"href":"https:\/\/ucnoqta.az\/index.php?rest_route=\/wp\/v2\/types\/post"}],"author":[{"embeddable":true,"href":"https:\/\/ucnoqta.az\/index.php?rest_route=\/wp\/v2\/users\/1"}],"replies":[{"embeddable":true,"href":"https:\/\/ucnoqta.az\/index.php?rest_route=%2Fwp%2Fv2%2Fcomments&post=97285"}],"version-history":[{"count":0,"href":"https:\/\/ucnoqta.az\/index.php?rest_route=\/wp\/v2\/posts\/97285\/revisions"}],"wp:featuredmedia":[{"embeddable":true,"href":"https:\/\/ucnoqta.az\/index.php?rest_route=\/wp\/v2\/media\/251278"}],"wp:attachment":[{"href":"https:\/\/ucnoqta.az\/index.php?rest_route=%2Fwp%2Fv2%2Fmedia&parent=97285"}],"wp:term":[{"taxonomy":"category","embeddable":true,"href":"https:\/\/ucnoqta.az\/index.php?rest_route=%2Fwp%2Fv2%2Fcategories&post=97285"},{"taxonomy":"post_tag","embeddable":true,"href":"https:\/\/ucnoqta.az\/index.php?rest_route=%2Fwp%2Fv2%2Ftags&post=97285"}],"curies":[{"name":"wp","href":"https:\/\/api.w.org\/{rel}","templated":true}]}}