{"id":97283,"date":"2020-05-04T17:12:15","date_gmt":"2020-05-04T13:12:15","guid":{"rendered":""},"modified":"-0001-11-30T00:00:00","modified_gmt":"-0001-11-29T20:00:00","slug":"","status":"publish","type":"post","link":"https:\/\/ucnoqta.az\/?p=97283","title":{"rendered":"\u00c7inin Sian \u015f\u0259h\u0259ri Sumqay\u0131ta tibbi humanitar yard\u0131m g\u00f6nd\u0259rib"},"content":{"rendered":"<p>\u00c7in Xalq Respublikas\u0131n\u0131n \u015eansi vilay\u0259tinin inzibati m\u0259rk\u0259zi olan Sian \u015f\u0259h\u0259rind\u0259n Sumqay\u0131t \u015f\u0259h\u0259rin\u0259 tibbi humanitar yard\u0131m g\u00f6nd\u0259rilib.<\/p>\n<p>Sumqay\u0131t \u015e\u0259h\u0259r \u0130cra Hakimiyy\u0259tind\u0259n Ucnoqta.az-a bildirilib ki, Sumqay\u0131tla dostluq v\u0259 \u0259m\u0259kda\u015fl\u0131q \u0259laq\u0259l\u0259ri olan Sian \u015f\u0259h\u0259rind\u0259n g\u00f6nd\u0259ril\u0259n tibbi l\u0259vazimatlar bu g\u00fcn Az\u0259rbaycan Hava Yollar\u0131n\u0131n Karqo Terminal\u0131nda q\u0259bul olunub v\u0259 dezinfeksiya olunduqdan sonra Sumqay\u0131t \u015f\u0259h\u0259rin\u0259 g\u0259tirilib.<\/p>\n<p>Sumqay\u0131t \u015f\u0259h\u0259r 1 n\u00f6mr\u0259li \u015f\u0259h\u0259r x\u0259st\u0259xanas\u0131nda tibbi l\u0259vazimatlardan ibar\u0259t humanitar yard\u0131m q\u0259bul olunub. Tibbi l\u0259vazimatlar \u015f\u0259h\u0259rd\u0259 koronavirusla m\u00fcbariz\u0259d\u0259 istifad\u0259 olunacaq.<\/p>\n<p>Sian \u015f\u0259h\u0259rind\u0259n \u00f6nc\u0259 \u00c7in Xalq Respublikas\u0131n\u0131n Mienyen v\u0259 \u00c7ucou \u015f\u0259h\u0259rl\u0259ri d\u0259 Sumqay\u0131t \u015f\u0259h\u0259rin\u0259 tibbi l\u0259vazimatlardan ibar\u0259t humanitar yard\u0131m g\u00f6nd\u0259rmi\u015fdi.<\/p>\n<p>Qeyd ed\u0259k ki, Sumqay\u0131tla dostluq v\u0259 \u0259m\u0259kda\u015fl\u0131q \u0259laq\u0259l\u0259ri olan \u00c7inin Mienyen v\u0259 Sian \u015f\u0259h\u0259rl\u0259rind\u0259n Sumqay\u0131t \u015f\u0259h\u0259r \u0130cra Hakimiyy\u0259tin\u0259 m\u00fcvafiq k\u00f6m\u0259kliyin g\u00f6st\u0259rilm\u0259si il\u0259 ba\u011fl\u0131 daxil olmu\u015f m\u00fcraci\u0259tl\u0259r \u0259sas\u0131nda bu \u015f\u0259h\u0259rl\u0259r\u0259 tibbi l\u0259vazimatlardan ibar\u0259t humanitar yard\u0131m g\u00f6nd\u0259rilmi\u015fdi.<\/p>\n","protected":false},"excerpt":{"rendered":"<p>\u00c7in Xalq Respublikas\u0131n\u0131n \u015eansi vilay\u0259tinin inzibati m\u0259rk\u0259zi olan Sian \u015f\u0259h\u0259rind\u0259n Sumqay\u0131t \u015f\u0259h\u0259rin\u0259 tibbi humanitar yard\u0131m g\u00f6nd\u0259rilib. Sumqay\u0131t \u015e\u0259h\u0259r \u0130cra Hakimiyy\u0259tind\u0259n Ucnoqta.az-a bildirilib ki, Sumqay\u0131tla dostluq v\u0259 \u0259m\u0259kda\u015fl\u0131q \u0259laq\u0259l\u0259ri olan Sian&hellip;<\/p>\n","protected":false},"author":1,"featured_media":251278,"comment_status":"open","ping_status":"open","sticky":false,"template":"","format":"standard","meta":{"_lmt_disableupdate":"","_lmt_disable":"","footnotes":""},"categories":[],"tags":[],"class_list":["post-97283","post","type-post","status-publish","format-standard","has-post-thumbnail","hentry"],"_links":{"self":[{"href":"https:\/\/ucnoqta.az\/index.php?rest_route=\/wp\/v2\/posts\/97283","targetHints":{"allow":["GET"]}}],"collection":[{"href":"https:\/\/ucnoqta.az\/index.php?rest_route=\/wp\/v2\/posts"}],"about":[{"href":"https:\/\/ucnoqta.az\/index.php?rest_route=\/wp\/v2\/types\/post"}],"author":[{"embeddable":true,"href":"https:\/\/ucnoqta.az\/index.php?rest_route=\/wp\/v2\/users\/1"}],"replies":[{"embeddable":true,"href":"https:\/\/ucnoqta.az\/index.php?rest_route=%2Fwp%2Fv2%2Fcomments&post=97283"}],"version-history":[{"count":0,"href":"https:\/\/ucnoqta.az\/index.php?rest_route=\/wp\/v2\/posts\/97283\/revisions"}],"wp:featuredmedia":[{"embeddable":true,"href":"https:\/\/ucnoqta.az\/index.php?rest_route=\/wp\/v2\/media\/251278"}],"wp:attachment":[{"href":"https:\/\/ucnoqta.az\/index.php?rest_route=%2Fwp%2Fv2%2Fmedia&parent=97283"}],"wp:term":[{"taxonomy":"category","embeddable":true,"href":"https:\/\/ucnoqta.az\/index.php?rest_route=%2Fwp%2Fv2%2Fcategories&post=97283"},{"taxonomy":"post_tag","embeddable":true,"href":"https:\/\/ucnoqta.az\/index.php?rest_route=%2Fwp%2Fv2%2Ftags&post=97283"}],"curies":[{"name":"wp","href":"https:\/\/api.w.org\/{rel}","templated":true}]}}