{"id":97281,"date":"2020-05-04T16:12:18","date_gmt":"2020-05-04T12:12:18","guid":{"rendered":""},"modified":"-0001-11-30T00:00:00","modified_gmt":"-0001-11-29T20:00:00","slug":"","status":"publish","type":"post","link":"https:\/\/ucnoqta.az\/?p=97281","title":{"rendered":"Prezident: <font color=red><b>&#8220;Son 3 h\u0259ft\u0259d\u0259 yoluxanlar v\u0259 sa\u011falanlar\u0131n say\u0131 aras\u0131ndak\u0131 dinamika m\u00fcsb\u0259tdir\u201d<\/b><\/font>"},"content":{"rendered":"<p><strong>&ldquo;H\u0259yata ke&ccedil;iril\u0259n b&uuml;t&uuml;n bu t\u0259dbirl\u0259r n\u0259tic\u0259sind\u0259 k&uuml;tl\u0259vi yoluxma hallar\u0131n\u0131n qar\u015f\u0131s\u0131 al\u0131n\u0131b. Son 3 h\u0259ft\u0259 \u0259rzind\u0259 &ouml;lk\u0259mizd\u0259 x\u0259st\u0259liy\u0259 yoluxanlar\u0131n say\u0131 il\u0259 sa\u011falanlar\u0131n say\u0131 aras\u0131ndak\u0131 dinamika m&uuml;sb\u0259tdir&rdquo;.<\/strong><\/p>\n<p>Bunu Qo\u015fulmama H\u0259r\u0259kat\u0131n\u0131n T\u0259mas Qrupu format\u0131nda may\u0131n 4-d\u0259 videokonfrans vasit\u0259sil\u0259 koronavirusla m&uuml;bariz\u0259y\u0259 h\u0259sr olunmu\u015f &ldquo;COVID-19-a qar\u015f\u0131 birlikd\u0259yik&rdquo; m&ouml;vzusunda Zirv\u0259 g&ouml;r&uuml;\u015f&uuml;nd\u0259 Qo\u015fulmama H\u0259r\u0259kat\u0131n\u0131n s\u0259dri kimi Az\u0259rbaycan Respublikas\u0131n\u0131n Prezidenti&nbsp;\u0130lham \u018fliyev&nbsp;deyib.<\/p>\n<p>&quot;Pandemiya d&ouml;n\u0259mind\u0259 biz bir daha h\u0259kiml\u0259rimizin pe\u015f\u0259karl\u0131\u011f\u0131n\u0131n \u015fahidi olmu\u015fuq. Az\u0259rbaycan koronavirus x\u0259st\u0259l\u0259rinin m&uuml;alic\u0259si sah\u0259sind\u0259 &ouml;z t\u0259cr&uuml;b\u0259sini dig\u0259r Qo\u015fulmama H\u0259r\u0259kat\u0131 &uuml;zv d&ouml;vl\u0259tl\u0259ri il\u0259 b&ouml;l&uuml;\u015fm\u0259y\u0259 v\u0259 bu sah\u0259d\u0259 \u0259m\u0259kda\u015fl\u0131\u011fa haz\u0131rd\u0131r. \u018fhali aras\u0131nda virusa yoluxma s&uuml;r\u0259tinin a\u015fa\u011f\u0131 d&uuml;\u015fm\u0259sini, x\u0259st\u0259l\u0259rin sa\u011falma dinamikas\u0131n\u0131 n\u0259z\u0259r\u0259 alaraq x&uuml;susi karantin rejimind\u0259n &ccedil;\u0131x\u0131\u015f plan\u0131 m\u0259rh\u0259l\u0259li \u015f\u0259kild\u0259 h\u0259yata ke&ccedil;irilir. X&uuml;susi karantin rejimi may\u0131n 31-d\u0259k uzad\u0131lsa da, t\u0259tbiq edil\u0259n bir s\u0131ra m\u0259hdudiyy\u0259tl\u0259r aprelin 27-si v\u0259 may\u0131n 4-d\u0259n etibar\u0259n yum\u015fald\u0131l\u0131r&quot;, &#8211; dey\u0259 d&ouml;vl\u0259t ba\u015f&ccedil;\u0131s\u0131 vur\u011fulay\u0131b.<\/p>\n<p>Qeyd ed\u0259k ki, Qo\u015fulmama H\u0259r\u0259kat\u0131n\u0131n s\u0259dri kimi Prezident \u0130lham \u018fliyevin t\u0259\u015f\u0259bb&uuml;s&uuml; il\u0259 Qo\u015fulmama H\u0259r\u0259kat\u0131n\u0131n T\u0259mas Qrupu format\u0131nda may\u0131n 4-d\u0259 videokonfrans vasit\u0259sil\u0259 koronavirusla m&uuml;bariz\u0259y\u0259 h\u0259sr olunmu\u015f &ldquo;COVID-19-a qar\u015f\u0131 birlikd\u0259yik&rdquo; m&ouml;vzusunda Zirv\u0259 g&ouml;r&uuml;\u015f&uuml; i\u015f\u0259 ba\u015flay\u0131b.\/\/\/report<\/p>\n","protected":false},"excerpt":{"rendered":"<p>&ldquo;H\u0259yata ke&ccedil;iril\u0259n b&uuml;t&uuml;n bu t\u0259dbirl\u0259r n\u0259tic\u0259sind\u0259 k&uuml;tl\u0259vi yoluxma hallar\u0131n\u0131n qar\u015f\u0131s\u0131 al\u0131n\u0131b. Son 3 h\u0259ft\u0259 \u0259rzind\u0259 &ouml;lk\u0259mizd\u0259 x\u0259st\u0259liy\u0259 yoluxanlar\u0131n say\u0131 il\u0259 sa\u011falanlar\u0131n say\u0131 aras\u0131ndak\u0131 dinamika m&uuml;sb\u0259tdir&rdquo;. Bunu Qo\u015fulmama H\u0259r\u0259kat\u0131n\u0131n T\u0259mas Qrupu&hellip;<\/p>\n","protected":false},"author":1,"featured_media":251278,"comment_status":"open","ping_status":"open","sticky":false,"template":"","format":"standard","meta":{"_lmt_disableupdate":"","_lmt_disable":"","footnotes":""},"categories":[],"tags":[],"class_list":["post-97281","post","type-post","status-publish","format-standard","has-post-thumbnail","hentry"],"_links":{"self":[{"href":"https:\/\/ucnoqta.az\/index.php?rest_route=\/wp\/v2\/posts\/97281","targetHints":{"allow":["GET"]}}],"collection":[{"href":"https:\/\/ucnoqta.az\/index.php?rest_route=\/wp\/v2\/posts"}],"about":[{"href":"https:\/\/ucnoqta.az\/index.php?rest_route=\/wp\/v2\/types\/post"}],"author":[{"embeddable":true,"href":"https:\/\/ucnoqta.az\/index.php?rest_route=\/wp\/v2\/users\/1"}],"replies":[{"embeddable":true,"href":"https:\/\/ucnoqta.az\/index.php?rest_route=%2Fwp%2Fv2%2Fcomments&post=97281"}],"version-history":[{"count":0,"href":"https:\/\/ucnoqta.az\/index.php?rest_route=\/wp\/v2\/posts\/97281\/revisions"}],"wp:featuredmedia":[{"embeddable":true,"href":"https:\/\/ucnoqta.az\/index.php?rest_route=\/wp\/v2\/media\/251278"}],"wp:attachment":[{"href":"https:\/\/ucnoqta.az\/index.php?rest_route=%2Fwp%2Fv2%2Fmedia&parent=97281"}],"wp:term":[{"taxonomy":"category","embeddable":true,"href":"https:\/\/ucnoqta.az\/index.php?rest_route=%2Fwp%2Fv2%2Fcategories&post=97281"},{"taxonomy":"post_tag","embeddable":true,"href":"https:\/\/ucnoqta.az\/index.php?rest_route=%2Fwp%2Fv2%2Ftags&post=97281"}],"curies":[{"name":"wp","href":"https:\/\/api.w.org\/{rel}","templated":true}]}}