{"id":97279,"date":"2020-05-04T15:34:07","date_gmt":"2020-05-04T11:34:07","guid":{"rendered":""},"modified":"-0001-11-30T00:00:00","modified_gmt":"-0001-11-29T20:00:00","slug":"","status":"publish","type":"post","link":"https:\/\/ucnoqta.az\/?p=97279","title":{"rendered":"Tan\u0131nm\u0131\u015f &#8220;KVN&#8221;\u00e7iy\u0259 Milli M\u0259clisd\u0259 y\u00fcks\u0259k v\u0259zif\u0259 verildi &#8211; <font color=red><b>Foto<\/b><\/font>"},"content":{"rendered":"<p><strong>Milli M\u0259clisd\u0259 (MM) kadr islahatlar\u0131 davam edir.<\/strong><\/p>\n<p>MM Aparat\u0131n\u0131n Beyn\u0259lxalq \u0259laq\u0259l\u0259r \u015f&ouml;b\u0259sin\u0259 yeni sektor m&uuml;diri t\u0259yin olunub. Bu v\u0259zif\u0259y\u0259 \u0130lqar N\u0259biyev layiq g&ouml;r&uuml;l&uuml;b.<\/p>\n<p>\u0130lqar N\u0259biyev 1976-c\u0131 ild\u0259 Bak\u0131 \u015f\u0259h\u0259rind\u0259 anadan olub. G\u0259nc ya\u015flar\u0131ndan &ldquo;\u015e\u0259n v\u0259 Haz\u0131rcavablar&rdquo; klubunda &ldquo;Bak\u0131l\u0131 O\u011flanlar&rdquo; komandas\u0131nda &ccedil;\u0131x\u0131\u015f etm\u0259y\u0259 ba\u015flay\u0131b. Onun i\u015ftirak etdiyi bu komanda 1992-ci ild\u0259 &ccedil;empion, 1995-ci ild\u0259 ke&ccedil;iril\u0259n yay kubokunun v\u0259 XX \u0259srin \u0259n yax\u015f\u0131 komandalar\u0131 s\u0131ras\u0131nda birinci olub. 2001-ci ild\u0259n Tahir \u0130manovun yaratd\u0131\u011f\u0131 &quot;Planet Parni iz Baku&quot; KVN teatr\u0131nda da i\u015ftirak edib. Daha sonra m&uuml;xt\u0259lif yumoristik layih\u0259l\u0259r haz\u0131rlay\u0131b v\u0259 &quot;\u015e\u0259n v\u0259 Haz\u0131rcavablar klubu&quot; yar\u0131\u015flar\u0131 t\u0259\u015fkil edib. &quot;\u0130qra&quot; Yarad\u0131c\u0131l\u0131q Birliyinin r\u0259hb\u0259ridir.\/\/\/bakupost<\/p>\n","protected":false},"excerpt":{"rendered":"<p>Milli M\u0259clisd\u0259 (MM) kadr islahatlar\u0131 davam edir. MM Aparat\u0131n\u0131n Beyn\u0259lxalq \u0259laq\u0259l\u0259r \u015f&ouml;b\u0259sin\u0259 yeni sektor m&uuml;diri t\u0259yin olunub. Bu v\u0259zif\u0259y\u0259 \u0130lqar N\u0259biyev layiq g&ouml;r&uuml;l&uuml;b. \u0130lqar N\u0259biyev 1976-c\u0131 ild\u0259 Bak\u0131 \u015f\u0259h\u0259rind\u0259 anadan&hellip;<\/p>\n","protected":false},"author":1,"featured_media":251278,"comment_status":"open","ping_status":"open","sticky":false,"template":"","format":"standard","meta":{"_lmt_disableupdate":"","_lmt_disable":"","footnotes":""},"categories":[],"tags":[],"class_list":["post-97279","post","type-post","status-publish","format-standard","has-post-thumbnail","hentry"],"_links":{"self":[{"href":"https:\/\/ucnoqta.az\/index.php?rest_route=\/wp\/v2\/posts\/97279","targetHints":{"allow":["GET"]}}],"collection":[{"href":"https:\/\/ucnoqta.az\/index.php?rest_route=\/wp\/v2\/posts"}],"about":[{"href":"https:\/\/ucnoqta.az\/index.php?rest_route=\/wp\/v2\/types\/post"}],"author":[{"embeddable":true,"href":"https:\/\/ucnoqta.az\/index.php?rest_route=\/wp\/v2\/users\/1"}],"replies":[{"embeddable":true,"href":"https:\/\/ucnoqta.az\/index.php?rest_route=%2Fwp%2Fv2%2Fcomments&post=97279"}],"version-history":[{"count":0,"href":"https:\/\/ucnoqta.az\/index.php?rest_route=\/wp\/v2\/posts\/97279\/revisions"}],"wp:featuredmedia":[{"embeddable":true,"href":"https:\/\/ucnoqta.az\/index.php?rest_route=\/wp\/v2\/media\/251278"}],"wp:attachment":[{"href":"https:\/\/ucnoqta.az\/index.php?rest_route=%2Fwp%2Fv2%2Fmedia&parent=97279"}],"wp:term":[{"taxonomy":"category","embeddable":true,"href":"https:\/\/ucnoqta.az\/index.php?rest_route=%2Fwp%2Fv2%2Fcategories&post=97279"},{"taxonomy":"post_tag","embeddable":true,"href":"https:\/\/ucnoqta.az\/index.php?rest_route=%2Fwp%2Fv2%2Ftags&post=97279"}],"curies":[{"name":"wp","href":"https:\/\/api.w.org\/{rel}","templated":true}]}}