{"id":97276,"date":"2020-05-04T15:17:20","date_gmt":"2020-05-04T11:17:20","guid":{"rendered":""},"modified":"-0001-11-30T00:00:00","modified_gmt":"-0001-11-29T20:00:00","slug":"","status":"publish","type":"post","link":"https:\/\/ucnoqta.az\/?p=97276","title":{"rendered":"\u0130lham \u018fliyevin t\u0259\u015f\u0259bb\u00fcs\u00fc il\u0259 Zirv\u0259 g\u00f6r\u00fc\u015f\u00fc ke\u00e7irilir &#8211;<font color=red><b>(YEN\u0130L\u018fN\u0130B)<\/b><\/font>"},"content":{"rendered":"<p><strong>Qo\u015fulmama H\u0259r\u0259kat\u0131n\u0131n s\u0259dri kimi Prezident \u0130lham \u018fliyevin t\u0259\u015f\u0259bb&uuml;s&uuml; il\u0259 Qo\u015fulmama H\u0259r\u0259kat\u0131n\u0131n T\u0259mas Qrupu format\u0131nda may\u0131n 4-d\u0259 videokonfrans vasit\u0259sil\u0259 koronavirusla m&uuml;bariz\u0259y\u0259 h\u0259sr olunmu\u015f &ldquo;COVID-19-a qar\u015f\u0131 birlikd\u0259yik&rdquo; m&ouml;vzusunda Zirv\u0259 g&ouml;r&uuml;\u015f&uuml; i\u015f\u0259 ba\u015flay\u0131b.<\/strong><\/p>\n<p>Trend x\u0259b\u0259r verir ki, d&ouml;vl\u0259timizin ba\u015f&ccedil;\u0131s\u0131 Zirv\u0259 g&ouml;r&uuml;\u015f&uuml;nd\u0259 giri\u015f nitqi s&ouml;yl\u0259di.<\/p>\n<p>Prezident \u0130lham \u018fliyevin&nbsp;giri\u015f nitqi<\/p>\n<p>-H&ouml;rm\u0259tli d&ouml;vl\u0259t v\u0259 h&ouml;kum\u0259t ba\u015f&ccedil;\u0131lar\u0131.<br \/>\nH&ouml;rm\u0259tli BMT Ba\u015f Assambleyas\u0131n\u0131n s\u0259dri.<br \/>\nH&ouml;rm\u0259tli beyn\u0259lxalq t\u0259\u015fkilatlar\u0131n r\u0259hb\u0259rl\u0259ri.<br \/>\nZati-alil\u0259ri.<\/p>\n<p>Az\u0259rbaycan Qo\u015fulmama H\u0259r\u0259kat\u0131n\u0131n s\u0259dr &ouml;lk\u0259si kimi, H\u0259r\u0259kat\u0131n 1996-c\u0131 ild\u0259 q\u0259bul olunmu\u015f Metodologiyalar &uuml;zr\u0259 Kartaxena s\u0259n\u0259dind\u0259n &ccedil;\u0131x\u0131\u015f ed\u0259r\u0259k koronavirusa qar\u015f\u0131 m&uuml;bariz\u0259 &uuml;zr\u0259 T\u0259mas Qrupunun yarad\u0131lmas\u0131 v\u0259 bu formatda Zirv\u0259 G&ouml;r&uuml;\u015f&uuml;n&uuml;n ke&ccedil;irilm\u0259si t\u0259\u015f\u0259bb&uuml;s&uuml;n&uuml; ir\u0259li s&uuml;rm&uuml;\u015fd&uuml;r.<br \/>\nT\u0259qdir\u0259layiq hald\u0131r ki, Qo\u015fulmama H\u0259r\u0259kat\u0131n\u0131n b&uuml;t&uuml;n &uuml;zv d&ouml;vl\u0259tl\u0259ri bu t\u0259\u015f\u0259bb&uuml;s&uuml; yekdillikl\u0259 d\u0259st\u0259kl\u0259mi\u015fdir. T\u0259mas Qrupunda co\u011frafi t\u0259msil&ccedil;ilik v\u0259 k&ouml;n&uuml;ll&uuml; i\u015ftirak prinsipi \u0259sas\u0131nda b&uuml;t&uuml;n regional qruplardan olan &ouml;lk\u0259l\u0259r t\u0259msil olunmu\u015fdur.<\/p>\n<p>Zirv\u0259 G&ouml;r&uuml;\u015f&uuml;nd\u0259 i\u015ftirak\u0131na g&ouml;r\u0259 T\u0259mas Qrupuna daxil olan d&ouml;vl\u0259tl\u0259r\u0259 t\u0259\u015f\u0259kk&uuml;r&uuml;m&uuml; bildirir\u0259m.<br \/>\nM\u0259n, eyni zamanda, Zirv\u0259 G&ouml;r&uuml;\u015f&uuml;n\u0259 qat\u0131lan BMT Ba\u015f Assambleyas\u0131n\u0131n s\u0259drin\u0259, &Uuml;mumd&uuml;nya S\u0259hiyy\u0259 T\u0259\u015fkilat\u0131n\u0131n ba\u015f direktoruna v\u0259 Afrika \u0130ttifaq\u0131n\u0131n Komissiyas\u0131n\u0131n s\u0259drin\u0259 &ouml;z minn\u0259tdarl\u0131\u011f\u0131m\u0131 ifad\u0259 etm\u0259k ist\u0259rdim.<\/p>\n<p>BMT ba\u015f katibi c\u0259nab Antonio Quterre\u015f\u0259 v\u0259 Avropa \u0130ttifaq\u0131n\u0131n ali n&uuml;may\u0259nd\u0259si v\u0259 Avropa Komissiyas\u0131n\u0131n vitse-prezidenti c\u0259nab Cozef Borel\u0259 videom&uuml;raci\u0259tin\u0259 g&ouml;r\u0259 t\u0259\u015f\u0259kk&uuml;r&uuml;m&uuml; bildirir\u0259m.<\/p>\n<p>Zati-alil\u0259ri, 2019-cu il oktyabr ay\u0131n\u0131n 25-26-da Qo\u015fulmama H\u0259r\u0259kat\u0131n\u0131n Bak\u0131da XVIII Zirv\u0259 G&ouml;r&uuml;\u015f&uuml; ke&ccedil;irildi. Zirv\u0259 G&ouml;r&uuml;\u015f&uuml;nd\u0259 q\u0259bul olunmu\u015f Bak\u0131 B\u0259yannam\u0259si v\u0259 Bak\u0131 Yekun S\u0259n\u0259dind\u0259 beyn\u0259lxalq h&uuml;ququn prinsipl\u0259ri &ouml;z \u0259ksini tapd\u0131. Eyni zamanda, bu s\u0259n\u0259dl\u0259rd\u0259 65 illiyi bu g&uuml;nl\u0259rd\u0259 qeyd edil\u0259n &ldquo;Bandunq prinsipl\u0259ri&rdquo;nd\u0259 yer alan d&ouml;vl\u0259tl\u0259rin \u0259razi b&uuml;t&ouml;vl&uuml;y&uuml;, suverenliyi v\u0259 s\u0259rh\u0259dl\u0259rinin toxunulmazl\u0131\u011f\u0131na bir daha d\u0259st\u0259k ifad\u0259 olundu. 120 &uuml;zv d&ouml;vl\u0259tin yekdil d\u0259st\u0259yi il\u0259 Az\u0259rbaycan &uuml;&ccedil; il \u0259rzind\u0259 Qo\u015fulmama H\u0259r\u0259kat\u0131na s\u0259drlik ed\u0259c\u0259k. Biz\u0259 g&ouml;st\u0259ril\u0259n b&ouml;y&uuml;k inam v\u0259 etimada g&ouml;r\u0259 bir daha minn\u0259tdarl\u0131\u011f\u0131m\u0131 bildirir\u0259m.<\/p>\n<p>S\u0259drliyi &ouml;z &uuml;z\u0259rimiz\u0259 g&ouml;t&uuml;r\u0259rk\u0259n m\u0259n b\u0259yan etdim ki, Az\u0259rbaycan beyn\u0259lxalq arenada &uuml;zv &ouml;lk\u0259l\u0259rin maraqlar\u0131n\u0131n m&uuml;dafi\u0259 edilm\u0259si &uuml;&ccedil;&uuml;n \u0259m\u0259li add\u0131mlar atacaq, h\u0259mr\u0259yliyin g&uuml;cl\u0259ndirilm\u0259sini v\u0259 qar\u015f\u0131l\u0131ql\u0131 d\u0259st\u0259yi r\u0259hb\u0259r tutacaqd\u0131r.<\/p>\n<p>Az\u0259rbaycan Qo\u015fulmama H\u0259r\u0259kat\u0131nda s\u0259drliyin\u0259 dair \u0259hat\u0259li T\u0259dbirl\u0259r Plan\u0131 haz\u0131rlam\u0131\u015f v\u0259 praktiki f\u0259aliyy\u0259t\u0259 ba\u015flam\u0131\u015fd\u0131r. Koronavirus pandemiyas\u0131 d&uuml;nyada v\u0259ziyy\u0259ti tamamil\u0259 d\u0259yi\u015fmi\u015f v\u0259 n\u0259tic\u0259d\u0259 yeni reall\u0131qlar meydana &ccedil;\u0131xm\u0131\u015fd\u0131r. Az\u0259rbaycan yeni v\u0259ziyy\u0259t\u0259 &ccedil;evik v\u0259 adekvat reaksiya vermi\u015fdir. Az\u0259rbaycan\u0131n t\u0259\u015f\u0259bb&uuml;s&uuml; il\u0259 ke&ccedil;iril\u0259n Qo\u015fulmama H\u0259r\u0259kat\u0131n\u0131n koronavirusa qar\u015f\u0131 T\u0259mas Qrupunun Zirv\u0259 G&ouml;r&uuml;\u015f&uuml; bunu g&ouml;st\u0259rir.<\/p>\n<p>COVID-19 qlobal pandemiyas\u0131 b&uuml;t&uuml;n d&uuml;nya d&ouml;vl\u0259tl\u0259rin\u0259 m\u0259nfi t\u0259sir g&ouml;st\u0259rir. He&ccedil; bir &ouml;lk\u0259 bundan s\u0131\u011fortalanm\u0131r. Qar\u015f\u0131l\u0131ql\u0131 d\u0259st\u0259k, &ouml;z&uuml;n\u0259 qapanmama v\u0259 yaln\u0131z birg\u0259 s\u0259yl\u0259rl\u0259 COVID-19-a qalib g\u0259l\u0259 bil\u0259rik.<br \/>\nBMT Ba\u015f katibi Antonio Quterre\u015f t\u0259r\u0259find\u0259n koronavirusa qar\u015f\u0131 m&uuml;bariz\u0259 m\u0259qs\u0259dil\u0259 qlobal humanitar cavab plan\u0131n\u0131n elan edilm\u0259sini, BMT Ba\u015f Assambleyas\u0131nda m&uuml;vafiq q\u0259tnam\u0259l\u0259rin q\u0259bul olunmas\u0131n\u0131 v\u0259 &Uuml;mumd&uuml;nya S\u0259hiyy\u0259 T\u0259\u015fkilat\u0131n\u0131n pandemiyaya qar\u015f\u0131 qlobal m&uuml;bariz\u0259d\u0259 oynad\u0131\u011f\u0131 m&uuml;h&uuml;m rolu y&uuml;ks\u0259k qiym\u0259tl\u0259ndiririk.<\/p>\n<p>Pandemiyan\u0131n ilk g&uuml;nl\u0259rind\u0259n biz &Uuml;mumd&uuml;nya S\u0259hiyy\u0259 T\u0259\u015fkilat\u0131 il\u0259 t\u0259masday\u0131q. T\u0259\u015fkilat\u0131n apar\u0131c\u0131 m&uuml;t\u0259x\u0259ssisl\u0259rind\u0259n ibar\u0259t hey\u0259t m&uuml;raci\u0259timiz \u0259sas\u0131nda mart ay\u0131nda &ouml;lk\u0259miz\u0259 s\u0259f\u0259r ed\u0259r\u0259k v\u0259ziyy\u0259tl\u0259 tan\u0131\u015f olmu\u015fdur. Az\u0259rbaycana g&ouml;st\u0259rdiyi d\u0259st\u0259y\u0259 v\u0259 Zirv\u0259 G&ouml;r&uuml;\u015f&uuml;m&uuml;zd\u0259 i\u015ftirak\u0131na g&ouml;r\u0259 doktor Tedros Adhanom Qebreyesusa t\u0259\u015f\u0259kk&uuml;r&uuml;m&uuml; bildirir\u0259m. Bu Az\u0259rbaycan\u0131n t\u0259\u015f\u0259bb&uuml;s&uuml; il\u0259 ke&ccedil;iril\u0259n 2-ci Zirv\u0259 G&ouml;r&uuml;\u015f&uuml;d&uuml;r. S\u0259dri oldu\u011fumuz T&uuml;rkdilli D&ouml;vl\u0259tl\u0259rin \u018fm\u0259kda\u015fl\u0131q \u015euras\u0131n\u0131n m\u0259nim t\u0259\u015f\u0259bb&uuml;s&uuml;m il\u0259 aprelin 10-da COVID-19-a qar\u015f\u0131 Zirv\u0259 G&ouml;r&uuml;\u015f&uuml; ke&ccedil;irilmi\u015fdir. &Uuml;mumd&uuml;nya S\u0259hiyy\u0259 T\u0259\u015fkilat\u0131n\u0131n Ba\u015f direktoru h\u0259min Zirv\u0259 G&ouml;r&uuml;\u015f&uuml;nd\u0259 d\u0259 i\u015ftirak etdi v\u0259 d\u0259y\u0259rli t&ouml;vsiy\u0259l\u0259rini verdi.<\/p>\n<p>Qo\u015fulmama H\u0259r\u0259kat\u0131n\u0131n &ldquo;&Uuml;mumd&uuml;nya S\u0259hiyy\u0259 T\u0259\u015fkilat\u0131 v\u0259 onun Ba\u015f direktoruna d\u0259st\u0259k&rdquo; adl\u0131 9 aprel tarixli b\u0259yanat\u0131n\u0131 m\u0259mnuniyy\u0259tl\u0259 qeyd etm\u0259k ist\u0259rdim.<br \/>\n&Uuml;mumd&uuml;nya S\u0259hiyy\u0259 T\u0259\u015fkilat\u0131n\u0131n Ba\u015f direktoru t\u0259r\u0259find\u0259n mart\u0131n 23-d\u0259 m\u0259n\u0259 &uuml;nvanlanm\u0131\u015f m\u0259ktubda Az\u0259rbaycanda g&ouml;r&uuml;lm&uuml;\u015f i\u015fl\u0259r\u0259 y&uuml;ks\u0259k qiym\u0259t verilmi\u015fdir. Az\u0259rbaycan pandemiyaya qar\u015f\u0131 g&ouml;r&uuml;lm&uuml;\u015f t\u0259dbirl\u0259r\u0259 g&ouml;r\u0259 n&uuml;mun\u0259vi &ouml;lk\u0259 kimi d\u0259y\u0259rl\u0259ndirilmi\u015fdir. Az\u0259rbaycan d&uuml;nya birliyinin m\u0259suliyy\u0259tli v\u0259 etibarl\u0131 &uuml;zv&uuml; kimi koronavirusa qar\u015f\u0131 qlobal m&uuml;bariz\u0259y\u0259 d\u0259st\u0259k olaraq &Uuml;mumd&uuml;nya S\u0259hiyy\u0259 T\u0259\u015fkilat\u0131na 5 milyon dollar k&ouml;n&uuml;ll&uuml; maliyy\u0259 yard\u0131m\u0131 ay\u0131rd\u0131.<\/p>\n<p>Az\u0259rbaycan koronavirus x\u0259st\u0259liyinin yay\u0131lmas\u0131n\u0131n qar\u015f\u0131s\u0131n\u0131n al\u0131nmas\u0131 &uuml;&ccedil;&uuml;n vaxt\u0131nda &ccedil;evik v\u0259 z\u0259ruri qabaqlay\u0131c\u0131 t\u0259dbirl\u0259r h\u0259yata ke&ccedil;irmi\u015fdir. M\u0259nim S\u0259r\u0259ncam\u0131mla ilin \u0259vv\u0259lind\u0259 Nazirl\u0259r Kabineti yan\u0131nda Operativ Q\u0259rargah yarad\u0131lm\u0131\u015fd\u0131r.<br \/>\nPandemiya d&ouml;vr&uuml;nd\u0259 bizim &uuml;&ccedil;&uuml;n prioritet m\u0259s\u0259l\u0259 insanlar\u0131n sa\u011flaml\u0131\u011f\u0131 v\u0259 onlar\u0131n sosial m&uuml;dafi\u0259sinin t\u0259min edilm\u0259sidir.<\/p>\n<p>&Ouml;lk\u0259 \u0259razisind\u0259 ke&ccedil;irilm\u0259li olan b&uuml;t&uuml;n k&uuml;tl\u0259vi t\u0259dbirl\u0259r t\u0259xir\u0259 sal\u0131nm\u0131\u015f v\u0259 ya l\u0259\u011fv edilmi\u015fdir. Mart ay\u0131n\u0131n 3-d\u0259n etibar\u0259n &ouml;lk\u0259 &uuml;zr\u0259 b&uuml;t&uuml;n t\u0259hsil m&uuml;\u0259ssis\u0259l\u0259rind\u0259 t\u0259dris prosesi t\u0259dric\u0259n dayand\u0131r\u0131lm\u0131\u015fd\u0131r. Mart\u0131n 14-d\u0259n etibar\u0259n bir s\u0131ra sosial t\u0259crid t\u0259dbirl\u0259rini \u0259hat\u0259 ed\u0259n x&uuml;susi rejim, mart\u0131n 24-d\u0259n is\u0259 x&uuml;susi karantin rejimi t\u0259tbiq edilmi\u015fdir.<\/p>\n<p>Az\u0259rbaycanda koronavirus x\u0259st\u0259l\u0259rinin m&uuml;alic\u0259si &uuml;&ccedil;&uuml;n 20-d\u0259n art\u0131q x\u0259st\u0259xana ayr\u0131lm\u0131\u015fd\u0131r. Virusun diaqnostikas\u0131 v\u0259 m&uuml;alic\u0259si &uuml;&ccedil;&uuml;n z\u0259ruri olan laborator testl\u0259r, b\u0259zi tibb avadanl\u0131\u011f\u0131 v\u0259 l\u0259vazimatlar Az\u0259rbaycana g\u0259tirilmi\u015fdir. Testl\u0259rin apar\u0131lmas\u0131 &uuml;&ccedil;&uuml;n &ouml;lk\u0259d\u0259 23 laboratoriya f\u0259aliyy\u0259t g&ouml;st\u0259rir. \u0130ndiy\u0259 kimi &ouml;lk\u0259 &uuml;zr\u0259 160 mind\u0259n art\u0131q test ke&ccedil;irilmi\u015fdir.<br \/>\nDaxili t\u0259l\u0259bat\u0131 &ouml;d\u0259m\u0259k &uuml;&ccedil;&uuml;n q\u0131sa m&uuml;dd\u0259t \u0259rzind\u0259 qoruyucu v\u0259 dig\u0259r tibbi l\u0259vazimatlar\u0131n istehsal\u0131na ba\u015flanm\u0131\u015fd\u0131r.<\/p>\n<p>Bel\u0259likl\u0259, h\u0259yata ke&ccedil;iril\u0259n b&uuml;t&uuml;n bu t\u0259dbirl\u0259r n\u0259tic\u0259sind\u0259 k&uuml;tl\u0259vi yoluxma hallar\u0131n\u0131n qar\u015f\u0131s\u0131 al\u0131nm\u0131\u015fd\u0131r. Son &uuml;&ccedil; h\u0259ft\u0259 \u0259rzind\u0259 &ouml;lk\u0259mizd\u0259 x\u0259st\u0259liy\u0259 yoluxanlar\u0131n say\u0131 il\u0259 sa\u011falanlar\u0131n say\u0131 aras\u0131ndak\u0131 dinamika m&uuml;sb\u0259tdir. Pandemiya d&ouml;n\u0259mind\u0259 biz bir daha h\u0259kiml\u0259rimizin pe\u015f\u0259karl\u0131\u011f\u0131n\u0131n \u015fahidi olmu\u015fuq. Az\u0259rbaycan koronavirus x\u0259st\u0259l\u0259rinin m&uuml;alic\u0259si sah\u0259sind\u0259 &ouml;z t\u0259cr&uuml;b\u0259sini Qo\u015fulmama H\u0259r\u0259kat\u0131n\u0131n dig\u0259r &uuml;zv d&ouml;vl\u0259tl\u0259ri il\u0259 b&ouml;l&uuml;\u015fm\u0259y\u0259 v\u0259 bu sah\u0259d\u0259 \u0259m\u0259kda\u015fl\u0131\u011fa haz\u0131rd\u0131r.<\/p>\n<p>\u018fhali aras\u0131nda virusa yoluxma s&uuml;r\u0259tinin a\u015fa\u011f\u0131 d&uuml;\u015fm\u0259sini, x\u0259st\u0259l\u0259rin sa\u011falma dinamikas\u0131n\u0131 n\u0259z\u0259r\u0259 alaraq, x&uuml;susi karantin rejimind\u0259n &ccedil;\u0131x\u0131\u015f plan\u0131 m\u0259rh\u0259l\u0259li \u015f\u0259kild\u0259 h\u0259yata ke&ccedil;irilir. X&uuml;susi karantin rejimi may\u0131n 31-n\u0259 q\u0259d\u0259r uzad\u0131lsa da, t\u0259tbiq edil\u0259n bir s\u0131ra m\u0259hdudiyy\u0259tl\u0259r aprelin 27-si v\u0259 may\u0131n 4-d\u0259n etibar\u0259n yum\u015fald\u0131l\u0131r.<\/p>\n<p>Az\u0259rbaycanda iqtisadi sabitliyi t\u0259min etm\u0259k, m\u0259\u015f\u011fulluqla ba\u011fl\u0131 probleml\u0259ri h\u0259ll etm\u0259k v\u0259 makroiqtisadi v\u0259 maliyy\u0259 sabitliyini t\u0259min etm\u0259k &uuml;&ccedil;&uuml;n 3.5 milyard manatdan art\u0131q v\u0259 ya 2 milyard dollardan &ccedil;ox sosial-iqtisadi d\u0259st\u0259k paketi q\u0259bul olunmu\u015fdur.<\/p>\n<p>&Uuml;mumilikd\u0259 d&ouml;vl\u0259t sektoru &uuml;zr\u0259 900 mind\u0259n &ccedil;ox i\u015f&ccedil;inin \u0259m\u0259khaqq\u0131 tam h\u0259cmd\u0259 saxlan\u0131lmaqla, qeyri-d&ouml;vl\u0259t sektoru &uuml;zr\u0259 is\u0259 690 min i\u015f&ccedil;inin \u0259m\u0259khaqq\u0131n\u0131n \u0259h\u0259miyy\u0259tli hiss\u0259si d&ouml;vl\u0259t t\u0259r\u0259find\u0259n &ouml;d\u0259nilir. Bununla yana\u015f\u0131, 600 min azt\u0259minatl\u0131, i\u015fsiz v\u0259 qeyri-r\u0259smi &ccedil;al\u0131\u015fan v\u0259t\u0259nda\u015fa ya\u015fay\u0131\u015f minimumuna uy\u011fun olaraq iki ay \u0259rzind\u0259 v\u0259sait &ouml;d\u0259nilir.<\/p>\n<p>\u0130\u015fsiz \u015f\u0259xsl\u0259rin sosial m&uuml;dafi\u0259si &uuml;&ccedil;&uuml;n ilin sonuna q\u0259d\u0259r 90 min &ouml;d\u0259ni\u015fli ictimai i\u015f yerinin yarad\u0131lmas\u0131 n\u0259z\u0259rd\u0259 tutulur.<br \/>\nBanklar t\u0259r\u0259find\u0259n sahibkarlara yeni veril\u0259n kreditl\u0259rin 60 faizin\u0259 d&ouml;vl\u0259t z\u0259man\u0259ti veril\u0259c\u0259kdir.<\/p>\n<p>Pandemiyan\u0131n bilavasit\u0259 t\u0259sir etdiyi f\u0259aliyy\u0259t sah\u0259l\u0259ri &uuml;zr\u0259 vergi&ouml;d\u0259yicil\u0259rin\u0259 2021-ci il yanvar\u0131n 1-d\u0259k olan d&ouml;vr &uuml;&ccedil;&uuml;n vergi g&uuml;z\u0259\u015ftl\u0259ri v\u0259 vergi t\u0259till\u0259ri edil\u0259c\u0259kdir.<\/p>\n<p>B&uuml;t&uuml;n bunlar at\u0131lan add\u0131mlar\u0131n yaln\u0131z bir hiss\u0259sidir. &Uuml;mumiyy\u0259tl\u0259, d&ouml;vl\u0259tin h\u0259yata ke&ccedil;irdiyi t\u0259dbirl\u0259r\u0259 v\u0259t\u0259nda\u015flar\u0131m\u0131z t\u0259r\u0259find\u0259n &ccedil;ox y&uuml;ks\u0259k qiym\u0259t verilir.<\/p>\n<p>H&ouml;rm\u0259tli h\u0259mkarlar, pandemiya \u015f\u0259raitind\u0259 &ouml;lk\u0259l\u0259rimiz aras\u0131nda ticar\u0259tin a&ccedil;\u0131q saxlan\u0131lmas\u0131 v\u0259 beyn\u0259lxalq y&uuml;kda\u015f\u0131malar\u0131n fasil\u0259siz olaraq h\u0259yata ke&ccedil;irilm\u0259si vacibdir. Az\u0259rbaycan art\u0131q Avrasiyada &ouml;n\u0259mli n\u0259qliyyat v\u0259 logistika m\u0259rk\u0259zl\u0259rind\u0259n birin\u0259 &ccedil;evrilmi\u015fdir. Onlarla &ouml;lk\u0259ni birl\u0259\u015fdir\u0259n \u015e\u0259rq-Q\u0259rb, \u015eimal-C\u0259nub, \u015eimal-Q\u0259rb n\u0259qliyyat d\u0259hlizl\u0259rinin yarad\u0131lmas\u0131nda b&ouml;y&uuml;k rol oynam\u0131\u015fd\u0131r. Pandemiya d&ouml;vr&uuml;nd\u0259 d\u0259 Az\u0259rbaycan etibarl\u0131 tranzit-logistika m\u0259rk\u0259zi kimi &ouml;z roluna m\u0259suliyy\u0259tl\u0259 yana\u015faraq \u0259razisi vasit\u0259sil\u0259 mane\u0259siz tranzit da\u015f\u0131malar\u0131n\u0131 t\u0259min edir.<\/p>\n<p>Eyni zamanda, tibb m&uuml;t\u0259x\u0259ssisl\u0259rinin t\u0259cr&uuml;b\u0259 m&uuml;badil\u0259si, virusa qar\u015f\u0131 m&uuml;bariz\u0259d\u0259 \u0259ld\u0259 edilmi\u015f t\u0259cr&uuml;b\u0259nin, m\u0259lumatlar\u0131n, elmi bilikl\u0259rin b&ouml;l&uuml;\u015f&uuml;lm\u0259si, ehtiyac\u0131 olan &ouml;lk\u0259l\u0259r\u0259 yard\u0131m g&ouml;st\u0259rilm\u0259si m&uuml;h&uuml;m \u0259h\u0259miyy\u0259t k\u0259sb edir.<\/p>\n<p>Zirv\u0259 G&ouml;r&uuml;\u015f&uuml;n&uuml;n t\u0259klif olunan B\u0259yannam\u0259sind\u0259 qeyd edildiyi kimi, Qo\u015fulmama H\u0259r\u0259kat\u0131n\u0131n yarad\u0131lacaq \u0130\u015f&ccedil;i Qrupu &uuml;zv &ouml;lk\u0259l\u0259rin pandemiya il\u0259 ba\u011fl\u0131 humanitar v\u0259 tibbi ehtiyaclar\u0131n\u0131 vahid m\u0259lumat bazas\u0131na daxil ed\u0259c\u0259kdir. H\u0259min m\u0259lumatlar m&uuml;mk&uuml;n yard\u0131mlar\u0131n g&ouml;st\u0259rilm\u0259si &uuml;&ccedil;&uuml;n donor &ouml;lk\u0259l\u0259r\u0259, beyn\u0259lxalq humanitar t\u0259\u015fkilatlara t\u0259qdim edil\u0259c\u0259kdir.<\/p>\n<p>Pandemiyaya qar\u015f\u0131 m&uuml;bariz\u0259d\u0259 \u0259n &ccedil;ox yard\u0131ma ehtiyac\u0131 olan Qo\u015fulmama H\u0259r\u0259kat\u0131 &uuml;zv d&ouml;vl\u0259tl\u0259rini d\u0259st\u0259kl\u0259m\u0259k &uuml;&ccedil;&uuml;n Az\u0259rbaycan &Uuml;mumd&uuml;nya S\u0259hiyy\u0259 T\u0259\u015fkilat\u0131na \u0259lav\u0259 olaraq 5 milyon dollar ian\u0259 ay\u0131r\u0131r. Bu v\u0259sait biziml\u0259 raz\u0131la\u015f\u0131ld\u0131rmaqla \u0259n &ccedil;ox yard\u0131ma ehtiyac\u0131 olan Afrika, Asiya v\u0259 Lat\u0131n Amerikas\u0131 regional qruplar\u0131ndan olan &uuml;zv &ouml;lk\u0259l\u0259r &uuml;&ccedil;&uuml;n n\u0259z\u0259rd\u0259 tutulur.<\/p>\n<p>120 &ouml;lk\u0259ni &ouml;z&uuml;nd\u0259 birl\u0259\u015fdir\u0259n Qo\u015fulmama H\u0259r\u0259kat\u0131 BMT Ba\u015f Assambleyas\u0131ndan sonra \u0259n b&ouml;y&uuml;k beyn\u0259lxalq t\u0259sisatd\u0131r. Az\u0259rbaycan\u0131n s\u0259drliyi d&ouml;vr&uuml;nd\u0259 birg\u0259 s\u0259yl\u0259rimizl\u0259 Qo\u015fulmama H\u0259r\u0259kat\u0131n\u0131n beyn\u0259lxalq n&uuml;fuzunu, beyn\u0259lxalq al\u0259md\u0259 oynad\u0131\u011f\u0131 rolunu art\u0131rmaq \u0259zmind\u0259yik. &Ouml;lk\u0259l\u0259r aras\u0131nda dostluq, h\u0259mr\u0259ylik v\u0259 qar\u015f\u0131l\u0131ql\u0131 d\u0259st\u0259k x&uuml;susi rol oynay\u0131r.<br \/>\nRaz\u0131l\u0131\u011f\u0131n\u0131z olarsa, qlobal h\u0259mr\u0259yliyin n&uuml;mun\u0259si kimi Qo\u015fulmama H\u0259r\u0259kat\u0131n\u0131n &uuml;zv &ouml;lk\u0259l\u0259ri olaraq BMT Nizamnam\u0259sind\u0259 n\u0259z\u0259rd\u0259 tutulan Ba\u015f Assambleyan\u0131n COVID-19 pandemiyas\u0131na h\u0259sr olunmu\u015f d&ouml;vl\u0259t v\u0259 h&ouml;kum\u0259t ba\u015f&ccedil;\u0131lar\u0131 s\u0259viyy\u0259sind\u0259 videokonfrans vasit\u0259sil\u0259 x&uuml;susi sessiyas\u0131n\u0131n ke&ccedil;irilm\u0259si t\u0259klifi il\u0259 &ccedil;\u0131x\u0131\u015f ed\u0259 bil\u0259rik.<\/p>\n<p>Ham\u0131m\u0131z &uuml;&ccedil;&uuml;n bu &ccedil;\u0259tin d&ouml;vrd\u0259 m\u0259n bir daha b&uuml;t&uuml;n d&ouml;vl\u0259tl\u0259ri dostlu\u011fa, qar\u015f\u0131l\u0131ql\u0131 d\u0259st\u0259y\u0259 v\u0259 h\u0259mr\u0259yliy\u0259 d\u0259v\u0259t edir\u0259m.<br \/>\nDiqq\u0259tiniz\u0259 g&ouml;r\u0259 minn\u0259tdaram.<\/p>\n<p><strong>X X X<\/strong><\/p>\n<p>Sonra BMT Ba\u015f Assambleyas\u0131n\u0131n 74-c&uuml; sessiyas\u0131n\u0131n prezidenti Ticani M\u0259h\u0259mm\u0259d-Bande &ccedil;\u0131x\u0131\u015f etdi.<br \/>\nBMT-nin Ba\u015f katibi Antonio Quterre\u015fin videom&uuml;raci\u0259tind\u0259n sonra &Uuml;mumd&uuml;nya S\u0259hiyy\u0259 T\u0259\u015fkilat\u0131n\u0131n Ba\u015f direktoru Tedros Adhanom Qebreyesus v\u0259 Afrika \u0130ttifaq\u0131 Komissiyas\u0131n\u0131n s\u0259dri Musa Faki Mahamat &ccedil;\u0131x\u0131\u015f etdil\u0259r.<br \/>\nDaha sonra Avropa \u0130ttifaq\u0131n\u0131n ali n&uuml;may\u0259nd\u0259si, Avropa Komissiyas\u0131n\u0131n vitse-prezidenti Cozef Borelin videom&uuml;raci\u0259ti t\u0259qdim olundu.<\/p>\n<p>Zirv\u0259 g&ouml;r&uuml;\u015f&uuml; dig\u0259r &ccedil;\u0131x\u0131\u015flarla davam edir.<\/p>\n<p>Qeyd ed\u0259k ki, Qo\u015fulmama H\u0259r\u0259kat\u0131nda 120 d&ouml;vl\u0259tin t\u0259msil olundu\u011funu n\u0259z\u0259r\u0259 alaraq, Zirv\u0259 g&ouml;r&uuml;\u015f&uuml; co\u011frafi t\u0259msil&ccedil;ilik prinsipi \u0259sas\u0131nda Avropa, Asiya, Afrika v\u0259 Lat\u0131n Amerikas\u0131nda yerl\u0259\u015f\u0259n &ouml;lk\u0259l\u0259rin i\u015ftirak\u0131 il\u0259 T\u0259mas Qrupu format\u0131nda ke&ccedil;irilir.<\/p>\n<p>Q\u0131rxdan &ccedil;ox &uuml;zv &ouml;lk\u0259nin d&ouml;vl\u0259t v\u0259 h&ouml;kum\u0259t ba\u015f&ccedil;\u0131lar\u0131n\u0131n qat\u0131ld\u0131qlar\u0131 videokonfransda BMT-nin Ba\u015f katibi, BMT Ba\u015f Assambleyas\u0131n\u0131n prezidenti, Afrika \u0130ttifaq\u0131n\u0131n s\u0259dri, &Uuml;mumd&uuml;nya S\u0259hiyy\u0259 T\u0259\u015fkilat\u0131n\u0131n Ba\u015f direktoru, Avropa \u0130ttifaq\u0131n\u0131n ali n&uuml;may\u0259nd\u0259si d\u0259 i\u015ftirak edirl\u0259r.<\/p>\n<p>Xat\u0131rladaq ki, 2019-cu il oktyabr\u0131n 25-26-da Qo\u015fulmama H\u0259r\u0259kat\u0131n\u0131n XVIII Zirv\u0259 g&ouml;r&uuml;\u015f&uuml; Prezident \u0130lham \u018fliyevin s\u0259drliyi il\u0259 Az\u0259rbaycanda ke&ccedil;irilib. &Uuml;zv d&ouml;vl\u0259tl\u0259rin yekdil d\u0259st\u0259yi v\u0259 raz\u0131l\u0131\u011f\u0131 il\u0259 2019-2022-ci ill\u0259r &uuml;zr\u0259 Qo\u015fulmama H\u0259r\u0259kat\u0131n\u0131n s\u0259drliyini Az\u0259rbaycan Respublikas\u0131 &ouml;z &uuml;z\u0259rin\u0259 g&ouml;t&uuml;r&uuml;b. &Ccedil;oxt\u0259r\u0259fli diplomatiyan\u0131n t\u0259\u015fviq edilm\u0259si, Qo\u015fulmama H\u0259r\u0259kat\u0131n\u0131n &uuml;zv d&ouml;vl\u0259tl\u0259ri aras\u0131nda \u0259m\u0259kda\u015fl\u0131\u011f\u0131n v\u0259 h\u0259mr\u0259yliyin g&uuml;cl\u0259ndirilm\u0259si Prezident \u0130lham \u018fliyev t\u0259r\u0259find\u0259n Az\u0259rbaycan\u0131n Qo\u015fulmama H\u0259r\u0259kat\u0131nda s\u0259drliyinin prioritetl\u0259rind\u0259n biri kimi m&uuml;\u0259yy\u0259n edilib.<\/p>\n<p>Az\u0259rbaycan Respublikas\u0131n\u0131n Prezidenti, T&uuml;rkdilli D&ouml;vl\u0259tl\u0259rin \u018fm\u0259kda\u015fl\u0131q \u015euras\u0131n\u0131n s\u0259dri \u0130lham \u018fliyevin t\u0259\u015f\u0259bb&uuml;s&uuml; il\u0259 bu il aprelin 10-da T&uuml;rk \u015euras\u0131n\u0131n videokonfrans vasit\u0259sil\u0259 f&ouml;vq\u0259lad\u0259 Zirv\u0259 g&ouml;r&uuml;\u015f&uuml; d\u0259 ke&ccedil;irilib. T&uuml;rk \u015euras\u0131 d&uuml;nya miqyas\u0131nda ilk beyn\u0259lxalq t\u0259\u015fkilatd\u0131r ki, d&ouml;vl\u0259t ba\u015f&ccedil;\u0131lar\u0131 s\u0259viyy\u0259sind\u0259 koronavirus pandemiyas\u0131na h\u0259sr olunmu\u015f Zirv\u0259 g&ouml;r&uuml;\u015f&uuml;n&uuml; ke&ccedil;irib. Qeyd olunan t\u0259dbirl\u0259r qlobal s\u0259viyy\u0259d\u0259 beyn\u0259lxalq h\u0259mr\u0259yliyin daha da m&ouml;hk\u0259ml\u0259ndirilm\u0259si istiqam\u0259tind\u0259 \u0259h\u0259miyy\u0259tli t&ouml;hf\u0259dir.<\/p>\n<p>Bel\u0259likl\u0259, Az\u0259rbaycan n\u0259inki milli s\u0259viyy\u0259d\u0259 COVID-19-la m&uuml;bariz\u0259d\u0259 s\u0259m\u0259r\u0259li t\u0259dbirl\u0259r g&ouml;r&uuml;r, eyni zamanda, regional v\u0259 qlobal miqyasda da koronavirusa qar\u015f\u0131 h\u0259mr\u0259yliyin v\u0259 \u0259m\u0259kda\u015fl\u0131\u011f\u0131n g&uuml;cl\u0259ndirilm\u0259sin\u0259 \u0259h\u0259miyy\u0259tli t&ouml;hf\u0259sini verir.<\/p>\n","protected":false},"excerpt":{"rendered":"<p>Qo\u015fulmama H\u0259r\u0259kat\u0131n\u0131n s\u0259dri kimi Prezident \u0130lham \u018fliyevin t\u0259\u015f\u0259bb&uuml;s&uuml; il\u0259 Qo\u015fulmama H\u0259r\u0259kat\u0131n\u0131n T\u0259mas Qrupu format\u0131nda may\u0131n 4-d\u0259 videokonfrans vasit\u0259sil\u0259 koronavirusla m&uuml;bariz\u0259y\u0259 h\u0259sr olunmu\u015f &ldquo;COVID-19-a qar\u015f\u0131 birlikd\u0259yik&rdquo; m&ouml;vzusunda Zirv\u0259 g&ouml;r&uuml;\u015f&uuml; i\u015f\u0259 ba\u015flay\u0131b.&hellip;<\/p>\n","protected":false},"author":1,"featured_media":251278,"comment_status":"open","ping_status":"open","sticky":false,"template":"","format":"standard","meta":{"_lmt_disableupdate":"","_lmt_disable":"","footnotes":""},"categories":[],"tags":[],"class_list":["post-97276","post","type-post","status-publish","format-standard","has-post-thumbnail","hentry"],"_links":{"self":[{"href":"https:\/\/ucnoqta.az\/index.php?rest_route=\/wp\/v2\/posts\/97276","targetHints":{"allow":["GET"]}}],"collection":[{"href":"https:\/\/ucnoqta.az\/index.php?rest_route=\/wp\/v2\/posts"}],"about":[{"href":"https:\/\/ucnoqta.az\/index.php?rest_route=\/wp\/v2\/types\/post"}],"author":[{"embeddable":true,"href":"https:\/\/ucnoqta.az\/index.php?rest_route=\/wp\/v2\/users\/1"}],"replies":[{"embeddable":true,"href":"https:\/\/ucnoqta.az\/index.php?rest_route=%2Fwp%2Fv2%2Fcomments&post=97276"}],"version-history":[{"count":0,"href":"https:\/\/ucnoqta.az\/index.php?rest_route=\/wp\/v2\/posts\/97276\/revisions"}],"wp:featuredmedia":[{"embeddable":true,"href":"https:\/\/ucnoqta.az\/index.php?rest_route=\/wp\/v2\/media\/251278"}],"wp:attachment":[{"href":"https:\/\/ucnoqta.az\/index.php?rest_route=%2Fwp%2Fv2%2Fmedia&parent=97276"}],"wp:term":[{"taxonomy":"category","embeddable":true,"href":"https:\/\/ucnoqta.az\/index.php?rest_route=%2Fwp%2Fv2%2Fcategories&post=97276"},{"taxonomy":"post_tag","embeddable":true,"href":"https:\/\/ucnoqta.az\/index.php?rest_route=%2Fwp%2Fv2%2Ftags&post=97276"}],"curies":[{"name":"wp","href":"https:\/\/api.w.org\/{rel}","templated":true}]}}