{"id":97271,"date":"2020-05-04T14:50:47","date_gmt":"2020-05-04T10:50:47","guid":{"rendered":""},"modified":"-0001-11-30T00:00:00","modified_gmt":"-0001-11-29T20:00:00","slug":"","status":"publish","type":"post","link":"https:\/\/ucnoqta.az\/?p=97271","title":{"rendered":"Daha 6 v\u0259zif\u0259li \u015f\u0259xs bar\u0259sind\u0259 cinay\u0259t i\u015fi ba\u015fland\u0131"},"content":{"rendered":"<p><em>Koronavirus infeksiyas\u0131n\u0131n respublika \u0259razisind\u0259 yarada bil\u0259c\u0259yi t\u0259hl&uuml;k\u0259nin qar\u015f\u0131s\u0131n\u0131n al\u0131nmas\u0131, profilaktik v\u0259 t\u0259xir\u0259sal\u0131nmaz t\u0259dbirl\u0259rin h\u0259yata ke&ccedil;irilm\u0259si m\u0259qs\u0259dil\u0259 Az\u0259rbaycan Respublikas\u0131n\u0131n Prezidenti c\u0259nab \u0130lham \u018fliyevin tap\u015f\u0131r\u0131\u011f\u0131 il\u0259 yarad\u0131lm\u0131\u015f Nazirl\u0259r Kabineti yan\u0131nda Operativ Q\u0259rargah t\u0259r\u0259find\u0259n elan edil\u0259n x&uuml;susi karantin rejimi qaydalar\u0131n\u0131n m&uuml;xt\u0259lif yollarla pozulmas\u0131, h\u0259min d&ouml;vrd\u0259 i\u015fl\u0259m\u0259y\u0259n \u015f\u0259xsl\u0259r\u0259 v\u0259 az t\u0259minatl\u0131 ail\u0259l\u0259r\u0259 ayr\u0131lm\u0131\u015f \u0259rzaq yard\u0131mlar\u0131n\u0131n paylanmas\u0131nda yol verilmi\u015f neqativ hallara qar\u015f\u0131 prokurorluq orqanlar\u0131 t\u0259r\u0259find\u0259n \u015f\u0259h\u0259r v\u0259 rayon icra hakimiyy\u0259tl\u0259ri il\u0259 \u0259laq\u0259li \u015f\u0259kild\u0259 qanunam&uuml;vafiq t\u0259dbirl\u0259r davam etdirilir.<\/em><\/p>\n<p>Ba\u015f Prokurorlu\u011fun M\u0259tbuat Xidm\u0259tind\u0259n Ucnoqta.az-a veril\u0259n m\u0259lumata g&ouml;r\u0259, Sabirabad, A\u011fcab\u0259di v\u0259 T\u0259rt\u0259r rayon \u0130cra Hakimiyy\u0259ti ba\u015f&ccedil;\u0131lar\u0131n\u0131n inzibati \u0259razi n&uuml;may\u0259nd\u0259likl\u0259rinin b\u0259zi v\u0259zif\u0259li \u015f\u0259xsl\u0259rinin bu q\u0259bild\u0259n olan qanunazidd hallara yol verm\u0259l\u0259ri bar\u0259d\u0259 rayon icra hakimiyy\u0259tl\u0259rind\u0259n rayon prokurorluqlar\u0131na daxil olmu\u015f m&uuml;raci\u0259tl\u0259r\u0259 bax\u0131l\u0131b.<\/p>\n<p>Ara\u015fd\u0131rmalarla Sabirabad rayon \u0130cra Hakimiy\u0259tind\u0259n rayonun Ulacal\u0131 k\u0259nd inzibati \u0259razi dair\u0259si &uuml;zr\u0259 n&uuml;may\u0259nd\u0259si Mehman C\u0259f\u0259rov v\u0259 rayonun Quruzma k\u0259nd inzibati \u0259razi dair\u0259si &uuml;zr\u0259 n&uuml;may\u0259nd\u0259si \u0130qbal \u018fliyevin Heyd\u0259r \u018fliyev Fondu t\u0259r\u0259find\u0259n imkans\u0131z ail\u0259l\u0259r\u0259 g&ouml;nd\u0259rilmi\u015f \u0259rzaq yard\u0131m\u0131n\u0131n paylanmas\u0131 zaman\u0131 neqativ hallara yol ver\u0259r\u0259k \u0259rzaq paylar\u0131n\u0131 &ouml;zl\u0259rinin yax\u0131n qohumlar\u0131na, o c&uuml;ml\u0259d\u0259n k\u0259ndin imkanl\u0131 \u015f\u0259xsl\u0259rin\u0259 paylamalar\u0131na, M.C\u0259f\u0259rov v\u0259 \u0130.\u018fliyevin v\u0259zif\u0259 saxtakarl\u0131\u011f\u0131 etm\u0259kl\u0259 x&uuml;susi karantin rejimi qaydalar\u0131n\u0131 pozaraq s\u0259rb\u0259st h\u0259r\u0259k\u0259t etm\u0259k ist\u0259y\u0259n \u015f\u0259xsl\u0259r\u0259 qanunsuz olaraq aray\u0131\u015flar verm\u0259sin\u0259 \u0259sasl\u0131 \u015f&uuml;bh\u0259l\u0259r m&uuml;\u0259yy\u0259n olunub.<\/p>\n<p>A\u011fcab\u0259di rayon \u0130cra Hakimiyy\u0259ti ba\u015f&ccedil;\u0131s\u0131n\u0131n P\u0259rio\u011fullar k\u0259nd inzibati \u0259razi dair\u0259si &uuml;zr\u0259 n&uuml;may\u0259nd\u0259si \u0130mran H\u0259s\u0259nov, Aran k\u0259nd inzibati \u0259razi dair\u0259si &uuml;zr\u0259 n&uuml;may\u0259nd\u0259si M\u0259zahir \u018fmirahov v\u0259 m&uuml;avini Allahverdi H&uuml;seynovun v\u0259zif\u0259 saxtakarl\u0131\u011f\u0131na yol ver\u0259r\u0259k aray\u0131\u015flara bil\u0259-bil\u0259 yalan m\u0259lumatlar daxil edib ayr\u0131-ayr\u0131 \u015f\u0259xsl\u0259rin x&uuml;susi karantin rejimi qaydalar\u0131na zidd olaraq rayon \u0259razisini t\u0259rk etm\u0259sin\u0259 \u015f\u0259rait yaratmalar\u0131na \u0259sasl\u0131 \u015f&uuml;bh\u0259l\u0259r m&uuml;\u0259yy\u0259n olunub.<\/p>\n<p>Bundan ba\u015fqa, T\u0259rt\u0259r rayon \u0130cra Hakimiyy\u0259ti Ba\u015f&ccedil;\u0131s\u0131n\u0131n Mam\u0131rl\u0131 k\u0259nd inzibati \u0259razi dair\u0259si &uuml;zr\u0259 n&uuml;may\u0259nd\u0259si \u015eahid M\u0259mm\u0259dov t\u0259r\u0259find\u0259n d\u0259 eyni m\u0259zmunlu qanun pozuntusuna yol verilib. Bel\u0259 ki, \u015eahid M\u0259mm\u0259dovun v\u0259zif\u0259 saxtakarl\u0131\u011f\u0131 edilm\u0259kl\u0259 x&uuml;susi karantin rejimi qaydalar\u0131n\u0131 pozaraq s\u0259rb\u0259st h\u0259r\u0259k\u0259t etm\u0259k ist\u0259y\u0259n \u015f\u0259xsl\u0259r\u0259 qanunsuz olaraq aray\u0131\u015flar verilm\u0259sin\u0259 \u0259sasl\u0131 \u015f&uuml;bh\u0259l\u0259r m&uuml;\u0259yy\u0259n olunub.<\/p>\n<p>Qeyd olunan \u015f\u0259xsl\u0259r m&uuml;vafiq rayon \u0130cra hakimiyy\u0259ti ba\u015f&ccedil;\u0131lar\u0131n\u0131n \u0259mrl\u0259ri il\u0259 tutduqlar\u0131 v\u0259zif\u0259d\u0259n azad edilibl\u0259r.<br \/>\nToplanm\u0131\u015f materiallar &uuml;zr\u0259 Sabirabad, A\u011fcab\u0259di v\u0259 T\u0259rt\u0259r rayon prokurorluqlar\u0131nda Cinay\u0259t M\u0259c\u0259ll\u0259sinin 313-c&uuml; (v\u0259zif\u0259 saxtakarl\u0131\u011f\u0131) madd\u0259l\u0259ri il\u0259 cinay\u0259t i\u015fl\u0259ri ba\u015flan\u0131b.<br \/>\nHaz\u0131rda h\u0259min i\u015fl\u0259r &uuml;zr\u0259 t\u0259qsirli \u015f\u0259xsl\u0259rin dair\u0259sinin tam m&uuml;\u0259yy\u0259nl\u0259\u015fdiril\u0259r\u0259k m\u0259suliyy\u0259t\u0259 c\u0259lb edilm\u0259l\u0259ri istiqam\u0259tind\u0259 z\u0259ruri istintaq-\u0259m\u0259liyyat t\u0259dbirl\u0259ri davam etdirilir.<\/p>\n<p>Az\u0259rbaycan Respublikas\u0131n\u0131n Ba\u015f Prokurorlu\u011fu bu q\u0259bild\u0259n olan qanunazidd hallarla &uuml;zl\u0259\u015f\u0259n v\u0259t\u0259nda\u015flara m&uuml;raci\u0259t ed\u0259r\u0259k &ldquo;961&rdquo; n&ouml;mr\u0259li &ldquo;&Ccedil;a\u011fr\u0131 M\u0259rk\u0259zi&rdquo;n\u0259 m\u0259lumat verm\u0259l\u0259rini xahi\u015f edir.<\/p>\n","protected":false},"excerpt":{"rendered":"<p>Koronavirus infeksiyas\u0131n\u0131n respublika \u0259razisind\u0259 yarada bil\u0259c\u0259yi t\u0259hl&uuml;k\u0259nin qar\u015f\u0131s\u0131n\u0131n al\u0131nmas\u0131, profilaktik v\u0259 t\u0259xir\u0259sal\u0131nmaz t\u0259dbirl\u0259rin h\u0259yata ke&ccedil;irilm\u0259si m\u0259qs\u0259dil\u0259 Az\u0259rbaycan Respublikas\u0131n\u0131n Prezidenti c\u0259nab \u0130lham \u018fliyevin tap\u015f\u0131r\u0131\u011f\u0131 il\u0259 yarad\u0131lm\u0131\u015f Nazirl\u0259r Kabineti yan\u0131nda Operativ Q\u0259rargah&hellip;<\/p>\n","protected":false},"author":1,"featured_media":251278,"comment_status":"open","ping_status":"open","sticky":false,"template":"","format":"standard","meta":{"_lmt_disableupdate":"","_lmt_disable":"","footnotes":""},"categories":[],"tags":[],"class_list":["post-97271","post","type-post","status-publish","format-standard","has-post-thumbnail","hentry"],"_links":{"self":[{"href":"https:\/\/ucnoqta.az\/index.php?rest_route=\/wp\/v2\/posts\/97271","targetHints":{"allow":["GET"]}}],"collection":[{"href":"https:\/\/ucnoqta.az\/index.php?rest_route=\/wp\/v2\/posts"}],"about":[{"href":"https:\/\/ucnoqta.az\/index.php?rest_route=\/wp\/v2\/types\/post"}],"author":[{"embeddable":true,"href":"https:\/\/ucnoqta.az\/index.php?rest_route=\/wp\/v2\/users\/1"}],"replies":[{"embeddable":true,"href":"https:\/\/ucnoqta.az\/index.php?rest_route=%2Fwp%2Fv2%2Fcomments&post=97271"}],"version-history":[{"count":0,"href":"https:\/\/ucnoqta.az\/index.php?rest_route=\/wp\/v2\/posts\/97271\/revisions"}],"wp:featuredmedia":[{"embeddable":true,"href":"https:\/\/ucnoqta.az\/index.php?rest_route=\/wp\/v2\/media\/251278"}],"wp:attachment":[{"href":"https:\/\/ucnoqta.az\/index.php?rest_route=%2Fwp%2Fv2%2Fmedia&parent=97271"}],"wp:term":[{"taxonomy":"category","embeddable":true,"href":"https:\/\/ucnoqta.az\/index.php?rest_route=%2Fwp%2Fv2%2Fcategories&post=97271"},{"taxonomy":"post_tag","embeddable":true,"href":"https:\/\/ucnoqta.az\/index.php?rest_route=%2Fwp%2Fv2%2Ftags&post=97271"}],"curies":[{"name":"wp","href":"https:\/\/api.w.org\/{rel}","templated":true}]}}