{"id":97266,"date":"2020-05-04T13:09:40","date_gmt":"2020-05-04T09:09:40","guid":{"rendered":""},"modified":"-0001-11-30T00:00:00","modified_gmt":"-0001-11-29T20:00:00","slug":"","status":"publish","type":"post","link":"https:\/\/ucnoqta.az\/?p=97266","title":{"rendered":"\u0130slahatlar m\u00fcnt\u0259z\u0259m inki\u015faf yolu v\u0259 yeni \u00e7a\u011f\u0131r\u0131\u015flara cavabd\u0131r"},"content":{"rendered":"<p><strong>S\u0259m\u0259d Seyidov: &ldquo;D&ouml;vl\u0259timizin ba\u015f&ccedil;\u0131s\u0131n\u0131n islahatlar\u0131 &ouml;lk\u0259d\u0259 at\u0131lm\u0131\u015f v\u0259 haz\u0131rda at\u0131lan add\u0131mlara d\u0259rind\u0259n d&uuml;\u015f&uuml;n&uuml;lm&uuml;\u015f, planl\u0131 v\u0259 kompleks yana\u015fmad\u0131&rdquo;<\/strong><\/p>\n<p>\u0130slahatlar m&uuml;nt\u0259z\u0259m inki\u015faf yolu v\u0259 yeni &ccedil;a\u011f\u0131r\u0131\u015flara cavabd\u0131r. Bu fikr\u0259 g\u0259lm\u0259yim\u0259 s\u0259b\u0259b, islahatlar\u0131n bir d&ouml;vl\u0259tin m&uuml;nt\u0259z\u0259m inki\u015faf\u0131n\u0131 qoruma, meydana &ccedil;\u0131xan yeni &ccedil;a\u011f\u0131r\u0131\u015flara zaman\u0131nda v\u0259 adekvat reaksiya verm\u0259 bacar\u0131\u011f\u0131, b&uuml;t&uuml;n bunlarla yana\u015f\u0131, idar\u0259&ccedil;ilik sistemini k&ouml;kl&uuml; \u015f\u0259kild\u0259 t\u0259kmill\u0259\u015fdir\u0259n, d\u0259yi\u015f\u0259n, bu v\u0259zif\u0259l\u0259rin realiz\u0259sini t\u0259min etm\u0259sidir. B&uuml;t&uuml;n bunlar\u0131n yerin\u0259 yetirilm\u0259si m&uuml;mk&uuml;n olmad\u0131\u011f\u0131 halda, xaos v\u0259 s&uuml;qut qa&ccedil;\u0131n\u0131lmaz olur. \u0130slahatlar lab&uuml;d olduqlar\u0131 q\u0259d\u0259r t\u0259hl&uuml;k\u0259lidir, bel\u0259 ki, qeyri-sabit \u015f\u0259rtl\u0259rd\u0259, sabitliyin t\u0259minat\u0131 t\u0259l\u0259b olunur.<\/p>\n<p>Bu fikirl\u0259r Milli M\u0259clisin Beyn\u0259lxalq m&uuml;nasib\u0259tl\u0259r v\u0259 parlamentl\u0259raras\u0131 \u0259laq\u0259l\u0259r komit\u0259sinin s\u0259dri, Az\u0259rbaycan\u0131n A\u015ePA-dak\u0131 n&uuml;may\u0259nd\u0259 hey\u0259tinin r\u0259hb\u0259ri, psixologiya elml\u0259ri doktoru, professor S\u0259m\u0259d Seyidovun &ldquo;\u0130slahatlar: m&uuml;nt\u0259z\u0259m inki\u015faf yolu v\u0259 yeni &ccedil;a\u011f\u0131r\u0131\u015flara cavab&rdquo; s\u0259rl&ouml;vh\u0259li m\u0259qal\u0259sind\u0259 yer al\u0131b.&nbsp; M\u0259qal\u0259ni t\u0259qdim edirik.<\/p>\n<p>Tarixd\u0259 u\u011furlu, el\u0259c\u0259 d\u0259 u\u011fursuz islahatlara dair bir s\u0131ra n&uuml;mun\u0259l\u0259r m&ouml;vcuddur. M\u0259s\u0259l\u0259n, u\u011furlu islahatlar s\u0131ras\u0131nda &ndash; Koreya m&ouml;c&uuml;z\u0259sini, Sinqapur t\u0259cr&uuml;b\u0259sini, Turqut &Ouml;zal\u0131n islahatlar\u0131n\u0131, &Ccedil;inin transformasiya t\u0259cr&uuml;b\u0259sini, u\u011fursuz islahatlar kimi is\u0259 Sovet \u0130ttifaq\u0131n\u0131n da\u011f\u0131lmas\u0131na g\u0259tirib &ccedil;\u0131xaran Qorba&ccedil;ovun v\u0259 ya Avropada populist v\u0259 ultra sa\u011f&ccedil;\u0131lar\u0131n hakimiyy\u0259t\u0259 g\u0259lm\u0259sin\u0259 s\u0259b\u0259b olan liberalizmin qlobal islahatlar\u0131n\u0131 g&ouml;st\u0259rm\u0259k olar. \u015eirk\u0259t v\u0259 ya beyn\u0259lxalq korporasiyalar s\u0259viyy\u0259sind\u0259 d\u0259 bel\u0259 u\u011furlu v\u0259 u\u011fursuz islahatlara rast g\u0259lm\u0259k m&uuml;mk&uuml;nd&uuml;r. Stiv Cobsun islahatlar\u0131 &ldquo;Apple&rdquo;\u0131 d&uuml;nya \u015firk\u0259tin\u0259 &ccedil;evirdi, amma &ldquo;Nokia&rdquo; v\u0259 &ldquo;BlackBerry&rdquo;d\u0259 ba\u015f ver\u0259n d\u0259yi\u015fikl\u0259r, bu iki n\u0259h\u0259ngin d&uuml;nya kommunikasiya sisteml\u0259ri bazar\u0131ndan tamam\u0259n k\u0259narda qalmas\u0131na yol a&ccedil;d\u0131. B&uuml;t&uuml;n bu misallar, el\u0259c\u0259 d\u0259 aliml\u0259rin t\u0259dqiqatlar\u0131 islahatlar\u0131n m&uuml;\u0259yy\u0259n \u015f\u0259rtl\u0259r alt\u0131nda h\u0259yata ke&ccedil;irildiyi zaman u\u011furlu olaca\u011f\u0131ndan x\u0259b\u0259r verir: 1. C\u0259miyy\u0259t islahatlar &uuml;&ccedil;&uuml;n yeti\u015fm\u0259li v\u0259 bu prosess\u0259 t\u0259l\u0259b real olaraq hiss edilm\u0259lidir. 2. \u0130slahatlar milli maraqlara v\u0259 mill\u0259tin tarixi inki\u015faf m\u0259ntiqin\u0259 m&uuml;vafiq olmal\u0131d\u0131r. 3. \u0130slahatlar d&ouml;vl\u0259t aparat\u0131n\u0131n s\u0259m\u0259r\u0259liliyini g&uuml;cl\u0259ndirm\u0259li, eyni zamanda, c\u0259miyy\u0259ti yeni m\u0259s\u0259l\u0259l\u0259rin h\u0259llin\u0259 mobiliz\u0259 etm\u0259lidir. 4. \u0130slahatlar planl\u0131, d&uuml;\u015f&uuml;n&uuml;lm&uuml;\u015f v\u0259 kompleks \u015f\u0259klind\u0259 olmal\u0131d\u0131r. 5. \u0130slahatlar dig\u0259r &ouml;lk\u0259l\u0259rin t\u0259cr&uuml;b\u0259sini kor-koran\u0259 t\u0259krar etm\u0259m\u0259lidir, d&uuml;nya t\u0259cr&uuml;b\u0259sind\u0259n istifad\u0259 standartla\u015fd\u0131r\u0131lmal\u0131, yerli lokal \u015f\u0259rtl\u0259r\u0259 v\u0259 &ouml;lk\u0259 \u0259razisind\u0259 ya\u015fayan insanlar\u0131n mentall\u0131\u011f\u0131na adaptasiya edilm\u0259lidir. 6. \u018fn \u0259sas\u0131 islahatlar n&uuml;fuzu, q\u0259tiyy\u0259ti v\u0259 irad\u0259si, sona q\u0259d\u0259r m&uuml;bariz\u0259 aparma\u011fa haz\u0131r olmas\u0131 he&ccedil; kimd\u0259 \u015f&uuml;bh\u0259 yaratmayan lider t\u0259r\u0259find\u0259n h\u0259yata ke&ccedil;irilm\u0259lidir.<\/p>\n<p>M&uuml;st\u0259qilliyimizin ilk g&uuml;nl\u0259rind\u0259 d&ouml;vl\u0259t&ccedil;iliyimizi m\u0259hv etm\u0259k, onu par&ccedil;alamaq, d&uuml;nya siyasi x\u0259rit\u0259sind\u0259n silm\u0259k c\u0259hdl\u0259ri 1990-c\u0131 ill\u0259rin \u0259vv\u0259ll\u0259rind\u0259 \u015fahidi oldu\u011fumuz bir &ccedil;ox cinay\u0259tkar akt v\u0259 add\u0131mlarda t\u0259zah&uuml;r edirdi. Bu cinay\u0259tkar akt v\u0259 add\u0131mlar s\u0131ras\u0131na h\u0259m Erm\u0259nistan\u0131n aqressiyas\u0131 v\u0259 torpaqlar\u0131m\u0131z\u0131n i\u015f\u011fal\u0131, d&ouml;vl\u0259tin d&uuml;\u015fm\u0259nl\u0259ri t\u0259r\u0259find\u0259n an\u0131nda istifad\u0259 edil\u0259r\u0259k hakimiyy\u0259t\u0259 g\u0259lmi\u015f c\u0259bh\u0259&ccedil;il\u0259rin v\u0259 m&uuml;savat&ccedil;\u0131lar\u0131n s\u0259ri\u015ft\u0259sizliyi, &ouml;lk\u0259nin c\u0259nubunda, el\u0259c\u0259 d\u0259 \u015fimal\u0131nda daxili v\u0259 xarici d&uuml;\u015fm\u0259nl\u0259r t\u0259r\u0259find\u0259n q\u0131z\u0131\u015fd\u0131r\u0131lan separatizm, h\u0259m d\u0259 acl\u0131q, talan daxil idi.<\/p>\n<p>M\u0259n \u0259min\u0259m ki, \u0259g\u0259r 1993-c&uuml; ild\u0259 &uuml;mummilli lider Heyd\u0259r \u018fliyev hakimiyy\u0259t\u0259 g\u0259lm\u0259s\u0259ydi, ya\u015fad\u0131\u011f\u0131 b\u0259lalar ucbat\u0131ndan qaranl\u0131\u011fa q\u0259rq olmu\u015f mill\u0259t &ouml;z o\u011flunu lider se&ccedil;m\u0259s\u0259ydi, haz\u0131rda sahib oldu\u011fumuz &ouml;lk\u0259 m&ouml;vcud olmazd\u0131. Bir \u0259sr \u0259rzind\u0259 m&uuml;st\u0259qilliyimizi ikinci d\u0259f\u0259 itirm\u0259yimiz\u0259 dair k\u0259d\u0259rli bir tarix yaz\u0131s\u0131 olard\u0131. Bu bar\u0259d\u0259 &ccedil;ox yaz\u0131l\u0131b, &ccedil;ox s&ouml;z deyilib, t\u0259krarlamaq ist\u0259m\u0259zdim, bir \u015feyi qeyd etm\u0259k ist\u0259rdim ki, 1993-c&uuml; il iyunun 15-i Heyd\u0259r \u018fliyevin hakimiyy\u0259t\u0259 g\u0259lm\u0259si il\u0259 qeyd etdiyimiz Milli Qurtulu\u015f G&uuml;n&uuml;, \u0259slind\u0259, bizim xilas\u0131m\u0131z\u0131, xaosdan v\u0259 d&ouml;vl\u0259t kimi yer &uuml;z&uuml;nd\u0259n silinm\u0259kd\u0259n qurtulu\u015fumuzu ehtiva edir. 1993-2003-c&uuml; ill\u0259ri \u0259hat\u0259 ed\u0259n onillik d&ouml;vr&uuml;nd\u0259 Heyd\u0259r \u018fliyev sabitliyi v\u0259 d&ouml;vl\u0259tin q&uuml;dr\u0259tini, onun institutlar\u0131n\u0131 g&uuml;cl\u0259ndirmi\u015f, d&ouml;vl\u0259tin \u0259sas\u0131n\u0131, t\u0259m\u0259lini yaratm\u0131\u015fd\u0131r. M\u0259hz bu quruculuq, d&ouml;vl\u0259t&ccedil;iliyin m&ouml;hk\u0259ml\u0259ndirilm\u0259si ideyalar\u0131 2003-c&uuml; ild\u0259 hakimiyy\u0259t\u0259 g\u0259l\u0259n \u0130lham \u018fliyevin siyas\u0259tinin leytmotivl\u0259rin\u0259 &ccedil;evrildi. Yolun ba\u015flan\u011f\u0131c\u0131ndak\u0131 q\u0259d\u0259r olmasa da, &ccedil;ox &ccedil;\u0259tin \u015f\u0259rtl\u0259r d&uuml;nyag&ouml;r&uuml;\u015f&uuml;nd\u0259 sabit, h\u0259tta dey\u0259rdim bir q\u0259d\u0259r s\u0259rt dayan\u0131ql\u0131 v\u0259 yoxlan\u0131lm\u0131\u015f adamlar t\u0259l\u0259b edirdi.<\/p>\n<p>D&uuml;nya Az\u0259rbaycan\u0131 yeni tan\u0131ma\u011fa ba\u015flay\u0131rd\u0131, bu s\u0259b\u0259bd\u0259n d\u0259 &ouml;lk\u0259, &ouml;z ayaqlar\u0131 &uuml;st&uuml;nd\u0259 m&ouml;hk\u0259m dayanmal\u0131, ona qar\u015f\u0131 destruktiv siyas\u0259t y&uuml;r&uuml;d\u0259n h\u0259r k\u0259s\u0259 qar\u015f\u0131 dayan\u0131ql\u0131 olmal\u0131 idi. &ldquo;K&ouml;hn\u0259&rdquo; m\u0259kt\u0259bin yetirm\u0259l\u0259rinin, t\u0259cr&uuml;b\u0259li idar\u0259&ccedil;il\u0259rin v\u0259 yoxlan\u0131lm\u0131\u015f adamlar\u0131n idar\u0259&ccedil;iliy\u0259 c\u0259lb edilm\u0259sin\u0259 m\u0259hz bu s\u0259b\u0259b oldu. Uzun ill\u0259r ke&ccedil;dikd\u0259n sonra ayd\u0131n olur ki, xalq\u0131n v\u0259 &ouml;lk\u0259nin taleyi il\u0259 oynamaq, eksperiment aparmaq olmazd\u0131. H\u0259tta n&uuml;fuza d\u0259y\u0259n m&uuml;\u0259yy\u0259n x\u0259l\u0259l\u0259 baxmayaraq, d&ouml;vl\u0259tin, onun q&uuml;dr\u0259tinin v\u0259 m&uuml;st\u0259qilliyinin quruculu\u011funu dayand\u0131rmaq olmazd\u0131. Zaman ke&ccedil;ir, d&ouml;vl\u0259t&ccedil;iliyimizin qurulmas\u0131n\u0131n ba\u015flan\u011f\u0131c\u0131nda qar\u015f\u0131ya qoyulan v\u0259zif\u0259l\u0259r yerin\u0259 yetirildi &ndash; d&ouml;vl\u0259t quruldu. Yarad\u0131lan d&ouml;vl\u0259t art\u0131q beyn\u0259lxalq al\u0259md\u0259 tan\u0131nan, g&uuml;cl&uuml;, \u0259n \u0259sas\u0131 g\u0259nc v\u0259 perspektivlidir. Art\u0131q onun qar\u015f\u0131s\u0131nda, beyn\u0259lxalq n&uuml;fuz v\u0259 d&uuml;nya arenalar\u0131na ged\u0259n b&uuml;t&uuml;n yollar a&ccedil;\u0131q idi, bu d&ouml;vl\u0259t yeni, savadl\u0131 v\u0259 d&uuml;nya standartlar\u0131na m&uuml;vafiq potensiala sahib idi, m\u0259hz bu potensial ehtimal edildiyi kimi, hakimiyy\u0259t\u0259 g\u0259l\u0259r\u0259k zamanla k&ouml;hn\u0259 idar\u0259&ccedil;ilik &uuml;sullar\u0131 il\u0259 ziddiyy\u0259t\u0259 girm\u0259y\u0259 ba\u015flad\u0131.<\/p>\n<p>Yenilik, yenil\u0259nm\u0259k, d&uuml;nya t\u0259cr&uuml;b\u0259sin\u0259 inteqrasiya arzusu, apar\u0131lan siyas\u0259tin bir hiss\u0259si deyil, art\u0131q onun \u0259sas b\u0259ndin\u0259 &ccedil;evril\u0259r\u0259k, getdikc\u0259 daha &ccedil;ox c\u0259miyy\u0259td\u0259 \u0259hval-ruhiyy\u0259ni \u0259ks etdirirdi. Siyas\u0259tin \u0259sas prioritetl\u0259ri olan inki\u015faf\u0131n sabitliyi v\u0259 dayan\u0131ql\u0131l\u0131\u011f\u0131 &ouml;lk\u0259d\u0259 q\u0259bul edil\u0259n m\u0259fhumlara &ccedil;evrildi v\u0259 ona &ldquo;al\u0131\u015fan&rdquo; c\u0259miyy\u0259t &ouml;z&uuml;n\u0259 sakit \u015f\u0259kild\u0259 yenil\u0259nm\u0259yi icaz\u0259 ver\u0259 bil\u0259rdi. Amma bu arzu zamanla yenil\u0259nm\u0259 t\u0259l\u0259bin\u0259 &ccedil;evrildi, tarixi missiyas\u0131n\u0131 yerin\u0259 yetirmi\u015f k&ouml;hn\u0259 idar\u0259&ccedil;ilik &uuml;sullar\u0131, yeninin l\u0259ngim\u0259sin\u0259 s\u0259b\u0259b, b\u0259z\u0259n is\u0259 islahatlar\u0131n qar\u015f\u0131s\u0131n\u0131 alaraq c\u0259miyy\u0259tin yenil\u0259nm\u0259sin\u0259 mane olurdu, bu da d&ouml;vl\u0259tin sabitliyin\u0259 v\u0259 inki\u015faf perspektivl\u0259rin\u0259 t\u0259hdid yarad\u0131rd\u0131.<\/p>\n<p>\u0130lham \u018fliyev bunu g&ouml;r&uuml;rd&uuml; v\u0259 hiss edirdi, o, uzaqg&ouml;r\u0259n siyas\u0259t&ccedil;i kimi islahatlara olan sosial sifari\u015fin art\u0131q yarand\u0131\u011f\u0131n\u0131, onun v\u0259zif\u0259sinin bu xalq sifari\u015finin milli maraqlara v\u0259 &ouml;lk\u0259nin tarixi inki\u015faf m\u0259ntiqin\u0259 uy\u011fun formala\u015fd\u0131rmaqdan ibar\u0259t oldu\u011funu anlay\u0131rd\u0131. \u0130slahatlar yolu &ccedil;\u0259tin, a\u011fr\u0131l\u0131 prosesdir, c\u0259miyy\u0259t k&ouml;hn\u0259 v\u0259 doqmatik qaydalardan adi insanlar\u0131n sosial h&uuml;quqlar\u0131na v\u0259 azadl\u0131\u011f\u0131n\u0131 tapdalayan, bir \u015feyi deyib, insafs\u0131zcas\u0131na ba\u015fqa bir \u015fey ed\u0259n b&uuml;rokratlardan, har\u0131nlam\u0131\u015f m\u0259murlardan, r&uuml;\u015fv\u0259txorlardan yorulub. Onlar\u0131 d\u0259yi\u015fm\u0259k, amma el\u0259 d\u0259yi\u015fm\u0259k laz\u0131m idi ki, bu sad\u0259c\u0259 kadr d\u0259yi\u015fikliyini deyil, h\u0259m d\u0259 d&ouml;vl\u0259t siyas\u0259tinin s\u0259m\u0259r\u0259liliyini m&ouml;hk\u0259ml\u0259ndirm\u0259yi v\u0259 d&ouml;vl\u0259t siyas\u0259tinin s\u0259m\u0259r\u0259liliyin\u0259 geni\u015f \u0259hali t\u0259b\u0259q\u0259sinin t\u0259sirini t\u0259min etsin.<\/p>\n<p>Bu ikiqat s\u0259m\u0259r\u0259lilik v\u0259zif\u0259sini Prezident \u0130lham \u018fliyev yeni islahatlar siyas\u0259tinin savadl\u0131l\u0131q, g\u0259nclik v\u0259 d&ouml;vl\u0259t&ccedil;ilik kimi &uuml;&ccedil; \u0259sas t\u0259m\u0259lin\u0259 \u0259saslanaraq m\u0259har\u0259tl\u0259 yerin\u0259 yetirdi. O, sad\u0259c\u0259 g\u0259ncl\u0259r\u0259 deyil, savadl\u0131, a\u011f\u0131ll\u0131, milli d\u0259y\u0259rl\u0259ri anlayan v\u0259 q\u0259bul ed\u0259n, &ouml;lk\u0259nin d&ouml;vl\u0259t&ccedil;iliyini, m&uuml;st\u0259qilliyini qoruyan g\u0259ncl\u0259r\u0259 g&uuml;v\u0259n\u0259r\u0259k, k&ouml;hn\u0259d\u0259n yeniy\u0259 ke&ccedil;idi t\u0259min etdi. Prezident \u018fliyev kadrlardan &ccedil;ox, d&ouml;vl\u0259t strukturlar\u0131n\u0131, hakimiyy\u0259t\u0259 g\u0259l\u0259n insanlar\u0131n mentalitetini d\u0259yi\u015fm\u0259y\u0259 ba\u015flad\u0131. Bunu m&uuml;t\u0259madi, inadla ilkin olaraq izahlar, daha sonra x\u0259b\u0259rdarl\u0131qlar, t&ouml;hm\u0259tl\u0259r v\u0259 yaln\u0131z t\u0259l\u0259b olundu\u011fu hallarda c\u0259zalar t\u0259tbiq ed\u0259r\u0259k h\u0259yata ke&ccedil;irdi.<\/p>\n<p>Prezident \u0130lham \u018fliyevin islahatlar\u0131 yaln\u0131z bizim haz\u0131rda g&ouml;rd&uuml;y&uuml;m&uuml;z d\u0259yi\u015fmi\u015f idar\u0259&ccedil;il\u0259r n\u0259sli, yeni d&ouml;vl\u0259t strukturlar\u0131, hakimiyy\u0259t strukturlar\u0131n\u0131n f\u0259aliyy\u0259tinin qiym\u0259tl\u0259ndirilm\u0259sin\u0259 yana\u015fmalar\u0131n d\u0259yi\u015fm\u0259si deyil. D&ouml;vl\u0259timizin ba\u015f&ccedil;\u0131s\u0131n\u0131n islahatlar\u0131 &ouml;lk\u0259d\u0259 at\u0131lm\u0131\u015f v\u0259 haz\u0131rda at\u0131lan add\u0131mlara d\u0259rind\u0259n d&uuml;\u015f&uuml;n&uuml;lm&uuml;\u015f, planl\u0131 v\u0259 kompleks yana\u015fmad\u0131r. Bu, ba\u015f ver\u0259n hadis\u0259l\u0259r\u0259 reaksiya prinsipini da\u015f\u0131yan i\u015f deyil, hadis\u0259l\u0259ri qabaqlamaq &uuml;&ccedil;&uuml;n at\u0131lan add\u0131mlard\u0131r.<\/p>\n<p>Bak\u0131-Tbilisi-Ceyhan\u0131n \u015f\u0259r\u0259fli d\u0259 olsa art\u0131q bir tarix oldu\u011funu anlayaraq, o, C\u0259nub Qaz D\u0259hlizi, TANAP v\u0259 TAP ideyas\u0131n\u0131 ir\u0259li s&uuml;r&uuml;r, Bak\u0131-Tbilisi-Qars d\u0259mir yolunu, yeni n\u0259h\u0259ng liman, S\u0259ng\u0259&ccedil;alda d&uuml;nyada \u0259n iri neft terminal\u0131n\u0131, \u015fimal-c\u0259nub n\u0259qliyyat d\u0259hlizini v\u0259 bir &ccedil;ox d&uuml;nya enerji v\u0259 n\u0259qliyyat layih\u0259l\u0259ri tik\u0259r\u0259k Az\u0259rbaycan\u0131 d&uuml;nya n\u0259qliyyat v\u0259 enerji m&uuml;badil\u0259si m\u0259rk\u0259zin\u0259 &ccedil;evirir.<\/p>\n<p>O, &ldquo;Bak\u0131 prosesi&rdquo;ni yarad\u0131r, humanitar forumlar ke&ccedil;irir, sivilizasiya alyanslar\u0131 t\u0259\u015fkil edir, d&uuml;nya din xadiml\u0259rini Az\u0259rbaycana d\u0259v\u0259t ed\u0259r\u0259k, &ouml;lk\u0259mizi d&uuml;nya humanitar inki\u015faf m\u0259rk\u0259zin\u0259 daxil edir.<br \/>\nO, Az\u0259rbaycan\u0131n BMT-nin T\u0259hl&uuml;k\u0259sizlik \u015euras\u0131na daimi olmayan &uuml;zv se&ccedil;ilm\u0259sin\u0259, Az\u0259rbaycan\u0131n Qo\u015fulmama H\u0259r\u0259kat\u0131 t\u0259\u015fkilat\u0131na s\u0259dr se&ccedil;ilm\u0259sin\u0259 nail olur, A\u0130-d\u0259 layiqli dan\u0131\u015f\u0131qlar apararaq T&uuml;rkiy\u0259, Rusiya, \u0130ran v\u0259 G&uuml;rc&uuml;stan\u0131n maraqlar\u0131n\u0131n &ouml;z \u0259traf\u0131nda birl\u0259\u015fm\u0259sini t\u0259min edir, &ouml;lk\u0259mizi geosiyasi f\u0259all\u0131q m\u0259rk\u0259zin\u0259 &ccedil;evir\u0259r\u0259k, Rusiya v\u0259 AB\u015e aras\u0131nda dan\u0131\u015f\u0131qlar prosesinin m\u0259rk\u0259zi olma\u011fa nail olur. O, Az\u0259rbaycan\u0131 d&uuml;nya &#8211; Davos, M&uuml;nxen, Valday reytinql\u0259rind\u0259 y&uuml;ks\u0259ldir. D&uuml;nyan\u0131n n&uuml;fuzlu d&ouml;vl\u0259tl\u0259ri, beyn\u0259lxalq t\u0259\u015fkilatlar t\u0259r\u0259find\u0259n Qaraba\u011fa olan haqq\u0131m\u0131z\u0131n qanuni oldu\u011funun q\u0259bul edilm\u0259sin\u0259 v\u0259 tan\u0131nmas\u0131na nail olur, erm\u0259ni t\u0259bli\u011fat\u0131n\u0131 yalan&ccedil;\u0131 tezisl\u0259rini yerl\u0259-yeksan ed\u0259r\u0259k, m&uuml;naqi\u015f\u0259nin m\u0259rh\u0259l\u0259li h\u0259lli plan\u0131n\u0131n t\u0259tbiqin\u0259 d&uuml;nya ictimaiyy\u0259tinin sadiqliyini s\u0259n\u0259dl\u0259 t\u0259sdiql\u0259yir.<\/p>\n<p>O, Avropa Oyunlar\u0131n\u0131, \u0130slam Oyunlar\u0131n\u0131 ke&ccedil;irir v\u0259 Olimpiya h\u0259r\u0259kat\u0131n\u0131n tarixind\u0259 ilk d\u0259f\u0259 Avropa v\u0259 \u0130slam idman\u0131n\u0131 Az\u0259rbaycanda birl\u0259\u015fdirir. B&uuml;t&uuml;n idman n&ouml;vl\u0259ri &uuml;zr\u0259 D&uuml;nya, Avropa &ccedil;empionatlar\u0131na y&uuml;ks\u0259k s\u0259viyy\u0259d\u0259 ev sahibliyi edir, az\u0259rbaycanl\u0131 m&uuml;t\u0259x\u0259ssisl\u0259rin d&uuml;nya federasiyalar\u0131n\u0131n r\u0259hb\u0259rliyin\u0259 se&ccedil;ilm\u0259sin\u0259 nail olaraq &ouml;lk\u0259mizi d&uuml;nya idman d&ouml;vl\u0259tin\u0259 &ccedil;evirir.<\/p>\n<p>O, g&uuml;cl&uuml; ordu yarad\u0131r v\u0259 2016-c\u0131 ilin aprel ay\u0131nda b&uuml;t&uuml;n d&uuml;nyaya n\u0259y\u0259 qadir oldu\u011funu s&uuml;but edir. N\u0259hay\u0259t, d&uuml;nyan\u0131n q&uuml;dr\u0259tli &ouml;lk\u0259l\u0259rinin qar\u015f\u0131s\u0131nda aciz qald\u0131\u011f\u0131 &uuml;mumd&uuml;nya kabusu, COVID-19 pandemiyas\u0131n\u0131n &ouml;hd\u0259sind\u0259n g\u0259l\u0259r\u0259k, xalq\u0131ndan v\u0259 d&uuml;nya ictimaiyy\u0259tind\u0259n layiq oldu\u011fu t\u0259\u015f\u0259kk&uuml;r&uuml; al\u0131r.<br \/>\nD&uuml;nyada &ouml;z&uuml;n&uuml;t\u0259sdiq etdikd\u0259n, b&uuml;t&uuml;n d&uuml;nya reytinql\u0259rind\u0259 y&uuml;ks\u0259ldikd\u0259n, n&uuml;fuz v\u0259 h&ouml;rm\u0259t qazand\u0131qdan, &ouml;lk\u0259mizin yeni tarixind\u0259 \u0259n g&uuml;cl&uuml; d&ouml;vl\u0259ti qurduqdan sonra \u0130lham \u018fliyev d&ouml;vl\u0259tin b&uuml;t&uuml;n idar\u0259edici sisteml\u0259rind\u0259 kompleksli, planl\u0131 v\u0259 m\u0259qs\u0259dy&ouml;nl&uuml; islahatlar prosesin\u0259 ba\u015flay\u0131r. D\u0259yi\u015fiklikl\u0259r h\u0259m Prezident Administrasiyas\u0131na, h\u0259m Nazirl\u0259r Kabinetin\u0259, h\u0259m parlament\u0259, h\u0259m icra hakimiyy\u0259tin\u0259, h\u0259m b\u0259l\u0259diyy\u0259l\u0259r\u0259 \u015famil edilir, bura paralel olaraq h\u0259min sisteml\u0259rd\u0259 r&uuml;\u015fv\u0259txorluq il\u0259 m&uuml;bariz\u0259 d\u0259 daxil edilir.<\/p>\n<p>Bu yana\u015fma x&uuml;susi h&ouml;rm\u0259t qazan\u0131r, milli x&uuml;susiyy\u0259tl\u0259ri, xalq\u0131n mentalitetini n\u0259z\u0259r\u0259 alaraq d&ouml;vl\u0259t daxilind\u0259 \u015f\u0259r q&uuml;vv\u0259l\u0259r, r&uuml;\u015fv\u0259txorlar v\u0259 korrupsionerl\u0259r v\u0259 ya Prezident \u018fliyevin s&ouml;z&uuml; il\u0259 des\u0259k &ldquo;xainl\u0259r&rdquo; il\u0259 m&uuml;bariz\u0259y\u0259 xalq\u0131n maraqlar\u0131 u\u011frunda sosial h&uuml;quqi m&uuml;hafiz\u0259 m&uuml;bariz\u0259si &ccedil;alar\u0131n\u0131 qat\u0131r. Bu m&uuml;bariz\u0259 yaln\u0131z oliqarxlara qar\u015f\u0131 deyil, h\u0259m d\u0259 bizim v\u0259t\u0259nda\u015flar\u0131m\u0131z\u0131 incid\u0259n, onlar\u0131 normal ya\u015fama imkan\u0131ndan, sahib olduqlar\u0131ndan m\u0259hrum ed\u0259n h\u0259r k\u0259s\u0259 qar\u015f\u0131d\u0131r.&nbsp; Rayon icra hakimiyy\u0259ti ba\u015f&ccedil;\u0131lar\u0131n\u0131n, bir &ccedil;ox m\u0259murlar\u0131n, y&uuml;ks\u0259kv\u0259zif\u0259li b&uuml;rokratlar\u0131n h\u0259bs olunmas\u0131, yeni prokurorun t\u0259yin olunmas\u0131 v\u0259 paralel olaraq amnistiya aktlar\u0131n\u0131n q\u0259bul edilm\u0259si, x\u0259st\u0259 v\u0259 \u0259zab &ccedil;\u0259k\u0259n m\u0259hbuslar\u0131n \u0259fv olunmas\u0131, &ouml;lk\u0259nin cinay\u0259t qanunvericiliyinin d\u0259yi\u015fdirilm\u0259si, onun humanistl\u0259\u015fdirilm\u0259si, sad\u0259 &ouml;lk\u0259 v\u0259t\u0259nda\u015flar\u0131n\u0131n haqlar\u0131n\u0131n m&uuml;dafi\u0259si n&ouml;qteyi-n\u0259z\u0259rind\u0259n islahat ideyalar\u0131n\u0131n davaml\u0131 inki\u015faf\u0131 idi. Son olaraq b&uuml;t&uuml;n yuxar\u0131da qeyd edil\u0259nl\u0259r \u0130lham \u018fliyevin \u015f\u0259xsiyy\u0259tinin x&uuml;susiyy\u0259tl\u0259ri, g&uuml;cl&uuml; xarakteri, m&ouml;hk\u0259m irad\u0259si, d\u0259rin intellekti v\u0259 x&uuml;susil\u0259 d\u0259 ba\u015f ver\u0259n hadis\u0259l\u0259rin m\u0259ntiqini &ouml;nc\u0259d\u0259n hissetm\u0259 qabiliyy\u0259ti olmadan m&uuml;mk&uuml;n olmazd\u0131.<\/p>\n<p>Bir ne&ccedil;\u0259 d\u0259f\u0259 bu haqda demi\u015f\u0259m, d&uuml;\u015f&uuml;n&uuml;r\u0259m bir daha t\u0259krar etm\u0259k laz\u0131md\u0131r ki, Prezident \u0130lham \u018fliyevin \u015f\u0259xsiyy\u0259ti &ouml;lk\u0259nin milli maraqlar\u0131n\u0131n m&uuml;dafi\u0259sinin \u0259n \u0259sas elementl\u0259rind\u0259n biri kimi, onun h&uuml;dudlar\u0131ndan k\u0259nara &ccedil;\u0131xaraq, bizim beyn\u0259lxalq n&uuml;fuz v\u0259 h&ouml;rm\u0259timizin t\u0259minat\u0131na \u0259sasl\u0131 t\u0259kan vermi\u015fdir. Prezident oldu\u011fu d&ouml;vr \u0259rzind\u0259 n&uuml;mayi\u015f etdirdiyi irad\u0259 v\u0259 s\u0259bri, beyn\u0259lxalq v\u0259 daxili siyas\u0259td\u0259 bir &ccedil;ox beyn\u0259lxalq ekspertl\u0259r\u0259 \u018fliyev &ldquo;d\u0259rsl\u0259ri&rdquo;nd\u0259n dan\u0131\u015fma imkan\u0131 ver\u0259n potensial\u0131, &ouml;lk\u0259mizi d\u0259h\u015f\u0259tli COVID-19 infeksiyas\u0131ndan m&uuml;dafi\u0259sini t\u0259min ed\u0259n intellekt v\u0259 uzaqg&ouml;r\u0259nliyi, biz\u0259 Prezident \u0130lham \u018fliyevin islahatlar\u0131n\u0131n yaln\u0131z &ouml;lk\u0259nin inki\u015faf\u0131n\u0131n deyil, el\u0259c\u0259 d\u0259 d&uuml;nya b\u0259\u015f\u0259riyy\u0259ti tarixind\u0259 d&ouml;vl\u0259t&ccedil;ilik, m&uuml;st\u0259qillik v\u0259 \u0259razi b&uuml;t&ouml;vl&uuml;y&uuml; m\u0259s\u0259l\u0259l\u0259rinin xalq\u0131m\u0131z\u0131n arzu etdiyi kimi yaz\u0131laca\u011f\u0131n\u0131n t\u0259minat\u0131 olaca\u011f\u0131n\u0131 dem\u0259y\u0259 imkan verir.<\/p>\n","protected":false},"excerpt":{"rendered":"<p>S\u0259m\u0259d Seyidov: &ldquo;D&ouml;vl\u0259timizin ba\u015f&ccedil;\u0131s\u0131n\u0131n islahatlar\u0131 &ouml;lk\u0259d\u0259 at\u0131lm\u0131\u015f v\u0259 haz\u0131rda at\u0131lan add\u0131mlara d\u0259rind\u0259n d&uuml;\u015f&uuml;n&uuml;lm&uuml;\u015f, planl\u0131 v\u0259 kompleks yana\u015fmad\u0131&rdquo; \u0130slahatlar m&uuml;nt\u0259z\u0259m inki\u015faf yolu v\u0259 yeni &ccedil;a\u011f\u0131r\u0131\u015flara cavabd\u0131r. Bu fikr\u0259 g\u0259lm\u0259yim\u0259 s\u0259b\u0259b, islahatlar\u0131n&hellip;<\/p>\n","protected":false},"author":1,"featured_media":251278,"comment_status":"open","ping_status":"open","sticky":false,"template":"","format":"standard","meta":{"_lmt_disableupdate":"","_lmt_disable":"","footnotes":""},"categories":[86],"tags":[],"class_list":["post-97266","post","type-post","status-publish","format-standard","has-post-thumbnail","hentry","category-siyaset"],"_links":{"self":[{"href":"https:\/\/ucnoqta.az\/index.php?rest_route=\/wp\/v2\/posts\/97266","targetHints":{"allow":["GET"]}}],"collection":[{"href":"https:\/\/ucnoqta.az\/index.php?rest_route=\/wp\/v2\/posts"}],"about":[{"href":"https:\/\/ucnoqta.az\/index.php?rest_route=\/wp\/v2\/types\/post"}],"author":[{"embeddable":true,"href":"https:\/\/ucnoqta.az\/index.php?rest_route=\/wp\/v2\/users\/1"}],"replies":[{"embeddable":true,"href":"https:\/\/ucnoqta.az\/index.php?rest_route=%2Fwp%2Fv2%2Fcomments&post=97266"}],"version-history":[{"count":0,"href":"https:\/\/ucnoqta.az\/index.php?rest_route=\/wp\/v2\/posts\/97266\/revisions"}],"wp:featuredmedia":[{"embeddable":true,"href":"https:\/\/ucnoqta.az\/index.php?rest_route=\/wp\/v2\/media\/251278"}],"wp:attachment":[{"href":"https:\/\/ucnoqta.az\/index.php?rest_route=%2Fwp%2Fv2%2Fmedia&parent=97266"}],"wp:term":[{"taxonomy":"category","embeddable":true,"href":"https:\/\/ucnoqta.az\/index.php?rest_route=%2Fwp%2Fv2%2Fcategories&post=97266"},{"taxonomy":"post_tag","embeddable":true,"href":"https:\/\/ucnoqta.az\/index.php?rest_route=%2Fwp%2Fv2%2Ftags&post=97266"}],"curies":[{"name":"wp","href":"https:\/\/api.w.org\/{rel}","templated":true}]}}