{"id":97264,"date":"2020-05-04T13:03:50","date_gmt":"2020-05-04T09:03:50","guid":{"rendered":""},"modified":"-0001-11-30T00:00:00","modified_gmt":"-0001-11-29T20:00:00","slug":"","status":"publish","type":"post","link":"https:\/\/ucnoqta.az\/?p=97264","title":{"rendered":"Sabah\u0131n havas\u0131 a\u00e7\u0131qlan\u0131b- <font color=red><b>31\u00b0 isti olacaq<\/b><\/font>"},"content":{"rendered":"<p><strong>Ekologiya v\u0259 T\u0259bii S\u0259rv\u0259tl\u0259r Nazirliyinin&nbsp;Milli Hidrometeorologiya Xidm\u0259ti\u200b may ay\u0131n\u0131n 5-n\u0259 olan hava proqnozunu a&ccedil;\u0131qlay\u0131b.<\/strong><\/p>\n<p>Nazirliyin Milli Hidrometeorologiya Xidm\u0259tind\u0259n&nbsp;veril\u0259n m\u0259lumata g&ouml;r\u0259, sabah Bak\u0131da v\u0259 Ab\u015feron yar\u0131madas\u0131nda hava \u015f\u0259raitinin d\u0259yi\u015fk\u0259n buludlu olaca\u011f\u0131, \u0259sas\u0259n ya\u011fmursuz ke&ccedil;\u0259c\u0259yi g&ouml;zl\u0259nilir. Gec\u0259 v\u0259 s\u0259h\u0259r saatlar\u0131nda duman olacaq, m&uuml;layim c\u0259nub-q\u0259rb k&uuml;l\u0259yi g&uuml;nd&uuml;z arabir g&uuml;cl\u0259n\u0259c\u0259k.<\/p>\n<p>Havan\u0131n temperaturu Ab\u015feron yar\u0131madas\u0131nda gec\u0259 15-17&deg; isti, g&uuml;nd&uuml;z 21-26&deg; isti olacaq. Bak\u0131da gec\u0259 15-17&deg; isti, g&uuml;nd&uuml;z 23-25&deg; isti olacaq. Atmosfer t\u0259zyiqi 757 mm civ\u0259 s&uuml;tunu t\u0259\u015fkil ed\u0259c\u0259k. Nisbi r&uuml;tub\u0259t gec\u0259 70-80 %, g&uuml;nd&uuml;z 40-45 % olacaq.<\/p>\n<p>Az\u0259rbaycan\u0131n rayonlar\u0131nda hava \u0259sas\u0259n ya\u011fmursuz olacaq. Lakin ax\u015fam b\u0259zi da\u011fl\u0131q \u0259razil\u0259rd\u0259 \u015fim\u015f\u0259k &ccedil;axaca\u011f\u0131, arabir ya\u011f\u0131\u015f ya\u011faca\u011f\u0131 g&ouml;zl\u0259nilir. Dolu d&uuml;\u015f\u0259c\u0259yi ehtimal\u0131 var. Gec\u0259 v\u0259 s\u0259h\u0259r saatlar\u0131nda duman olacaq, \u015f\u0259rq k&uuml;l\u0259yi ayr\u0131-ayr\u0131 yerl\u0259rd\u0259 arabir g&uuml;cl\u0259n\u0259c\u0259k.<\/p>\n<p>Havan\u0131n temperaturu gec\u0259 12-17&deg; isti, g&uuml;nd&uuml;z 26-31&deg; isti, da\u011flarda gec\u0259 5-10&deg; isti, g&uuml;nd&uuml;z 14-19&deg; isti olacaq.<\/p>\n<p>Tibbi-meteoroloji proqnoz<br \/>\n&nbsp;Ab\u015feron yar\u0131madas\u0131nda m&uuml;layim x\u0259zri k&uuml;l\u0259yinin &uuml;st&uuml;nl&uuml;y&uuml; g&ouml;zl\u0259nilir ki, bu da \u0259ks\u0259r meteoh\u0259ssas insanlar &uuml;&ccedil;&uuml;n \u0259sas\u0259n \u0259lveri\u015flidir.<\/p>\n","protected":false},"excerpt":{"rendered":"<p>Ekologiya v\u0259 T\u0259bii S\u0259rv\u0259tl\u0259r Nazirliyinin&nbsp;Milli Hidrometeorologiya Xidm\u0259ti\u200b may ay\u0131n\u0131n 5-n\u0259 olan hava proqnozunu a&ccedil;\u0131qlay\u0131b. Nazirliyin Milli Hidrometeorologiya Xidm\u0259tind\u0259n&nbsp;veril\u0259n m\u0259lumata g&ouml;r\u0259, sabah Bak\u0131da v\u0259 Ab\u015feron yar\u0131madas\u0131nda hava \u015f\u0259raitinin d\u0259yi\u015fk\u0259n buludlu olaca\u011f\u0131,&hellip;<\/p>\n","protected":false},"author":1,"featured_media":251278,"comment_status":"open","ping_status":"open","sticky":false,"template":"","format":"standard","meta":{"_lmt_disableupdate":"","_lmt_disable":"","footnotes":""},"categories":[],"tags":[],"class_list":["post-97264","post","type-post","status-publish","format-standard","has-post-thumbnail","hentry"],"_links":{"self":[{"href":"https:\/\/ucnoqta.az\/index.php?rest_route=\/wp\/v2\/posts\/97264","targetHints":{"allow":["GET"]}}],"collection":[{"href":"https:\/\/ucnoqta.az\/index.php?rest_route=\/wp\/v2\/posts"}],"about":[{"href":"https:\/\/ucnoqta.az\/index.php?rest_route=\/wp\/v2\/types\/post"}],"author":[{"embeddable":true,"href":"https:\/\/ucnoqta.az\/index.php?rest_route=\/wp\/v2\/users\/1"}],"replies":[{"embeddable":true,"href":"https:\/\/ucnoqta.az\/index.php?rest_route=%2Fwp%2Fv2%2Fcomments&post=97264"}],"version-history":[{"count":0,"href":"https:\/\/ucnoqta.az\/index.php?rest_route=\/wp\/v2\/posts\/97264\/revisions"}],"wp:featuredmedia":[{"embeddable":true,"href":"https:\/\/ucnoqta.az\/index.php?rest_route=\/wp\/v2\/media\/251278"}],"wp:attachment":[{"href":"https:\/\/ucnoqta.az\/index.php?rest_route=%2Fwp%2Fv2%2Fmedia&parent=97264"}],"wp:term":[{"taxonomy":"category","embeddable":true,"href":"https:\/\/ucnoqta.az\/index.php?rest_route=%2Fwp%2Fv2%2Fcategories&post=97264"},{"taxonomy":"post_tag","embeddable":true,"href":"https:\/\/ucnoqta.az\/index.php?rest_route=%2Fwp%2Fv2%2Ftags&post=97264"}],"curies":[{"name":"wp","href":"https:\/\/api.w.org\/{rel}","templated":true}]}}