{"id":97261,"date":"2020-05-04T12:34:47","date_gmt":"2020-05-04T08:34:47","guid":{"rendered":""},"modified":"-0001-11-30T00:00:00","modified_gmt":"-0001-11-29T20:00:00","slug":"","status":"publish","type":"post","link":"https:\/\/ucnoqta.az\/?p=97261","title":{"rendered":"Bu g\u00fcn \u0130lham \u018fliyevin t\u0259\u015f\u0259bb\u00fcs\u00fc il\u0259 videokonfrans olacaq"},"content":{"rendered":"<p><strong>Az\u0259rbaycan Prezidenti v\u0259 Qo\u015fulmama H\u0259r\u0259kat\u0131n\u0131n s\u0259dri \u0130lham \u018fliyevin t\u0259\u015f\u0259bb&uuml;s&uuml; il\u0259 Qo\u015fulmama H\u0259r\u0259kat\u0131n\u0131n T\u0259mas Qrupu format\u0131nda may\u0131n 4-d\u0259 videokonfrans vasit\u0259sil\u0259 koronavirusa (COVID-19) qar\u015f\u0131 m&uuml;bariz\u0259y\u0259 h\u0259sr olunmu\u015f &ldquo;COVID-19-a qar\u015f\u0131 birlikd\u0259yik&rdquo; (United against COVID-19) m&ouml;vzusunda Zirv\u0259 g&ouml;r&uuml;\u015f&uuml; ke&ccedil;iril\u0259c\u0259k.<\/strong><\/p>\n<p>40-dan &ccedil;ox &uuml;zv &ouml;lk\u0259nin d&ouml;vl\u0259t v\u0259 h&ouml;kum\u0259t ba\u015f&ccedil;\u0131lar\u0131n\u0131n qat\u0131laca\u011f\u0131 videokonfransda BMT-nin Ba\u015f katibi, BMT Ba\u015f Assambleyas\u0131n\u0131n prezidenti, Afrika \u0130ttifaq\u0131n\u0131n s\u0259dri v\u0259 &Uuml;mumd&uuml;nya S\u0259hiyy\u0259 T\u0259\u015fkilat\u0131n\u0131n Ba\u015f direktoru, Avropa \u0130ttifaq\u0131n\u0131n ali n&uuml;may\u0259nd\u0259si d\u0259 i\u015ftirak ed\u0259c\u0259kl\u0259r.<\/p>\n<p>Xat\u0131rladaq ki, \u0130lham \u018fliyevin t\u0259\u015f\u0259bb&uuml;s&uuml; il\u0259 2020-ci il aprelin 10-da T&uuml;rk \u015euras\u0131n\u0131n videokonfrans vasit\u0259sil\u0259 f&ouml;vq\u0259lad\u0259 Zirv\u0259 g&ouml;r&uuml;\u015f&uuml; ke&ccedil;irilib. T&uuml;rk \u015euras\u0131 d&uuml;nya miqyas\u0131nda ilk beyn\u0259lxalq t\u0259\u015fkilatd\u0131r ki, d&ouml;vl\u0259t ba\u015f&ccedil;\u0131lar\u0131 s\u0259viyy\u0259sind\u0259 koronavirus pandemiyas\u0131na h\u0259sr olunmu\u015f Zirv\u0259 g&ouml;r&uuml;\u015f&uuml;n&uuml; ke&ccedil;irib.&nbsp;<\/p>\n","protected":false},"excerpt":{"rendered":"<p>Az\u0259rbaycan Prezidenti v\u0259 Qo\u015fulmama H\u0259r\u0259kat\u0131n\u0131n s\u0259dri \u0130lham \u018fliyevin t\u0259\u015f\u0259bb&uuml;s&uuml; il\u0259 Qo\u015fulmama H\u0259r\u0259kat\u0131n\u0131n T\u0259mas Qrupu format\u0131nda may\u0131n 4-d\u0259 videokonfrans vasit\u0259sil\u0259 koronavirusa (COVID-19) qar\u015f\u0131 m&uuml;bariz\u0259y\u0259 h\u0259sr olunmu\u015f &ldquo;COVID-19-a qar\u015f\u0131 birlikd\u0259yik&rdquo; (United against&hellip;<\/p>\n","protected":false},"author":1,"featured_media":251278,"comment_status":"open","ping_status":"open","sticky":false,"template":"","format":"standard","meta":{"_lmt_disableupdate":"","_lmt_disable":"","footnotes":""},"categories":[],"tags":[],"class_list":["post-97261","post","type-post","status-publish","format-standard","has-post-thumbnail","hentry"],"_links":{"self":[{"href":"https:\/\/ucnoqta.az\/index.php?rest_route=\/wp\/v2\/posts\/97261","targetHints":{"allow":["GET"]}}],"collection":[{"href":"https:\/\/ucnoqta.az\/index.php?rest_route=\/wp\/v2\/posts"}],"about":[{"href":"https:\/\/ucnoqta.az\/index.php?rest_route=\/wp\/v2\/types\/post"}],"author":[{"embeddable":true,"href":"https:\/\/ucnoqta.az\/index.php?rest_route=\/wp\/v2\/users\/1"}],"replies":[{"embeddable":true,"href":"https:\/\/ucnoqta.az\/index.php?rest_route=%2Fwp%2Fv2%2Fcomments&post=97261"}],"version-history":[{"count":0,"href":"https:\/\/ucnoqta.az\/index.php?rest_route=\/wp\/v2\/posts\/97261\/revisions"}],"wp:featuredmedia":[{"embeddable":true,"href":"https:\/\/ucnoqta.az\/index.php?rest_route=\/wp\/v2\/media\/251278"}],"wp:attachment":[{"href":"https:\/\/ucnoqta.az\/index.php?rest_route=%2Fwp%2Fv2%2Fmedia&parent=97261"}],"wp:term":[{"taxonomy":"category","embeddable":true,"href":"https:\/\/ucnoqta.az\/index.php?rest_route=%2Fwp%2Fv2%2Fcategories&post=97261"},{"taxonomy":"post_tag","embeddable":true,"href":"https:\/\/ucnoqta.az\/index.php?rest_route=%2Fwp%2Fv2%2Ftags&post=97261"}],"curies":[{"name":"wp","href":"https:\/\/api.w.org\/{rel}","templated":true}]}}