{"id":97252,"date":"2020-05-04T10:43:44","date_gmt":"2020-05-04T06:43:44","guid":{"rendered":""},"modified":"-0001-11-30T00:00:00","modified_gmt":"-0001-11-29T20:00:00","slug":"","status":"publish","type":"post","link":"https:\/\/ucnoqta.az\/?p=97252","title":{"rendered":"\u018ffqan\u0131standa terror akt\u0131 t\u00f6r\u0259dilib, 18 h\u0259rb\u00e7i \u00f6ld\u00fcr\u00fcl\u00fcb"},"content":{"rendered":"<p><strong>\u018ffqan\u0131stan\u0131n Helmend \u0259yal\u0259tind\u0259 avtomobilin partlad\u0131lmas\u0131 n\u0259tic\u0259sind\u0259&nbsp;18&nbsp;h\u0259rbi qulluq&ccedil;u &ouml;l&uuml;b.<\/strong><\/p>\n<p>&ldquo;Report&rdquo; &ldquo;TOLO News&rdquo;a istinad\u0259n x\u0259b\u0259r verir ki, hadis\u0259 \u018ffqan\u0131stan Milli Ordusu v\u0259 Milli T\u0259hl&uuml;k\u0259sizlik \u0130dar\u0259sinin n\u0259zar\u0259t-burax\u0131l\u0131\u015f m\u0259nt\u0259q\u0259sinin qar\u015f\u0131s\u0131nda t&ouml;r\u0259dilib.<\/p>\n<p>M\u0259lumata g&ouml;r\u0259, partlay\u0131\u015fla ba\u011fl\u0131 m\u0259suliyy\u0259ti &ldquo;Taliban&rdquo; &ouml;z &uuml;z\u0259rin\u0259 g&ouml;t&uuml;r&uuml;b.<\/p>\n","protected":false},"excerpt":{"rendered":"<p>\u018ffqan\u0131stan\u0131n Helmend \u0259yal\u0259tind\u0259 avtomobilin partlad\u0131lmas\u0131 n\u0259tic\u0259sind\u0259&nbsp;18&nbsp;h\u0259rbi qulluq&ccedil;u &ouml;l&uuml;b. &ldquo;Report&rdquo; &ldquo;TOLO News&rdquo;a istinad\u0259n x\u0259b\u0259r verir ki, hadis\u0259 \u018ffqan\u0131stan Milli Ordusu v\u0259 Milli T\u0259hl&uuml;k\u0259sizlik \u0130dar\u0259sinin n\u0259zar\u0259t-burax\u0131l\u0131\u015f m\u0259nt\u0259q\u0259sinin qar\u015f\u0131s\u0131nda t&ouml;r\u0259dilib. M\u0259lumata g&ouml;r\u0259, partlay\u0131\u015fla&hellip;<\/p>\n","protected":false},"author":1,"featured_media":251278,"comment_status":"open","ping_status":"open","sticky":false,"template":"","format":"standard","meta":{"_lmt_disableupdate":"","_lmt_disable":"","footnotes":""},"categories":[89],"tags":[],"class_list":["post-97252","post","type-post","status-publish","format-standard","has-post-thumbnail","hentry","category-dunya-butun-xeberler"],"_links":{"self":[{"href":"https:\/\/ucnoqta.az\/index.php?rest_route=\/wp\/v2\/posts\/97252","targetHints":{"allow":["GET"]}}],"collection":[{"href":"https:\/\/ucnoqta.az\/index.php?rest_route=\/wp\/v2\/posts"}],"about":[{"href":"https:\/\/ucnoqta.az\/index.php?rest_route=\/wp\/v2\/types\/post"}],"author":[{"embeddable":true,"href":"https:\/\/ucnoqta.az\/index.php?rest_route=\/wp\/v2\/users\/1"}],"replies":[{"embeddable":true,"href":"https:\/\/ucnoqta.az\/index.php?rest_route=%2Fwp%2Fv2%2Fcomments&post=97252"}],"version-history":[{"count":0,"href":"https:\/\/ucnoqta.az\/index.php?rest_route=\/wp\/v2\/posts\/97252\/revisions"}],"wp:featuredmedia":[{"embeddable":true,"href":"https:\/\/ucnoqta.az\/index.php?rest_route=\/wp\/v2\/media\/251278"}],"wp:attachment":[{"href":"https:\/\/ucnoqta.az\/index.php?rest_route=%2Fwp%2Fv2%2Fmedia&parent=97252"}],"wp:term":[{"taxonomy":"category","embeddable":true,"href":"https:\/\/ucnoqta.az\/index.php?rest_route=%2Fwp%2Fv2%2Fcategories&post=97252"},{"taxonomy":"post_tag","embeddable":true,"href":"https:\/\/ucnoqta.az\/index.php?rest_route=%2Fwp%2Fv2%2Ftags&post=97252"}],"curies":[{"name":"wp","href":"https:\/\/api.w.org\/{rel}","templated":true}]}}