{"id":97251,"date":"2020-05-04T10:41:18","date_gmt":"2020-05-04T06:41:18","guid":{"rendered":""},"modified":"-0001-11-30T00:00:00","modified_gmt":"-0001-11-29T20:00:00","slug":"","status":"publish","type":"post","link":"https:\/\/ucnoqta.az\/?p=97251","title":{"rendered":"Rayonlardan Bak\u0131ya g\u0259lm\u0259k ist\u0259y\u0259nl\u0259r\u0259 &#8211; <font color=red><b>X\u018fB\u018fRDARLIQ &#8211; V\u0130DEO<\/b><\/font>"},"content":{"rendered":"<p><strong>Bak\u0131, Sumqay\u0131t, G\u0259nc\u0259, L\u0259nk\u0259ran \u015f\u0259h\u0259rl\u0259ri v\u0259 Ab\u015feron rayonuna giri\u015f-&ccedil;\u0131x\u0131\u015f qada\u011fas\u0131 h\u0259l\u0259 d\u0259 q&uuml;vv\u0259d\u0259 qalacaq. Amma bu gec\u0259 saat 12-d\u0259n etibar\u0259n dig\u0259r rayonlararas\u0131 giri\u015f-&ccedil;\u0131x\u0131\u015fa he&ccedil; bir m\u0259hdudiyy\u0259t qoyulmayacaq. Bu arada rayonlararas\u0131 s\u0259rni\u015fin da\u015f\u0131yan avtobuslar\u0131n da h\u0259r\u0259k\u0259ti ay\u0131n 31-d\u0259k h\u0259l\u0259 ki b\u0259rpa edilm\u0259y\u0259c\u0259k.<\/strong><\/p>\n<p>Rayon qeydiyyat\u0131nda olan \u015f\u0259xsl\u0259rin paytaxta giri\u015fin\u0259 qoyulan qada\u011fa h\u0259l\u0259 d\u0259 q&uuml;vv\u0259d\u0259dir. Bu bar\u0259d\u0259 &#39;&#39;X\u0259z\u0259r X\u0259b\u0259r&#39;&#39;\u0259 a&ccedil;\u0131qlamas\u0131nda Ba\u015f D&ouml;vl\u0259t Yol Polisi \u0130dar\u0259sinin \u015f&ouml;b\u0259 r\u0259isi Kamran \u018fliyev deyib. Onun s&ouml;zl\u0259rin\u0259 g&ouml;r\u0259, gec\u0259 saat 12-d\u0259n etibar\u0259n &ouml;lk\u0259 \u0259razisind\u0259 x&uuml;susi karantin rejmi qaydas\u0131 nisb\u0259t\u0259n yum\u015fald\u0131lsa da rayon qeydiyyat\u0131nda olanlar\u0131n Bak\u0131, Sumqay\u0131t, G\u0259nc\u0259, L\u0259nk\u0259ran \u015f\u0259h\u0259rl\u0259ri v\u0259 Ab\u015feron rayonuna giri\u015fin\u0259 qoyulmu\u015f qada\u011fa ay\u0131n 31-d\u0259k q&uuml;vv\u0259d\u0259 qalacaq.<\/p>\n<p>O, c&uuml;ml\u0259d\u0259n d\u0259 ad\u0131 &ccedil;\u0259kil\u0259n \u015f\u0259h\u0259rl\u0259rin sakinl\u0259rinin rayonlara gedi\u015fi d\u0259 may ay\u0131n\u0131n 31-d\u0259k qada\u011fan edilib. \u018fg\u0259r bu qada\u011falara \u0259m\u0259l etm\u0259yib, gizli \u015f\u0259kild\u0259 getm\u0259k ist\u0259y\u0259n \u015f\u0259xsl\u0259r a\u015fkar edil\u0259rs\u0259, onlar qanuna uy\u011fun olaraq inzibati qaydada c\u0259rim\u0259 olunacaqlar. Sabahdan etibar\u0259n rayonlar aras\u0131nda olan m&uuml;v\u0259qq\u0259ti polis postlar\u0131 da y\u0131\u011f\u0131\u015fd\u0131r\u0131lacaq.<\/p>\n<p>Xat\u0131rladaq ki, rayonlar aras\u0131nda ictimai n\u0259qliyyat\u0131n h\u0259r\u0259k\u0259ti d\u0259 h\u0259l\u0259 ki b\u0259rpa edilmir. V\u0259t\u0259nda\u015flar yaln\u0131z &ouml;zl\u0259rin\u0259 aid \u015f\u0259xsi minik avtomobill\u0259ri il\u0259 ya\u015fad\u0131qlar\u0131 rayondan ba\u015fqa rayona gedib-g\u0259l\u0259 bil\u0259rl\u0259r.<br \/>\nS\u0259rni\u015fin qatarlar\u0131n\u0131n h\u0259r\u0259k\u0259tin\u0259 qoyulan m\u0259hdudiyy\u0259tin vaxt\u0131 da uzad\u0131l\u0131b. &quot;Az\u0259rbaycan D\u0259mir Yollar\u0131&quot; QSC-d\u0259n X\u0259z\u0259rX\u0259b\u0259r-\u0259 veril\u0259n m\u0259lumata g&ouml;r\u0259, Bak\u0131, Sumqay\u0131t, G\u0259nc\u0259, L\u0259nk\u0259ran \u015f\u0259h\u0259rl\u0259ri v\u0259 Ab\u015feron rayonu istisna olmaqla respublikan\u0131n dig\u0259r rayon v\u0259 \u015f\u0259h\u0259rl\u0259rind\u0259 v\u0259 Nax&ccedil;\u0131van Muxtar Respublikas\u0131nda rayonlar v\u0259 \u015f\u0259h\u0259rl\u0259raras\u0131 gedi\u015f-g\u0259li\u015f b\u0259rpa olunsa da, ictimai n\u0259qliyyatla s\u0259rni\u015finda\u015f\u0131ma xidm\u0259tin\u0259 icaz\u0259 verilmir.<\/p>\n<p>&quot;Az\u0259rbaycan D\u0259mir Yollar\u0131&quot; QSC-nin m\u0259tbuat katibi Nat\u0259van Bayramova onu da bildirdi ki, elektrik qatarlar\u0131n\u0131n Ab\u015feron dair\u0259vi x\u0259tti &uuml;zr\u0259 h\u0259r\u0259k\u0259ti haz\u0131rk\u0131 qrafikl\u0259 davam edir.<\/p>\n<p><iframe allow=\"accelerometer; autoplay; encrypted-media; gyroscope; picture-in-picture\" allowfullscreen=\"\" frameborder=\"0\" height=\"315\" src=\"https:\/\/www.youtube.com\/embed\/WNFUkTm1Ndc\" width=\"560\"><\/iframe><\/p>\n","protected":false},"excerpt":{"rendered":"<p>Bak\u0131, Sumqay\u0131t, G\u0259nc\u0259, L\u0259nk\u0259ran \u015f\u0259h\u0259rl\u0259ri v\u0259 Ab\u015feron rayonuna giri\u015f-&ccedil;\u0131x\u0131\u015f qada\u011fas\u0131 h\u0259l\u0259 d\u0259 q&uuml;vv\u0259d\u0259 qalacaq. Amma bu gec\u0259 saat 12-d\u0259n etibar\u0259n dig\u0259r rayonlararas\u0131 giri\u015f-&ccedil;\u0131x\u0131\u015fa he&ccedil; bir m\u0259hdudiyy\u0259t qoyulmayacaq. Bu arada rayonlararas\u0131&hellip;<\/p>\n","protected":false},"author":1,"featured_media":251278,"comment_status":"open","ping_status":"open","sticky":false,"template":"","format":"standard","meta":{"_lmt_disableupdate":"","_lmt_disable":"","footnotes":""},"categories":[],"tags":[],"class_list":["post-97251","post","type-post","status-publish","format-standard","has-post-thumbnail","hentry"],"_links":{"self":[{"href":"https:\/\/ucnoqta.az\/index.php?rest_route=\/wp\/v2\/posts\/97251","targetHints":{"allow":["GET"]}}],"collection":[{"href":"https:\/\/ucnoqta.az\/index.php?rest_route=\/wp\/v2\/posts"}],"about":[{"href":"https:\/\/ucnoqta.az\/index.php?rest_route=\/wp\/v2\/types\/post"}],"author":[{"embeddable":true,"href":"https:\/\/ucnoqta.az\/index.php?rest_route=\/wp\/v2\/users\/1"}],"replies":[{"embeddable":true,"href":"https:\/\/ucnoqta.az\/index.php?rest_route=%2Fwp%2Fv2%2Fcomments&post=97251"}],"version-history":[{"count":0,"href":"https:\/\/ucnoqta.az\/index.php?rest_route=\/wp\/v2\/posts\/97251\/revisions"}],"wp:featuredmedia":[{"embeddable":true,"href":"https:\/\/ucnoqta.az\/index.php?rest_route=\/wp\/v2\/media\/251278"}],"wp:attachment":[{"href":"https:\/\/ucnoqta.az\/index.php?rest_route=%2Fwp%2Fv2%2Fmedia&parent=97251"}],"wp:term":[{"taxonomy":"category","embeddable":true,"href":"https:\/\/ucnoqta.az\/index.php?rest_route=%2Fwp%2Fv2%2Fcategories&post=97251"},{"taxonomy":"post_tag","embeddable":true,"href":"https:\/\/ucnoqta.az\/index.php?rest_route=%2Fwp%2Fv2%2Ftags&post=97251"}],"curies":[{"name":"wp","href":"https:\/\/api.w.org\/{rel}","templated":true}]}}