{"id":97249,"date":"2020-05-04T10:31:39","date_gmt":"2020-05-04T06:31:39","guid":{"rendered":""},"modified":"-0001-11-30T00:00:00","modified_gmt":"-0001-11-29T20:00:00","slug":"","status":"publish","type":"post","link":"https:\/\/ucnoqta.az\/?p=97249","title":{"rendered":"G\u00fcrc\u00fcstan\u0131n d\u00f6vl\u0259t naziri az\u0259rbaycanl\u0131lar\u0131n m\u00fcdafi\u0259sin\u0259 qalxd\u0131"},"content":{"rendered":"<p><strong>G&uuml;rc&uuml;stan\u0131n bar\u0131\u015f\u0131q v\u0259 v\u0259t\u0259nda\u015f b\u0259rab\u0259rliyi m\u0259s\u0259l\u0259l\u0259ri &uuml;zr\u0259 d&ouml;vl\u0259t naziri&nbsp;Ketevan Tsixela\u015fvili&nbsp;son g&uuml;nl\u0259r sosial \u015f\u0259b\u0259k\u0259l\u0259rd\u0259 yerli az\u0259rbaycanl\u0131lar bar\u0259d\u0259 yaz\u0131lan&nbsp;t\u0259hqiramiz fikir v\u0259 ifad\u0259l\u0259r\u0259 s\u0259rt reakasiya verib.<\/strong><\/p>\n<p>O, bu c&uuml;r hallar\u0131n q\u0259tiyy\u0259n yolverilm\u0259z oldu\u011funu bildirib.<\/p>\n<p>D&ouml;vl\u0259t nazirinin s&ouml;zl\u0259rin\u0259 g&ouml;r\u0259, s\u0259sl\u0259ndiril\u0259n bu c&uuml;r fikir v\u0259 b\u0259yanatlar G&uuml;rc&uuml;stan c\u0259miyy\u0259tin\u0259 qar\u015f\u0131 y&ouml;n\u0259lib: &ldquo;\u018fmin\u0259m ki, c\u0259miyy\u0259t d\u0259 anlay\u0131r ki, ictimaiyy\u0259td\u0259 m&uuml;nasib\u0259tl\u0259rin g\u0259rginl\u0259\u015fdirilm\u0259sin\u0259 y&ouml;n\u0259l\u0259n bu c&uuml;r c\u0259hdl\u0259r he&ccedil; bir n\u0259tic\u0259 verm\u0259y\u0259c\u0259k. Ciddi qlobal pandemiya problemi fonunda g&ouml;z\u0259g&ouml;r&uuml;nm\u0259z d&uuml;\u015fm\u0259nl\u0259 u\u011furla m&uuml;bariz\u0259 aparmaq &uuml;&ccedil;&uuml;n biz\u0259 birlik v\u0259 qar\u015f\u0131l\u0131ql\u0131 d\u0259st\u0259k olduqca laz\u0131md\u0131r&rdquo;.<\/p>\n<p>K.Tsixela\u015fvili qeyd edib ki, G&uuml;rc&uuml;stan\u0131n b&uuml;t&uuml;n b&ouml;lg\u0259l\u0259rind\u0259 etnik v\u0259 ya dini m\u0259nsubiyy\u0259tind\u0259n as\u0131l\u0131 olmayaraq h\u0259r bir h\u0259mv\u0259t\u0259nda\u015f\u0131n h\u0259yat v\u0259 sa\u011flaml\u0131\u011f\u0131 eyni s\u0259viyy\u0259d\u0259 prioritet m\u0259s\u0259l\u0259dir: &ldquo;G&uuml;rc&uuml;stan\u0131n b&uuml;t&uuml;n v\u0259t\u0259nda\u015flar\u0131 b\u0259rab\u0259rdir. Etnik m&uuml;xt\u0259liflik &ouml;lk\u0259mizin unikal x\u0259zin\u0259si olub v\u0259 bundan sonra da olacaq&rdquo;.<\/p>\n<p>Qeyd ed\u0259k ki, koronavirus pandemiyas\u0131 d&ouml;vr&uuml;nd\u0259, x&uuml;sus\u0259n d\u0259 son g&uuml;nl\u0259r G&uuml;rc&uuml;standa sosial \u015f\u0259b\u0259k\u0259l\u0259rd\u0259 yerli az\u0259rbaycanl\u0131 v\u0259t\u0259nda\u015flara qar\u015f\u0131 milli z\u0259mind\u0259 t\u0259hqiramiz, al&ccedil;ald\u0131c\u0131 fikir v\u0259 \u015f\u0259rhl\u0259r geni\u015f yay\u0131l\u0131b. \/\/\/report<\/p>\n","protected":false},"excerpt":{"rendered":"<p>G&uuml;rc&uuml;stan\u0131n bar\u0131\u015f\u0131q v\u0259 v\u0259t\u0259nda\u015f b\u0259rab\u0259rliyi m\u0259s\u0259l\u0259l\u0259ri &uuml;zr\u0259 d&ouml;vl\u0259t naziri&nbsp;Ketevan Tsixela\u015fvili&nbsp;son g&uuml;nl\u0259r sosial \u015f\u0259b\u0259k\u0259l\u0259rd\u0259 yerli az\u0259rbaycanl\u0131lar bar\u0259d\u0259 yaz\u0131lan&nbsp;t\u0259hqiramiz fikir v\u0259 ifad\u0259l\u0259r\u0259 s\u0259rt reakasiya verib. O, bu c&uuml;r hallar\u0131n q\u0259tiyy\u0259n yolverilm\u0259z oldu\u011funu&hellip;<\/p>\n","protected":false},"author":1,"featured_media":251278,"comment_status":"open","ping_status":"open","sticky":false,"template":"","format":"standard","meta":{"_lmt_disableupdate":"","_lmt_disable":"","footnotes":""},"categories":[],"tags":[],"class_list":["post-97249","post","type-post","status-publish","format-standard","has-post-thumbnail","hentry"],"_links":{"self":[{"href":"https:\/\/ucnoqta.az\/index.php?rest_route=\/wp\/v2\/posts\/97249","targetHints":{"allow":["GET"]}}],"collection":[{"href":"https:\/\/ucnoqta.az\/index.php?rest_route=\/wp\/v2\/posts"}],"about":[{"href":"https:\/\/ucnoqta.az\/index.php?rest_route=\/wp\/v2\/types\/post"}],"author":[{"embeddable":true,"href":"https:\/\/ucnoqta.az\/index.php?rest_route=\/wp\/v2\/users\/1"}],"replies":[{"embeddable":true,"href":"https:\/\/ucnoqta.az\/index.php?rest_route=%2Fwp%2Fv2%2Fcomments&post=97249"}],"version-history":[{"count":0,"href":"https:\/\/ucnoqta.az\/index.php?rest_route=\/wp\/v2\/posts\/97249\/revisions"}],"wp:featuredmedia":[{"embeddable":true,"href":"https:\/\/ucnoqta.az\/index.php?rest_route=\/wp\/v2\/media\/251278"}],"wp:attachment":[{"href":"https:\/\/ucnoqta.az\/index.php?rest_route=%2Fwp%2Fv2%2Fmedia&parent=97249"}],"wp:term":[{"taxonomy":"category","embeddable":true,"href":"https:\/\/ucnoqta.az\/index.php?rest_route=%2Fwp%2Fv2%2Fcategories&post=97249"},{"taxonomy":"post_tag","embeddable":true,"href":"https:\/\/ucnoqta.az\/index.php?rest_route=%2Fwp%2Fv2%2Ftags&post=97249"}],"curies":[{"name":"wp","href":"https:\/\/api.w.org\/{rel}","templated":true}]}}