{"id":97248,"date":"2020-05-04T10:25:59","date_gmt":"2020-05-04T06:25:59","guid":{"rendered":""},"modified":"-0001-11-30T00:00:00","modified_gmt":"-0001-11-29T20:00:00","slug":"","status":"publish","type":"post","link":"https:\/\/ucnoqta.az\/?p=97248","title":{"rendered":"Ke\u00e7mi\u015f m\u0259hkum avtobusla piyadan\u0131 vurub \u00f6ld\u00fcrd\u00fc"},"content":{"rendered":"<p><strong>Bak\u0131da s\u0259rni\u015fin avtobusu q\u0259za t&ouml;r\u0259dib.<\/strong><\/p>\n<p>Hadis\u0259 may\u0131n 1-d\u0259 X\u0259z\u0259r rayonu, \u015ea\u011fan q\u0259s\u0259b\u0259sind\u0259 ba\u015f verib. \u018fvv\u0259ll\u0259r m\u0259hkum olunmu\u015f 1972-ci il t\u0259v\u0259ll&uuml;dl&uuml; \u0130.Quliyev idar\u0259 etdiyi &ldquo;\u0130karus&rdquo; markal\u0131 avtobusla yolu ke&ccedil;m\u0259k ist\u0259y\u0259n 1973-c&uuml; il t\u0259v\u0259ll&uuml;dl&uuml; S\u0259bir\u0259 Ba\u011f\u0131rovan\u0131 vurub. Piyada ald\u0131\u011f\u0131 x\u0259sar\u0259td\u0259n hadis\u0259 yerind\u0259 &ouml;l&uuml;b.<\/p>\n<p>Ara\u015fd\u0131rma zaman\u0131 m\u0259lum olub ki, \u0130.Quliyev s\u0259rxo\u015f halda iritutumlu avtobusu s&uuml;r&uuml;c&uuml;l&uuml;k v\u0259siq\u0259si olmadan idar\u0259 edib.<\/p>\n<p>Faktla ba\u011fl\u0131 Cinay\u0259t M\u0259c\u0259ll\u0259sinin 263.1-3-c&uuml; (Yol h\u0259r\u0259k\u0259ti v\u0259 ya n\u0259qliyyat vasit\u0259l\u0259rinin istismar\u0131 qaydalar\u0131n\u0131 s\u0259rxo\u015f halda v\u0259 ya n\u0259qliyyat vasit\u0259l\u0259rini idar\u0259 etm\u0259k h&uuml;ququ olmayan \u015f\u0259xs t\u0259r\u0259find\u0259n pozma, z\u0259r\u0259r&ccedil;\u0259k\u0259nin &ouml;l&uuml;m&uuml;n\u0259 s\u0259b\u0259b olma) madd\u0259si il\u0259 cinay\u0259t i\u015fi ba\u015flan\u0131b.\/\/\/trend<\/p>\n<p>&nbsp;<\/p>\n","protected":false},"excerpt":{"rendered":"<p>Bak\u0131da s\u0259rni\u015fin avtobusu q\u0259za t&ouml;r\u0259dib. Hadis\u0259 may\u0131n 1-d\u0259 X\u0259z\u0259r rayonu, \u015ea\u011fan q\u0259s\u0259b\u0259sind\u0259 ba\u015f verib. \u018fvv\u0259ll\u0259r m\u0259hkum olunmu\u015f 1972-ci il t\u0259v\u0259ll&uuml;dl&uuml; \u0130.Quliyev idar\u0259 etdiyi &ldquo;\u0130karus&rdquo; markal\u0131 avtobusla yolu ke&ccedil;m\u0259k ist\u0259y\u0259n 1973-c&uuml;&hellip;<\/p>\n","protected":false},"author":1,"featured_media":251278,"comment_status":"open","ping_status":"open","sticky":false,"template":"","format":"standard","meta":{"_lmt_disableupdate":"","_lmt_disable":"","footnotes":""},"categories":[],"tags":[],"class_list":["post-97248","post","type-post","status-publish","format-standard","has-post-thumbnail","hentry"],"_links":{"self":[{"href":"https:\/\/ucnoqta.az\/index.php?rest_route=\/wp\/v2\/posts\/97248","targetHints":{"allow":["GET"]}}],"collection":[{"href":"https:\/\/ucnoqta.az\/index.php?rest_route=\/wp\/v2\/posts"}],"about":[{"href":"https:\/\/ucnoqta.az\/index.php?rest_route=\/wp\/v2\/types\/post"}],"author":[{"embeddable":true,"href":"https:\/\/ucnoqta.az\/index.php?rest_route=\/wp\/v2\/users\/1"}],"replies":[{"embeddable":true,"href":"https:\/\/ucnoqta.az\/index.php?rest_route=%2Fwp%2Fv2%2Fcomments&post=97248"}],"version-history":[{"count":0,"href":"https:\/\/ucnoqta.az\/index.php?rest_route=\/wp\/v2\/posts\/97248\/revisions"}],"wp:featuredmedia":[{"embeddable":true,"href":"https:\/\/ucnoqta.az\/index.php?rest_route=\/wp\/v2\/media\/251278"}],"wp:attachment":[{"href":"https:\/\/ucnoqta.az\/index.php?rest_route=%2Fwp%2Fv2%2Fmedia&parent=97248"}],"wp:term":[{"taxonomy":"category","embeddable":true,"href":"https:\/\/ucnoqta.az\/index.php?rest_route=%2Fwp%2Fv2%2Fcategories&post=97248"},{"taxonomy":"post_tag","embeddable":true,"href":"https:\/\/ucnoqta.az\/index.php?rest_route=%2Fwp%2Fv2%2Ftags&post=97248"}],"curies":[{"name":"wp","href":"https:\/\/api.w.org\/{rel}","templated":true}]}}