{"id":97222,"date":"2020-05-03T11:26:56","date_gmt":"2020-05-03T07:26:56","guid":{"rendered":""},"modified":"-0001-11-30T00:00:00","modified_gmt":"-0001-11-29T20:00:00","slug":"","status":"publish","type":"post","link":"https:\/\/ucnoqta.az\/?p=97222","title":{"rendered":"Azay Quliyev: H\u0259yata ke\u00e7iril\u0259n siyasi islahatlar milli v\u0259 beyn\u0259lxalq m\u00fcst\u0259vid\u0259 \u00f6lk\u0259miz \u00fc\u00e7\u00fcn yeni imkanlar yaradacaq"},"content":{"rendered":"<p><strong>H\u0259yata ke&ccedil;iril\u0259n siyasi islahatlar milli v\u0259 beyn\u0259lxalq m&uuml;st\u0259vid\u0259 &ouml;lk\u0259miz &uuml;&ccedil;&uuml;n yeni imkanlar yaradacaq.<\/strong><\/p>\n<p>Ucnoqta.az x\u0259b\u0259r verir ki, bunu Trend-\u0259 Milli M\u0259clisin deputat\u0131 Azay Quliyev deyib. Deputat bildirib ki, Prezident \u0130lham \u018fliyev may\u0131n 1-d\u0259 Ba\u015f prokuror Kamran \u018fliyevi videoformatda q\u0259bul ed\u0259n zaman islahatlarla ba\u011fl\u0131 &ccedil;ox m&uuml;h&uuml;m m\u0259s\u0259l\u0259l\u0259r\u0259 toxundu v\u0259 yeni mesajlar verdi:<\/p>\n<p>&quot;Bu mesajlar &ouml;lk\u0259d\u0259 apar\u0131lan d\u0259rin v\u0259 \u0259hat\u0259li islahatlar\u0131n n&ouml;vb\u0259ti dal\u011fas\u0131ndan x\u0259b\u0259r verm\u0259kl\u0259 yana\u015f\u0131, Az\u0259rbaycan\u0131n yenid\u0259n in\u015fa olunmas\u0131n\u0131n, modernl\u0259\u015fm\u0259sinin, korrupsiya v\u0259 r&uuml;\u015fv\u0259txorlu\u011fa qar\u015f\u0131 apar\u0131lan m&uuml;bariz\u0259nin n\u0259 q\u0259d\u0259r d&ouml;nm\u0259z v\u0259 prinsipial xarakter da\u015f\u0131d\u0131\u011f\u0131n\u0131 bir daha n&uuml;mayi\u015f etdirdi. C\u0259nab Prezident bir daha xat\u0131rlatd\u0131 ki, he&ccedil; kim qanundan &uuml;st&uuml;n deyil, korrupsiya v\u0259 r&uuml;\u015fv\u0259txorluqla m\u0259\u015f\u011ful olanlar kimliyind\u0259n as\u0131l\u0131 olamayaraq s\u0259rt \u015f\u0259kild\u0259 c\u0259zalanacaqlar.<\/p>\n<p>D&ouml;vl\u0259t ba\u015f&ccedil;\u0131s\u0131n\u0131n islahatlar\u0131n davaml\u0131 olmas\u0131, neqativ hallar\u0131n tam olaraq aradan qald\u0131r\u0131lmas\u0131 istiqam\u0259tind\u0259 n&uuml;mayi\u015f etdirdiyi q\u0259tiyy\u0259tli m&ouml;vqe v\u0259 siyasi irad\u0259 c\u0259miyy\u0259t t\u0259r\u0259find\u0259n y&uuml;ks\u0259k qiym\u0259tl\u0259ndirilir, h\u0259m&ccedil;inin birm\u0259nal\u0131 olaraq d\u0259st\u0259kl\u0259nir&quot;.<\/p>\n<p>A.Quliyev bildirib ki, bu islahatlar\u0131 f\u0259rql\u0259ndir\u0259n v\u0259 daha &ccedil;ox c\u0259lbedici ed\u0259n amill\u0259rd\u0259n biri d\u0259 odur ki, onlar t\u0259kc\u0259 iqtisadi, sosial, h&uuml;quqi v\u0259 ya institusional sah\u0259ni \u0259hat\u0259 etmir. \u0130lk d\u0259f\u0259dir ki, bu h\u0259cmd\u0259 islahatlar, h\u0259m d\u0259 siyasi sah\u0259d\u0259 apar\u0131l\u0131r:<\/p>\n<p>&quot;Bu bax\u0131mdan c\u0259nab Prezidentin &quot;m&uuml;st\u0259qillik d&ouml;vr&uuml;nd\u0259n b\u0259ri miqyas\u0131na v\u0259 n\u0259tic\u0259sin\u0259 g&ouml;r\u0259 bel\u0259 islahatlar\u0131n apar\u0131lmas\u0131 m&uuml;\u015fahid\u0259 edilmirdi&quot; fikri v\u0259 verdiyi bu b\u0259yanat x&uuml;susi \u0259h\u0259miyy\u0259t k\u0259sb edir. Hakimiyy\u0259t t\u0259r\u0259find\u0259n t\u0259klif edilmi\u015f siyasi dialoq ba\u015f tutur v\u0259 biz art\u0131q onun ilkin m&uuml;sb\u0259t t\u0259zah&uuml;rl\u0259rini g&ouml;r&uuml;r&uuml;k. Dem\u0259k olar ki, &ouml;lk\u0259mizin b&uuml;t&uuml;n \u0259sas siyasi q&uuml;vv\u0259l\u0259ri bu dialoqa qo\u015fularaq &ouml;z m&uuml;sb\u0259t m&uuml;nasib\u0259tini bildiribl\u0259r. Bel\u0259likl\u0259, hesab edir\u0259m ki, n&ouml;vb\u0259ti ill\u0259rd\u0259 siyasi sistemin t\u0259kmill\u0259\u015fdirilm\u0259si, m&uuml;asirl\u0259\u015fdirilm\u0259si, Az\u0259rbaycanda siyasi m&uuml;nasib\u0259tl\u0259rin sa\u011flam z\u0259mind\u0259 qurulmas\u0131 i\u015find\u0259 &ouml;n\u0259mli add\u0131mlar at\u0131lacaq. Bir daha bildirm\u0259liy\u0259m ki, Az\u0259rbaycanda he&ccedil; kim &ouml;z siyasi bax\u0131\u015flar\u0131na, siyasi m\u0259nsubiyy\u0259tin\u0259, siyasi f\u0259aliyy\u0259tin\u0259 g&ouml;r\u0259 t\u0259qib edilm\u0259m\u0259lidir&quot;.<\/p>\n<p>Deputat vur\u011fulay\u0131b ki, d&ouml;vl\u0259t ba\u015f&ccedil;\u0131s\u0131n\u0131n \u015f\u0259xs\u0259n siyasi q&uuml;vv\u0259l\u0259rl\u0259 dialoq t\u0259\u015f\u0259bb&uuml;s&uuml; il\u0259 &ccedil;\u0131x\u0131\u015f etm\u0259si v\u0259 bu m&ouml;vzuya t\u0259krar qay\u0131tmas\u0131 he&ccedil; \u015f&uuml;bh\u0259siz ki, &ouml;lk\u0259d\u0259 siyasi m&uuml;nasib\u0259tl\u0259rin yeni z\u0259mind\u0259 qurulaca\u011f\u0131ndan, milli maraqlar namin\u0259 iqtidar-m&uuml;xalif\u0259t \u0259m\u0259kda\u015fl\u0131\u011f\u0131na &ouml;n\u0259m veril\u0259c\u0259yind\u0259n v\u0259 indiy\u0259 kimi m&ouml;vcud olan siyasi m&uuml;nasib\u0259tl\u0259rd\u0259 ciddi yenilikl\u0259rin olaca\u011f\u0131ndan x\u0259b\u0259r verir:<\/p>\n<p>&quot;Art\u0131q yeni formala\u015fan Milli M\u0259clisin v\u0259 komit\u0259l\u0259rinin r\u0259hb\u0259rliyind\u0259 m&uuml;xalif\u0259t\u0259 yer ayr\u0131lmas\u0131 bu fikirl\u0259rin sad\u0259c\u0259 deklorativ xarakter da\u015f\u0131mad\u0131\u011f\u0131n\u0131 s&uuml;but edir. Bu da o dem\u0259kdir ki, &ouml;lk\u0259d\u0259 dig\u0259r sah\u0259l\u0259rl\u0259 yana\u015f\u0131 siyasi islahatlar\u0131n da paralel olaraq apar\u0131lmas\u0131 d&ouml;vl\u0259timizin daha g&uuml;cl&uuml;, dayan\u0131ql\u0131 olmas\u0131na, ictimai v\u0259 siyasi sabitliyin etibarl\u0131 \u015f\u0259kild\u0259 qorunmas\u0131na, demokratik \u0259n\u0259n\u0259l\u0259rin v\u0259 siyasi institutlar\u0131n inki\u015faf\u0131na hesablanm\u0131\u015f strateji h\u0259d\u0259fdir. \u018fmin\u0259m ki, b&uuml;t&uuml;n bu yenilikl\u0259r milli v\u0259 beyn\u0259lxalq m&uuml;st\u0259vid\u0259 &ouml;lk\u0259miz &uuml;&ccedil;&uuml;n yeni imkanlar yaradacaq, d&ouml;vl\u0259timizin n&uuml;fuzunu daha da art\u0131racaq.<\/p>\n<p>&Uuml;mid edir\u0259m ki, siyasi m&uuml;nasib\u0259tl\u0259rin dig\u0259r i\u015ftirak&ccedil;\u0131lar\u0131 olan m&uuml;xalif\u0259t partiyalar\u0131 &ouml;lk\u0259 Prezidentinin bu &ccedil;a\u011f\u0131r\u0131\u015f\u0131na v\u0259 xo\u015f niyy\u0259tin\u0259 adekvat qiym\u0259t verm\u0259yi bacaracaqlar. \u018fn &ccedil;ox ehtiyac duyulan siyasi m\u0259d\u0259niyy\u0259tin formala\u015fmas\u0131na, sa\u011flam \u0259m\u0259kda\u015fl\u0131\u011f\u0131n, dialoq m&uuml;hitinin geni\u015fl\u0259nm\u0259sin\u0259 v\u0259 \u0259n ba\u015fl\u0131cas\u0131 is\u0259 &uuml;mummili m\u0259s\u0259l\u0259l\u0259rd\u0259 h\u0259mr\u0259yliyin n&uuml;mayi\u015f etdirilm\u0259sin\u0259, milli maraqlar\u0131m\u0131z\u0131n qorunmas\u0131na &ouml;z f\u0259aliyy\u0259tl\u0259ri il\u0259 t&ouml;hf\u0259 ver\u0259c\u0259kl\u0259r&quot;.<\/p>\n","protected":false},"excerpt":{"rendered":"<p>H\u0259yata ke&ccedil;iril\u0259n siyasi islahatlar milli v\u0259 beyn\u0259lxalq m&uuml;st\u0259vid\u0259 &ouml;lk\u0259miz &uuml;&ccedil;&uuml;n yeni imkanlar yaradacaq. Ucnoqta.az x\u0259b\u0259r verir ki, bunu Trend-\u0259 Milli M\u0259clisin deputat\u0131 Azay Quliyev deyib. Deputat bildirib ki, Prezident \u0130lham&hellip;<\/p>\n","protected":false},"author":1,"featured_media":251278,"comment_status":"open","ping_status":"open","sticky":false,"template":"","format":"standard","meta":{"_lmt_disableupdate":"","_lmt_disable":"","footnotes":""},"categories":[],"tags":[],"class_list":["post-97222","post","type-post","status-publish","format-standard","has-post-thumbnail","hentry"],"_links":{"self":[{"href":"https:\/\/ucnoqta.az\/index.php?rest_route=\/wp\/v2\/posts\/97222","targetHints":{"allow":["GET"]}}],"collection":[{"href":"https:\/\/ucnoqta.az\/index.php?rest_route=\/wp\/v2\/posts"}],"about":[{"href":"https:\/\/ucnoqta.az\/index.php?rest_route=\/wp\/v2\/types\/post"}],"author":[{"embeddable":true,"href":"https:\/\/ucnoqta.az\/index.php?rest_route=\/wp\/v2\/users\/1"}],"replies":[{"embeddable":true,"href":"https:\/\/ucnoqta.az\/index.php?rest_route=%2Fwp%2Fv2%2Fcomments&post=97222"}],"version-history":[{"count":0,"href":"https:\/\/ucnoqta.az\/index.php?rest_route=\/wp\/v2\/posts\/97222\/revisions"}],"wp:featuredmedia":[{"embeddable":true,"href":"https:\/\/ucnoqta.az\/index.php?rest_route=\/wp\/v2\/media\/251278"}],"wp:attachment":[{"href":"https:\/\/ucnoqta.az\/index.php?rest_route=%2Fwp%2Fv2%2Fmedia&parent=97222"}],"wp:term":[{"taxonomy":"category","embeddable":true,"href":"https:\/\/ucnoqta.az\/index.php?rest_route=%2Fwp%2Fv2%2Fcategories&post=97222"},{"taxonomy":"post_tag","embeddable":true,"href":"https:\/\/ucnoqta.az\/index.php?rest_route=%2Fwp%2Fv2%2Ftags&post=97222"}],"curies":[{"name":"wp","href":"https:\/\/api.w.org\/{rel}","templated":true}]}}