{"id":97219,"date":"2020-05-03T10:04:06","date_gmt":"2020-05-03T06:04:06","guid":{"rendered":""},"modified":"-0001-11-30T00:00:00","modified_gmt":"-0001-11-29T20:00:00","slug":"","status":"publish","type":"post","link":"https:\/\/ucnoqta.az\/?p=97219","title":{"rendered":"Kim \u00c7en In\u0131n \u0259lind\u0259 <font color=red><b>M\u00dc\u018fMMALI \u0130Z &#8211; FOTO<\/b><\/font>"},"content":{"rendered":"<p><strong>Koreya Demokratik Respublikas\u0131n\u0131n lideri Kim &Ccedil;en In 20 g&uuml;nd\u0259n&nbsp;sonra ictimaiyy\u0259t qar\u015f\u0131s\u0131na &ccedil;\u0131xanda onun \u0259lind\u0259 m&uuml;\u0259mmal\u0131 iz a\u015fkar edilib.<\/strong><\/p>\n<p>Bu bar\u0259d\u0259 &ldquo;The Mirror&rdquo; yaz\u0131r.<br \/>\nAB\u015e-da tibb sah\u0259sinin m&uuml;t\u0259x\u0259ssisl\u0259ri hesab edirl\u0259r ki, d&ouml;vl\u0259t ba\u015f&ccedil;\u0131s\u0131n\u0131n \u0259lind\u0259ki iz &uuml;r\u0259k-damar x\u0259st\u0259likl\u0259ri zaman\u0131 apar\u0131lan prosedurlardan x\u0259b\u0259r ver\u0259 bil\u0259r. Ola bilsin ki, KXDR-n\u0131n liderinin sa\u011f mil arteriyas\u0131na punksiya yeridilib.<\/p>\n<p>Qeyd ed\u0259k ki, Kim &Ccedil;en In aprelin 11-d\u0259n ictimaiyy\u0259t qar\u015f\u0131s\u0131na &ccedil;\u0131xmam\u0131\u015fd\u0131. O, aprelin 15-d\u0259 babas\u0131, KXDR-n\u0131n \u0259sas\u0131n\u0131 qoyan Kim \u0130r Senin do\u011fum g&uuml;n&uuml;nd\u0259 i\u015ftirak etm\u0259diyi &uuml;&ccedil;&uuml;n siyas\u0259t&ccedil;inin &ouml;lm\u0259yi v\u0259 ya x\u0259st\u0259l\u0259nm\u0259yi il\u0259 ba\u011fl\u0131 \u015fayi\u0259l\u0259r yay\u0131lma\u011fa ba\u015flam\u0131\u015fd\u0131.<\/p>\n<p>Lakin may\u0131n 2-d\u0259 \u015eimali Koreyan\u0131n liderinin Sun&ccedil;hondak\u0131 g&uuml;br\u0259 zavodunun a&ccedil;\u0131l\u0131\u015f m\u0259rasimind\u0259 i\u015ftirak etdiyi kadrlar yay\u0131lma\u011fa ba\u015flad\u0131. \u015eayi\u0259l\u0259r\u0259 baxmayaraq, \u015f\u0259kill\u0259rd\u0259 Kim &Ccedil;en In sa\u011flam g&ouml;r&uuml;n&uuml;r.\/\/\/oxu.az<\/p>\n","protected":false},"excerpt":{"rendered":"<p>Koreya Demokratik Respublikas\u0131n\u0131n lideri Kim &Ccedil;en In 20 g&uuml;nd\u0259n&nbsp;sonra ictimaiyy\u0259t qar\u015f\u0131s\u0131na &ccedil;\u0131xanda onun \u0259lind\u0259 m&uuml;\u0259mmal\u0131 iz a\u015fkar edilib. Bu bar\u0259d\u0259 &ldquo;The Mirror&rdquo; yaz\u0131r. AB\u015e-da tibb sah\u0259sinin m&uuml;t\u0259x\u0259ssisl\u0259ri hesab edirl\u0259r ki,&hellip;<\/p>\n","protected":false},"author":1,"featured_media":251278,"comment_status":"open","ping_status":"open","sticky":false,"template":"","format":"standard","meta":{"_lmt_disableupdate":"","_lmt_disable":"","footnotes":""},"categories":[],"tags":[],"class_list":["post-97219","post","type-post","status-publish","format-standard","has-post-thumbnail","hentry"],"_links":{"self":[{"href":"https:\/\/ucnoqta.az\/index.php?rest_route=\/wp\/v2\/posts\/97219","targetHints":{"allow":["GET"]}}],"collection":[{"href":"https:\/\/ucnoqta.az\/index.php?rest_route=\/wp\/v2\/posts"}],"about":[{"href":"https:\/\/ucnoqta.az\/index.php?rest_route=\/wp\/v2\/types\/post"}],"author":[{"embeddable":true,"href":"https:\/\/ucnoqta.az\/index.php?rest_route=\/wp\/v2\/users\/1"}],"replies":[{"embeddable":true,"href":"https:\/\/ucnoqta.az\/index.php?rest_route=%2Fwp%2Fv2%2Fcomments&post=97219"}],"version-history":[{"count":0,"href":"https:\/\/ucnoqta.az\/index.php?rest_route=\/wp\/v2\/posts\/97219\/revisions"}],"wp:featuredmedia":[{"embeddable":true,"href":"https:\/\/ucnoqta.az\/index.php?rest_route=\/wp\/v2\/media\/251278"}],"wp:attachment":[{"href":"https:\/\/ucnoqta.az\/index.php?rest_route=%2Fwp%2Fv2%2Fmedia&parent=97219"}],"wp:term":[{"taxonomy":"category","embeddable":true,"href":"https:\/\/ucnoqta.az\/index.php?rest_route=%2Fwp%2Fv2%2Fcategories&post=97219"},{"taxonomy":"post_tag","embeddable":true,"href":"https:\/\/ucnoqta.az\/index.php?rest_route=%2Fwp%2Fv2%2Ftags&post=97219"}],"curies":[{"name":"wp","href":"https:\/\/api.w.org\/{rel}","templated":true}]}}