{"id":97215,"date":"2020-05-03T03:20:39","date_gmt":"2020-05-02T23:20:39","guid":{"rendered":""},"modified":"-0001-11-30T00:00:00","modified_gmt":"-0001-11-29T20:00:00","slug":"","status":"publish","type":"post","link":"https:\/\/ucnoqta.az\/?p=97215","title":{"rendered":"Tramp Kim \u00c7en In\u0131n sa\u011flam oldu\u011fundan m\u0259mnundur"},"content":{"rendered":"<p>AB\u015e prezidenti Donald Tramp, KXDR lideri Kim \u00c7en In\u0131n ictimaiyy\u0259t qar\u015f\u0131s\u0131nda g\u00f6r\u00fcnm\u0259sind\u0259n m\u0259mnundur.<\/p>\n<p>Trend-in Tass-a istinad\u0259n verdiyi m\u0259lumata g\u00f6r\u0259, bu bar\u0259d\u0259 AB\u015e prezidenti &#8220;Twitter&#8221; s\u0259hif\u0259sind\u0259 bildirib.<\/p>\n<p>&#8220;\u015e\u0259xs\u0259n m\u0259n onun qay\u0131tma\u011f\u0131n\u0131 v\u0259 sa\u011flam oldu\u011funu g\u00f6rm\u0259kd\u0259n m\u0259mnunam&#8221;, &#8211; D.Tramp yaz\u0131b.<\/p>\n<p>Xat\u0131rladaq ki, KXDR lideri 11 apreld\u0259n bir ne\u00e7\u0259 g\u00fcn \u0259rzind\u0259 ictimaiyy\u0259t qar\u015f\u0131s\u0131nda g\u00f6r\u00fcnm\u0259yib. Bir q\u0259d\u0259r \u0259vv\u0259l iddia edil\u0259n c\u0259rrahiy\u0259 \u0259m\u0259liyyat\u0131ndan sonra KXDR lideri Kim \u00c7en In\u0131n sa\u011flaml\u0131\u011f\u0131n\u0131n pisl\u0259\u015fm\u0259si il\u0259 ba\u011fl\u0131 m\u0259lumat yay\u0131l\u0131b.<\/p>\n","protected":false},"excerpt":{"rendered":"<p>AB\u015e prezidenti Donald Tramp, KXDR lideri Kim \u00c7en In\u0131n ictimaiyy\u0259t qar\u015f\u0131s\u0131nda g\u00f6r\u00fcnm\u0259sind\u0259n m\u0259mnundur. Trend-in Tass-a istinad\u0259n verdiyi m\u0259lumata g\u00f6r\u0259, bu bar\u0259d\u0259 AB\u015e prezidenti &#8220;Twitter&#8221; s\u0259hif\u0259sind\u0259 bildirib. &#8220;\u015e\u0259xs\u0259n m\u0259n onun qay\u0131tma\u011f\u0131n\u0131&hellip;<\/p>\n","protected":false},"author":1,"featured_media":251278,"comment_status":"open","ping_status":"open","sticky":false,"template":"","format":"standard","meta":{"_lmt_disableupdate":"","_lmt_disable":"","footnotes":""},"categories":[89],"tags":[],"class_list":["post-97215","post","type-post","status-publish","format-standard","has-post-thumbnail","hentry","category-dunya-butun-xeberler"],"_links":{"self":[{"href":"https:\/\/ucnoqta.az\/index.php?rest_route=\/wp\/v2\/posts\/97215","targetHints":{"allow":["GET"]}}],"collection":[{"href":"https:\/\/ucnoqta.az\/index.php?rest_route=\/wp\/v2\/posts"}],"about":[{"href":"https:\/\/ucnoqta.az\/index.php?rest_route=\/wp\/v2\/types\/post"}],"author":[{"embeddable":true,"href":"https:\/\/ucnoqta.az\/index.php?rest_route=\/wp\/v2\/users\/1"}],"replies":[{"embeddable":true,"href":"https:\/\/ucnoqta.az\/index.php?rest_route=%2Fwp%2Fv2%2Fcomments&post=97215"}],"version-history":[{"count":0,"href":"https:\/\/ucnoqta.az\/index.php?rest_route=\/wp\/v2\/posts\/97215\/revisions"}],"wp:featuredmedia":[{"embeddable":true,"href":"https:\/\/ucnoqta.az\/index.php?rest_route=\/wp\/v2\/media\/251278"}],"wp:attachment":[{"href":"https:\/\/ucnoqta.az\/index.php?rest_route=%2Fwp%2Fv2%2Fmedia&parent=97215"}],"wp:term":[{"taxonomy":"category","embeddable":true,"href":"https:\/\/ucnoqta.az\/index.php?rest_route=%2Fwp%2Fv2%2Fcategories&post=97215"},{"taxonomy":"post_tag","embeddable":true,"href":"https:\/\/ucnoqta.az\/index.php?rest_route=%2Fwp%2Fv2%2Ftags&post=97215"}],"curies":[{"name":"wp","href":"https:\/\/api.w.org\/{rel}","templated":true}]}}