{"id":97206,"date":"2020-05-02T18:27:24","date_gmt":"2020-05-02T14:27:24","guid":{"rendered":""},"modified":"-0001-11-30T00:00:00","modified_gmt":"-0001-11-29T20:00:00","slug":"","status":"publish","type":"post","link":"https:\/\/ucnoqta.az\/?p=97206","title":{"rendered":"Bil\u0259suvarda karantin qaydalar\u0131n\u0131 pozanlar h\u0259bs edilib"},"content":{"rendered":"<p>Bil\u0259suvarda karantin qaydalar\u0131n\u0131 pozanlar h\u0259bs edilib.<\/p>\n<p>Daxili \u0130\u015fl\u0259ri Nazirliyinin M\u0259tbuat Xidm\u0259tinin L\u0259nk\u0259ran regional qrupundan\u00a0veril\u0259n m\u0259lumata g\u00f6r\u0259, \u00f6lk\u0259 \u0259razisind\u0259 elan edilmi\u015f x\u00fcsusi karantin rejimi il\u0259 \u0259laq\u0259dar olaraq Bil\u0259suvar rayonunun giri\u015f hiss\u0259sind\u0259 yarad\u0131lm\u0131\u015f stasionar postda \u201cKia Rio\u201d markal\u0131 avtomobilin s\u00fcr\u00fcc\u00fcs\u00fcn\u0259 \u201csaxla\u201d \u0259mri verils\u0259 d\u0259, o bu \u0259mr\u0259 tabe olmayaraq h\u0259r\u0259k\u0259ti davam etdirib.<\/p>\n<p>Bil\u0259suvar rayonu \u0259razisind\u0259 polis \u0259m\u0259kda\u015flar\u0131 t\u0259r\u0259find\u0259n h\u0259min avtomobil saxlan\u0131ld\u0131qdan sonra is\u0259 s\u00fcr\u00fcc\u00fc v\u0259 ma\u015f\u0131nda olan dig\u0259r 3 n\u0259f\u0259r \u015f\u0259xs d\u00fc\u015f\u0259r\u0259k qa\u00e7ma\u011fa c\u0259hd edibl\u0259r. H\u0259min \u015f\u0259xsl\u0259r d\u0259rhal Bil\u0259suvar RP\u015e-nin \u0259m\u0259kda\u015flar\u0131 t\u0259r\u0259find\u0259n saxlan\u0131laraq \u015f\u00f6b\u0259y\u0259 g\u0259tirilibl\u0259r.<\/p>\n<p>Saxlan\u0131lark\u0259n onlar\u0131n Bak\u0131 sakini \u018f. Mustafazad\u0259, Qax rayon sakini S. \u018fhm\u0259dov, A\u011fcab\u0259di rayon sakini O.M\u0259h\u0259rr\u0259mov v\u0259 F\u00fczuli rayon sakini K. G\u00fclh\u00fcseynzad\u0259 olduqlar\u0131 m\u00fc\u0259yy\u0259n edilib v\u0259 rayon m\u0259hk\u0259m\u0259sinin q\u0259rar\u0131 il\u0259 inzibati qaydada h\u0259bs olunublar.<\/p>\n","protected":false},"excerpt":{"rendered":"<p>Bil\u0259suvarda karantin qaydalar\u0131n\u0131 pozanlar h\u0259bs edilib. Daxili \u0130\u015fl\u0259ri Nazirliyinin M\u0259tbuat Xidm\u0259tinin L\u0259nk\u0259ran regional qrupundan\u00a0veril\u0259n m\u0259lumata g\u00f6r\u0259, \u00f6lk\u0259 \u0259razisind\u0259 elan edilmi\u015f x\u00fcsusi karantin rejimi il\u0259 \u0259laq\u0259dar olaraq Bil\u0259suvar rayonunun giri\u015f hiss\u0259sind\u0259&hellip;<\/p>\n","protected":false},"author":1,"featured_media":251278,"comment_status":"open","ping_status":"open","sticky":false,"template":"","format":"standard","meta":{"_lmt_disableupdate":"","_lmt_disable":"","footnotes":""},"categories":[],"tags":[],"class_list":["post-97206","post","type-post","status-publish","format-standard","has-post-thumbnail","hentry"],"_links":{"self":[{"href":"https:\/\/ucnoqta.az\/index.php?rest_route=\/wp\/v2\/posts\/97206","targetHints":{"allow":["GET"]}}],"collection":[{"href":"https:\/\/ucnoqta.az\/index.php?rest_route=\/wp\/v2\/posts"}],"about":[{"href":"https:\/\/ucnoqta.az\/index.php?rest_route=\/wp\/v2\/types\/post"}],"author":[{"embeddable":true,"href":"https:\/\/ucnoqta.az\/index.php?rest_route=\/wp\/v2\/users\/1"}],"replies":[{"embeddable":true,"href":"https:\/\/ucnoqta.az\/index.php?rest_route=%2Fwp%2Fv2%2Fcomments&post=97206"}],"version-history":[{"count":0,"href":"https:\/\/ucnoqta.az\/index.php?rest_route=\/wp\/v2\/posts\/97206\/revisions"}],"wp:featuredmedia":[{"embeddable":true,"href":"https:\/\/ucnoqta.az\/index.php?rest_route=\/wp\/v2\/media\/251278"}],"wp:attachment":[{"href":"https:\/\/ucnoqta.az\/index.php?rest_route=%2Fwp%2Fv2%2Fmedia&parent=97206"}],"wp:term":[{"taxonomy":"category","embeddable":true,"href":"https:\/\/ucnoqta.az\/index.php?rest_route=%2Fwp%2Fv2%2Fcategories&post=97206"},{"taxonomy":"post_tag","embeddable":true,"href":"https:\/\/ucnoqta.az\/index.php?rest_route=%2Fwp%2Fv2%2Ftags&post=97206"}],"curies":[{"name":"wp","href":"https:\/\/api.w.org\/{rel}","templated":true}]}}