{"id":97201,"date":"2020-05-02T16:01:53","date_gmt":"2020-05-02T12:01:53","guid":{"rendered":""},"modified":"-0001-11-30T00:00:00","modified_gmt":"-0001-11-29T20:00:00","slug":"","status":"publish","type":"post","link":"https:\/\/ucnoqta.az\/?p=97201","title":{"rendered":"\u201cDiplomatiya k\u00f6n\u00fcll\u00fcl\u0259ri\u201d \u00fc\u00e7\u00fcn n\u00f6vb\u0259ti onlayn g\u00f6r\u00fc\u015fl\u0259r ke\u00e7irilib"},"content":{"rendered":"<p><em>Az\u0259rbaycan Respublikas\u0131n\u0131n Prezidenti c\u0259nab \u0130lham \u018fliyev t\u0259r\u0259find\u0259n Az\u0259rbaycanda elan olunmu\u015f &ldquo;K&ouml;n&uuml;ll&uuml;l\u0259r ili&rdquo; &ccedil;\u0259r&ccedil;iv\u0259sind\u0259 v\u0259 haz\u0131rda &ouml;lk\u0259mizd\u0259 t\u0259tbiq olunan karantin d&ouml;vr&uuml;nd\u0259 g\u0259ncl\u0259rin zamanlar\u0131n\u0131 s\u0259m\u0259r\u0259li ke&ccedil;irm\u0259si m\u0259qs\u0259dil\u0259 Az\u0259rbaycan Respublikas\u0131 Xarici \u0130\u015fl\u0259r Nazirliyi t\u0259r\u0259find\u0259n bu qurumun n\u0259zdind\u0259 f\u0259aliyy\u0259t g&ouml;st\u0259r\u0259n &ldquo;Diplomatiya k&ouml;n&uuml;ll&uuml;l\u0259ri&rdquo; &uuml;&ccedil;&uuml;n t\u0259\u015fkil olunmu\u015f &ldquo;Evd\u0259 qal m&uuml;hazir\u0259l\u0259rd\u0259n qalma&rdquo; adl\u0131 onlayn g&ouml;r&uuml;\u015fl\u0259r bu h\u0259ft\u0259 d\u0259 davam etdirilib.<\/em><\/p>\n<p>X\u0130N-d\u0259n Ucnoqta.az-a veril\u0259n m\u0259lumata g&ouml;r\u0259, n&ouml;vb\u0259ti h\u0259ft\u0259 \u0259rzind\u0259 Az\u0259rbaycan\u0131n B&ouml;y&uuml;k Britaniya v\u0259 \u015eimali \u0130rlandiya Birl\u0259\u015fmi\u015f Krall\u0131\u011f\u0131ndak\u0131 s\u0259firi Tahir Ta\u011f\u0131zad\u0259, YUNESKO yan\u0131nda daimi n&uuml;may\u0259nd\u0259si Anar K\u0259rimov, Braziliyadak\u0131 s\u0259firi Elxan Poluxov, Macar\u0131standak\u0131 s\u0259firi Vilay\u0259t Quliyev, \u0130taliyadak\u0131 s\u0259firi M\u0259mm\u0259d \u018fhm\u0259dzad\u0259nin k&ouml;n&uuml;ll&uuml;l\u0259rl\u0259 videokonfranslar\u0131 ba\u015f tutub v\u0259 s\u0259firl\u0259r k&ouml;n&uuml;ll&uuml;l\u0259ri maraqland\u0131ran &ccedil;oxsayl\u0131 suallar\u0131 cavabland\u0131r\u0131blar.<\/p>\n<p>G&ouml;r&uuml;\u015fl\u0259rd\u0259 Az\u0259rbaycanda d&ouml;vl\u0259timizin ba\u015f&ccedil;\u0131s\u0131 t\u0259r\u0259find\u0259n t\u0259\u015fviq olunan k&ouml;n&uuml;ll&uuml;l\u0259r h\u0259r\u0259kat\u0131n\u0131n \u0259h\u0259miyy\u0259tind\u0259n v\u0259 Az\u0259rbaycan\u0131n xarici siyas\u0259tinin prioritetl\u0259rind\u0259n dan\u0131\u015f\u0131l\u0131b, s\u0259firl\u0259r t\u0259r\u0259find\u0259n akkredit\u0259 olunduqlar\u0131 &ouml;lk\u0259 v\u0259 ya t\u0259\u015fkilat il\u0259 Az\u0259rbaycan aras\u0131ndak\u0131 m&uuml;nasib\u0259tl\u0259rin geni\u015f \u0259m\u0259kda\u015fl\u0131q g&uuml;nd\u0259liyi bar\u0259d\u0259 m\u0259lumat verilib.<\/p>\n<p>Haz\u0131rda koronavirus infeksiyas\u0131n\u0131n (COVID-19) d&uuml;nya &ouml;lk\u0259l\u0259rind\u0259 s&uuml;r\u0259tl\u0259 yay\u0131ld\u0131\u011f\u0131n\u0131 n\u0259z\u0259r\u0259 alaraq, pandemiyan\u0131n &ouml;lk\u0259l\u0259rin xarici siyas\u0259tin\u0259 v\u0259 iqtisadiyyat\u0131na m&uuml;mk&uuml;n t\u0259sirl\u0259ri g&ouml;r&uuml;\u015fl\u0259r zaman\u0131 m&uuml;zakir\u0259 edilib.<br \/>\nVideokonfranslar zaman\u0131 COVID-19-un &ouml;lk\u0259mizd\u0259 yay\u0131lmas\u0131n\u0131n qar\u015f\u0131s\u0131n\u0131n al\u0131nmas\u0131 m\u0259qs\u0259dil\u0259 Az\u0259rbaycan Prezidentinin birba\u015fa r\u0259hb\u0259rliyi alt\u0131nda Az\u0259rbaycan h&ouml;kum\u0259ti t\u0259r\u0259find\u0259n g&ouml;r&uuml;l\u0259n sistemli t\u0259dbirl\u0259rd\u0259n geni\u015f b\u0259hs olunub.<\/p>\n<p>Az\u0259rbaycan h&ouml;kum\u0259ti t\u0259r\u0259find\u0259n COVID-19-un &ouml;lk\u0259mizd\u0259 yay\u0131lmas\u0131n\u0131n qar\u015f\u0131s\u0131n\u0131n al\u0131nmas\u0131 m\u0259qs\u0259dil\u0259 g&ouml;r&uuml;l\u0259n i\u015fl\u0259r\u0259 d\u0259st\u0259k v\u0259 Az\u0259rbaycan g\u0259ncl\u0259rinin evd\u0259 qalaraq sah\u0259 &uuml;zr\u0259 maarifl\u0259ndirilm\u0259sin\u0259 t&ouml;hf\u0259 olaraq, X\u0130N t\u0259r\u0259find\u0259n bundan sonra da &ldquo;Diplomatiya k&ouml;n&uuml;ll&uuml;l\u0259ri&rdquo; &uuml;&ccedil;&uuml;n m&uuml;vafiq g&ouml;r&uuml;\u015fl\u0259rin t\u0259\u015fkil edilm\u0259si n\u0259z\u0259rd\u0259 tutulur.<\/p>\n","protected":false},"excerpt":{"rendered":"<p>Az\u0259rbaycan Respublikas\u0131n\u0131n Prezidenti c\u0259nab \u0130lham \u018fliyev t\u0259r\u0259find\u0259n Az\u0259rbaycanda elan olunmu\u015f &ldquo;K&ouml;n&uuml;ll&uuml;l\u0259r ili&rdquo; &ccedil;\u0259r&ccedil;iv\u0259sind\u0259 v\u0259 haz\u0131rda &ouml;lk\u0259mizd\u0259 t\u0259tbiq olunan karantin d&ouml;vr&uuml;nd\u0259 g\u0259ncl\u0259rin zamanlar\u0131n\u0131 s\u0259m\u0259r\u0259li ke&ccedil;irm\u0259si m\u0259qs\u0259dil\u0259 Az\u0259rbaycan Respublikas\u0131 Xarici \u0130\u015fl\u0259r Nazirliyi&hellip;<\/p>\n","protected":false},"author":1,"featured_media":251278,"comment_status":"open","ping_status":"open","sticky":false,"template":"","format":"standard","meta":{"_lmt_disableupdate":"","_lmt_disable":"","footnotes":""},"categories":[86],"tags":[],"class_list":["post-97201","post","type-post","status-publish","format-standard","has-post-thumbnail","hentry","category-siyaset"],"_links":{"self":[{"href":"https:\/\/ucnoqta.az\/index.php?rest_route=\/wp\/v2\/posts\/97201","targetHints":{"allow":["GET"]}}],"collection":[{"href":"https:\/\/ucnoqta.az\/index.php?rest_route=\/wp\/v2\/posts"}],"about":[{"href":"https:\/\/ucnoqta.az\/index.php?rest_route=\/wp\/v2\/types\/post"}],"author":[{"embeddable":true,"href":"https:\/\/ucnoqta.az\/index.php?rest_route=\/wp\/v2\/users\/1"}],"replies":[{"embeddable":true,"href":"https:\/\/ucnoqta.az\/index.php?rest_route=%2Fwp%2Fv2%2Fcomments&post=97201"}],"version-history":[{"count":0,"href":"https:\/\/ucnoqta.az\/index.php?rest_route=\/wp\/v2\/posts\/97201\/revisions"}],"wp:featuredmedia":[{"embeddable":true,"href":"https:\/\/ucnoqta.az\/index.php?rest_route=\/wp\/v2\/media\/251278"}],"wp:attachment":[{"href":"https:\/\/ucnoqta.az\/index.php?rest_route=%2Fwp%2Fv2%2Fmedia&parent=97201"}],"wp:term":[{"taxonomy":"category","embeddable":true,"href":"https:\/\/ucnoqta.az\/index.php?rest_route=%2Fwp%2Fv2%2Fcategories&post=97201"},{"taxonomy":"post_tag","embeddable":true,"href":"https:\/\/ucnoqta.az\/index.php?rest_route=%2Fwp%2Fv2%2Ftags&post=97201"}],"curies":[{"name":"wp","href":"https:\/\/api.w.org\/{rel}","templated":true}]}}