{"id":97195,"date":"2020-05-02T15:04:53","date_gmt":"2020-05-02T11:04:53","guid":{"rendered":""},"modified":"-0001-11-30T00:00:00","modified_gmt":"-0001-11-29T20:00:00","slug":"","status":"publish","type":"post","link":"https:\/\/ucnoqta.az\/?p=97195","title":{"rendered":"V\u0259t\u0259nda\u015flar Prezident\u0259 yaz\u0131rlar: <font color=red><b>Sizi v\u0259 Mehriban \u018fliyevan\u0131 h\u0259mi\u015f\u0259 \u00f6z himay\u0259\u00e7imiz kimi g\u00f6r\u00fcr, sevir, d\u0259st\u0259kl\u0259yirik<\/b><\/font>"},"content":{"rendered":"<p><strong>Az\u0259rbaycanda koronavirus pandemiyas\u0131n\u0131n geni\u015f yay\u0131lmas\u0131n\u0131n qar\u015f\u0131s\u0131n\u0131n al\u0131nmas\u0131, \u0259halinin sa\u011flaml\u0131\u011f\u0131n\u0131n qorunmas\u0131, rifah\u0131n\u0131n yax\u015f\u0131la\u015fd\u0131r\u0131lmas\u0131 il\u0259 ba\u011fl\u0131 atd\u0131\u011f\u0131 q\u0259tiyy\u0259tli add\u0131mlara g&ouml;r\u0259 Prezident \u0130lham \u018fliyev\u0259 v\u0259t\u0259nda\u015flardan &ccedil;oxsayl\u0131 minn\u0259tdarl\u0131q m\u0259ktublar\u0131 g\u0259lm\u0259kd\u0259 davam edir.<\/strong><\/p>\n<p>Prezidentin sayt\u0131na istinadla h\u0259min m\u0259ktublar\u0131n daha bir qismini t\u0259qdim edirik:<\/p>\n<p>C\u0259bray\u0131l rayonundan Qaraba\u011f m&uuml;harib\u0259si veteran\u0131, \u018fm\u0259kdar m&uuml;\u0259llim&nbsp;R\u0259him R\u0259himov&nbsp;yaz\u0131r: &ldquo;H&ouml;rm\u0259tli c\u0259nab Prezident, 1990-ci ill\u0259rin \u0259vv\u0259ll\u0259rind\u0259 Az\u0259rbaycana r\u0259hb\u0259rlik ed\u0259n \u015f\u0259xsl\u0259r &ouml;lk\u0259ni &ccedil;\u0259tin durumda qoyub qa&ccedil;d\u0131lar. Atan\u0131z, ulu &ouml;nd\u0259r Heyd\u0259r \u018fliyev\u0259 x\u0259zin\u0259si bo\u015f, anarxiyan\u0131n h&ouml;km s&uuml;rd&uuml;y&uuml; d&ouml;vl\u0259t miras qalm\u0131\u015fd\u0131. Xalq meydanlara xalq-Heyd\u0259r, Heyd\u0259r-xalq s\u0259dalar\u0131 il\u0259 &ccedil;\u0131xd\u0131 v\u0259 nicat tapd\u0131. Q\u0131sa zaman k\u0259siyind\u0259 s\u0259simiz y&uuml;ks\u0259k tribunalardan g\u0259ldi. Siz Ulu &Ouml;nd\u0259rin yolunu \u015f\u0259r\u0259fl\u0259 davam etdirirsiniz. Siz bu &ccedil;\u0259tin virus d&ouml;n\u0259mind\u0259 xalq\u0131n yan\u0131ndas\u0131n\u0131z. \u0130nan\u0131r\u0131q ki, Siz Mehriban xan\u0131mla qo\u015fa qanad olub, xalq\u0131m\u0131z\u0131 bu virus burul\u011fan\u0131ndan da &ccedil;\u0131xaracaqs\u0131n\u0131z. Xalq\u0131 a\u011fu\u015funa alan qanadlar\u0131n\u0131z m&ouml;hk\u0259m, k&ouml;lg\u0259niz qal\u0131n, yolunuz u\u011furlu olsun! Allah aman\u0131nda!&rdquo;.<\/p>\n<p>Hac\u0131qabul rayonundan&nbsp;Emil Tahirovun&nbsp;m\u0259ktubunda deyilir: &ldquo;M&ouml;ht\u0259r\u0259m c\u0259nab Prezident. Sizi s\u0259mimi q\u0259lbd\u0259n salamlay\u0131ram. &Ouml;lk\u0259mizd\u0259 pandemiya il\u0259 m&uuml;bariz\u0259d\u0259 yax\u015f\u0131 n\u0259tic\u0259l\u0259r \u0259ld\u0259 olunmas\u0131na g&ouml;r\u0259 Siz\u0259 t\u0259\u015f\u0259kk&uuml;r edir\u0259m. Bu n\u0259tic\u0259l\u0259rd\u0259 Sizin b&ouml;y&uuml;k \u0259m\u0259yiniz var. Az\u0259rbaycanda t\u0259hsil\u0259 b&ouml;y&uuml;k diqq\u0259t g&ouml;st\u0259rilir. Buna g&ouml;r\u0259 d\u0259 Siz\u0259 v\u0259 Mehriban xan\u0131ma minn\u0259tdarl\u0131\u011f\u0131m\u0131 bildirir, yeni u\u011furlar arzulay\u0131ram. H\u0259r \u015fey\u0259 g&ouml;r\u0259 &ccedil;ox sa\u011f olun, \u0259ziz Prezidentimiz!&rdquo;.<\/p>\n<p>A\u011fdam rayonundan m\u0259cburi k&ouml;&ccedil;k&uuml;n&nbsp;T\u0259v\u0259kk&uuml;l Xuduyev: &ldquo;H&ouml;rm\u0259tli c\u0259nab Prezident, m\u0259n &ouml;lk\u0259mizin dilb\u0259r gu\u015f\u0259l\u0259rind\u0259n olan A\u011fdam rayonunda anadan olmu\u015fam. M\u0259nfur erm\u0259nil\u0259r\u0259 g&ouml;r\u0259 elimd\u0259n, yurdumdan k&ouml;&ccedil;k&uuml;n d&uuml;\u015fm&uuml;\u015f\u0259m. Haz\u0131rda d&ouml;vl\u0259t t\u0259r\u0259find\u0259n Ming\u0259&ccedil;evir \u015f\u0259h\u0259rind\u0259 sal\u0131nm\u0131\u015f Yeni H\u0259yat q\u0259s\u0259b\u0259sind\u0259 ya\u015fay\u0131ram. \u0130\u015fsiz kimi qeydiyyatda idim. X&uuml;susi karantin rejimi il\u0259 \u0259laq\u0259dar he&ccedil; bir i\u015fl\u0259 m\u0259\u015f\u011ful olmasam da, d&ouml;vl\u0259timiz m\u0259ni bird\u0259f\u0259lik &ouml;d\u0259m\u0259 il\u0259 t\u0259min etdi. Buna, h\u0259m&ccedil;inin koronovirusla m&uuml;bariz\u0259d\u0259 h\u0259yata ke&ccedil;iril\u0259n dig\u0259r t\u0259dbirl\u0259r\u0259 g&ouml;r\u0259 q\u0259s\u0259b\u0259mizin sakinl\u0259ri ad\u0131ndan Siz\u0259 minn\u0259tdarl\u0131\u011f\u0131m\u0131 bildirir\u0259m. Allah Sizi v\u0259 xalq\u0131m\u0131z\u0131 qorusun!&rdquo;.<\/p>\n<p>C\u0259lilabad rayonunun G&ouml;yt\u0259p\u0259 \u015f\u0259h\u0259rind\u0259n \u018fm\u0259kdar m&uuml;\u0259llim&nbsp;Elmira Abbasova: &ldquo;M&ouml;ht\u0259r\u0259m c\u0259nab Prezident, b&uuml;t&uuml;n d&uuml;nyada koronavirus pandemiyas\u0131 il\u0259 m&uuml;bariz\u0259 apar\u0131ld\u0131\u011f\u0131 indiki vaxtda Az\u0259rbaycanda ya\u015fama\u011f\u0131m\u0131z bizim &uuml;&ccedil;&uuml;n b&ouml;y&uuml;k s\u0259ad\u0259tdir. &Ccedil;&uuml;nki Avropan\u0131n, Amerikan\u0131n v\u0259 Asiyan\u0131n inki\u015faf etmi\u015f d&ouml;vl\u0259tl\u0259rini diz &ccedil;&ouml;kd&uuml;r\u0259n bu g&ouml;z\u0259g&ouml;r&uuml;nm\u0259z b\u0259ladan \u0259n az ziyan &ccedil;\u0259k\u0259n &ouml;lk\u0259l\u0259rd\u0259n biri Az\u0259rbaycand\u0131r. Bu is\u0259 Sizin m&uuml;drik, uzaqg&ouml;r\u0259n v\u0259 alternativsiz siyas\u0259tinizin real n\u0259tic\u0259sidir. \u018fg\u0259r vaxt\u0131nda qabaqlay\u0131c\u0131 t\u0259dbirl\u0259r g&ouml;rm\u0259s\u0259ydiniz biz d\u0259 \u0130taliyan\u0131n, \u0130spaniyan\u0131n, Fransan\u0131n, AB\u015e-\u0131n, \u0130ran\u0131n v\u0259 dig\u0259r d&ouml;vl\u0259tl\u0259rin aqib\u0259ti il\u0259 &uuml;zl\u0259\u015f\u0259c\u0259kdik. B&uuml;t&uuml;n bunlara g&ouml;r\u0259 xalq\u0131m\u0131z Siz\u0259 v\u0259 \u0259n yax\u0131n silahda\u015f\u0131n\u0131z Mehriban xan\u0131ma sonsuz minn\u0259tdard\u0131r. C\u0259nab Prezident, Siz t\u0259kc\u0259 Az\u0259rbaycan\u0131n deyil, b&uuml;t&uuml;n t&uuml;rk d&uuml;nyas\u0131n\u0131n qay\u011f\u0131s\u0131na qal\u0131rs\u0131n\u0131z. Biz bunu Sizin t\u0259\u015f\u0259bb&uuml;s&uuml;n&uuml;zl\u0259 bu yax\u0131nlarda ke&ccedil;iril\u0259n T&uuml;rkdilli D&ouml;vl\u0259tl\u0259rin \u018fm\u0259kda\u015fl\u0131q \u015euras\u0131n\u0131n videokonfrans\u0131nda \u0259yani \u015f\u0259kild\u0259 g&ouml;rd&uuml;k. H\u0259min konfransda v\u0259ziyy\u0259td\u0259n daha az itkil\u0259rl\u0259 &ccedil;\u0131xmaq &uuml;&ccedil;&uuml;n ir\u0259li s&uuml;rd&uuml;y&uuml;n&uuml;z d\u0259y\u0259rli t\u0259klifl\u0259r b&uuml;t&uuml;n d&ouml;vl\u0259t ba\u015f&ccedil;\u0131lar\u0131 t\u0259r\u0259find\u0259n y&uuml;ks\u0259k qiym\u0259tl\u0259ndirildi. Sizin kimi m&uuml;drik liderin r\u0259hb\u0259rlik etdiyi bir &ouml;lk\u0259nin v\u0259t\u0259nda\u015f\u0131 olma\u011f\u0131m\u0131zdan q&uuml;rur duyuruq. Koronavirus d&ouml;vr&uuml;nd\u0259 h\u0259yata ke&ccedil;iril\u0259n qlobal t\u0259dbirl\u0259r xalqla iqtidar\u0131n birliyini daha da m&ouml;hk\u0259ml\u0259ndirdi. Sizin &ldquo;Biz birlikd\u0259 g&uuml;cl&uuml;y&uuml;k!&rdquo; &ccedil;a\u011f\u0131r\u0131\u015f\u0131n\u0131z c\u0259miyy\u0259td\u0259 \u015f&uuml;ara &ccedil;evril\u0259r\u0259k, insanlar\u0131 bir-birin\u0259 daha m&ouml;hk\u0259m ba\u011flad\u0131. Allah Sizi &uuml;st&uuml;m&uuml;zd\u0259n \u0259skik etm\u0259sin!&rdquo;.<\/p>\n<p>C\u0259bray\u0131l rayonundan&nbsp;El\u015f\u0259n Feziyev: &ldquo;H&ouml;rm\u0259tli c\u0259nab Prezident, h\u0259qiq\u0259t\u0259n m\u0259n bir v\u0259t\u0259nda\u015f olaraq Sizin uzaqg&ouml;r\u0259n siyas\u0259tinizin vur\u011funuyam. Sizin d&uuml;zg&uuml;n v\u0259 vaxt\u0131nda verilmi\u015f q\u0259rarlar\u0131n\u0131z\u0131n n\u0259tic\u0259sidir ki, koronavirus pandemiyas\u0131ndan az itkil\u0259rl\u0259 xilas olmaqday\u0131q. &Ccedil;&uuml;nki biz Sizin h\u0259r bir \u0259mriniz\u0259 v\u0259 t&ouml;vsiy\u0259l\u0259riniz\u0259 canla-ba\u015fla riay\u0259t etdik. T\u0259tbiq edil\u0259n x&uuml;susi karantin rejimi il\u0259 bu pandemiya z\u0259ncirini u\u011furla q\u0131rd\u0131n\u0131z v\u0259 yenid\u0259n azad h\u0259yat\u0131m\u0131za davam etm\u0259y\u0259 ba\u015flay\u0131r\u0131q. C\u0259nab Prezident, Az\u0259rbaycan\u0131 inki\u015faf etmi\u015f &ouml;lk\u0259l\u0259rd\u0259ki v\u0259ziyy\u0259tl\u0259 m&uuml;qayis\u0259 ets\u0259k, do\u011furdan da f\u0259xar\u0259t hissi yaradacaq add\u0131mlar\u0131n\u0131z\u0131n \u015fahidi oluruq. D&uuml;nyan\u0131n problemin\u0259 &ccedil;evrilmi\u015f g&ouml;z\u0259g&ouml;r&uuml;nm\u0259z d&uuml;\u015fm\u0259nl\u0259 m&uuml;bariz\u0259d\u0259 Siz daha bir u\u011fura imza atd\u0131n\u0131z. Buna g&ouml;r\u0259 \u015f\u0259xs\u0259n &ouml;z ad\u0131mdan v\u0259 ail\u0259min ad\u0131ndan Siz\u0259 uzun &ouml;m&uuml;r, cansa\u011fl\u0131\u011f\u0131 arzulay\u0131ram. Biz Sizinl\u0259 f\u0259xr edirik. Ulu &ouml;nd\u0259r Heyd\u0259r \u018fliyev dediyi kimi &ldquo;G&uuml;n g\u0259l\u0259c\u0259k, Az\u0259rbaycan d&uuml;nyaya g&uuml;n\u0259\u015f kimi do\u011facaq!&rdquo;.<\/p>\n<p>Yard\u0131ml\u0131 rayonundan&nbsp;Al\u0131quli Can\u0259liyev v\u0259 \u018fhm\u0259da\u011fa Mira\u011fazad\u0259&nbsp;yaz\u0131rlar: &ldquo;H&ouml;rm\u0259tli c\u0259nab Prezident, ulu &ouml;nd\u0259r Heyd\u0259r \u018fliyevin 1993-c&uuml; ild\u0259 Az\u0259rbaycan\u0131 b&ouml;y&uuml;k b\u0259ladan qurtard\u0131\u011f\u0131n\u0131 yax\u015f\u0131 xat\u0131rlay\u0131r\u0131q. Allah ona q\u0259ni-q\u0259ni r\u0259hm\u0259t el\u0259sin, q\u0259bri nurla dolsun! \u0130ndi is\u0259 onun layiqli davam&ccedil;\u0131s\u0131 kimi Siz Az\u0259rbaycan xalq\u0131n\u0131 bu a\u011f\u0131r x\u0259st\u0259likd\u0259n qurtarmaqdas\u0131n\u0131z. Siz v\u0259dl\u0259rinizi &ouml;z i\u015finizl\u0259 s&uuml;but etdirsiniz. H\u0259r bir az\u0259rbaycanl\u0131 Sizin &uuml;&ccedil;&uuml;n insan amilind\u0259n y&uuml;ks\u0259k bir amal\u0131n olmad\u0131\u011f\u0131n\u0131 d\u0259rk edir. C\u0259nab Prezident, Siz &ccedil;ox uzaqg&ouml;r\u0259n, humanist, m&uuml;drik v\u0259 alic\u0259nab insans\u0131n\u0131z. Tutdu\u011funuz bu haqq yolunda Siz\u0259 u\u011furlar arzulay\u0131r\u0131q. Biz\u0259 olan bu qay\u011f\u0131 v\u0259 diqq\u0259t\u0259 g&ouml;r\u0259 Siz\u0259 Yard\u0131ml\u0131 rayonunun S\u0131r\u0131q v\u0259 Til\u0259 k\u0259ndl\u0259rinin a\u011fsaqqallar\u0131 ad\u0131ndan d\u0259rin t\u0259\u015f\u0259kk&uuml;r&uuml;m&uuml;z&uuml; bildiririk. Allah Sizi qorusun! Siz d\u0259 bizi&rdquo;.<\/p>\n<p>Bak\u0131n\u0131n N\u0259rimanov rayonundan&nbsp;S\u0259hrab Mikay\u0131lov, Miri H\u0259s\u0259nov v\u0259 S\u0259may\u0259 \u0130brahimova&nbsp;yaz\u0131rlar: &ldquo;&Ccedil;ox h&ouml;rm\u0259tli c\u0259nab Prezident, Sizin d&uuml;ny\u0259vi b\u0259la olan koronavirusla ba\u011fl\u0131 &ouml;lk\u0259mizd\u0259 g&ouml;rd&uuml;y&uuml;n&uuml;z qabaqlay\u0131c\u0131 t\u0259dbirl\u0259r xalq\u0131m\u0131z\u0131 b&ouml;y&uuml;k f\u0259lak\u0259tl\u0259rd\u0259n xilas etm\u0259kd\u0259dir. Yaranm\u0131\u015f bu g\u0259rgin v\u0259ziyy\u0259t t\u0259r\u0259finizd\u0259n d&uuml;zg&uuml;n qiym\u0259tl\u0259ndirilm\u0259kl\u0259 yana\u015f\u0131, v\u0259t\u0259nda\u015flar\u0131m\u0131z\u0131n maddi v\u0259ziyy\u0259ti d\u0259 n\u0259z\u0259r\u0259 al\u0131nd\u0131. Biz sad\u0259 v\u0259t\u0259nda\u015flar f\u0259xr edirik ki, xalq\u0131m\u0131z\u0131n qeydin\u0259 qalan, onun sa\u011flaml\u0131\u011f\u0131n\u0131 h\u0259r \u015feyd\u0259n &uuml;st&uuml;n tutan Sizin kimi Prezidentimiz var. C\u0259nab Prezident, g&ouml;rd&uuml;y&uuml;n&uuml;z v\u0259 g&ouml;r\u0259c\u0259yiniz i\u015fl\u0259r\u0259, f\u0259dakar \u0259m\u0259yiniz\u0259 g&ouml;r\u0259 N\u0259rimanov rayonunun t\u0259qa&uuml;d&ccedil;&uuml;l\u0259ri ad\u0131ndan Siz\u0259 d\u0259rin t\u0259\u015f\u0259kk&uuml;r edir v\u0259 b&ouml;y&uuml;k Allahdan cansa\u011fl\u0131\u011f\u0131, ail\u0259 s\u0259ad\u0259ti arzulay\u0131r\u0131q&rdquo;.<\/p>\n<p>Bak\u0131 \u015f\u0259h\u0259rinin sakini&nbsp;R\u0259fiq\u0259 K\u0259rimli: &ldquo;M&ouml;ht\u0259r\u0259m c\u0259nab Prezident, m\u0259n bu m\u0259ktubu Siz\u0259 q&uuml;rurdan do\u011fan g&ouml;z ya\u015flar\u0131 il\u0259 yaz\u0131ram. &Ouml;lk\u0259mizin bel\u0259 bir &ccedil;\u0259tin g&uuml;n&uuml;nd\u0259, sad\u0259c\u0259, &ouml;z pe\u015f\u0259 borcumuzu yerin\u0259 yetir\u0259r\u0259k xalq\u0131m\u0131za, d&ouml;vl\u0259timiz\u0259 laz\u0131ml\u0131 oldu\u011fumuzu d&uuml;\u015f&uuml;n\u0259r\u0259k q&uuml;rur hissi ke&ccedil;irir\u0259m. Art\u0131q 25 g&uuml;nd&uuml;r karantin rejimind\u0259 i\u015fl\u0259diyimiz\u0259 g&ouml;r\u0259 evimiz\u0259, ail\u0259mizin yan\u0131na ged\u0259 bilmirik. D&uuml;n\u0259n o\u011flumun ad g&uuml;n&uuml;n&uuml; birlikd\u0259 ke&ccedil;ir\u0259 bilm\u0259dik. Ancaq Heyd\u0259r \u018fliyev Fondu bizi t\u0259k qoymad\u0131, o\u011flumu \u0259n g&ouml;z\u0259l h\u0259diyy\u0259l\u0259rl\u0259 t\u0259brik etdi. Bu, m\u0259nim v\u0259 ail\u0259m &uuml;&ccedil;&uuml;n \u0259n unudulmaz ad g&uuml;n&uuml; oldu. M\u0259n o\u011flumu t\u0259brik ed\u0259 bilm\u0259s\u0259m d\u0259, Sizl\u0259rin say\u0259nizd\u0259, Heyd\u0259r \u018fliyev Fondunun, &ldquo;Regional \u0130nki\u015faf&rdquo; \u0130ctimai Birliyinin say\u0259sind\u0259 sosial \u015f\u0259b\u0259k\u0259l\u0259rd\u0259n o\u011flumun ad g&uuml;n&uuml;n&uuml; minl\u0259rl\u0259 insan t\u0259brik etdi. Bu, m\u0259ni o q\u0259d\u0259r t\u0259sirl\u0259ndirdi ki, Siz\u0259 m\u0259ktub yazaraq minn\u0259tdarl\u0131q etm\u0259yi &ouml;z&uuml;m\u0259 borc bildim. H\u0259m&ccedil;inin Mehriban xan\u0131ma dem\u0259k ist\u0259yir\u0259m ki, Siz g&ouml;z\u0259l ana, \u015f\u0259fq\u0259tli insan, &ouml;rn\u0259k xan\u0131m, \u0259sl ziyal\u0131, &ccedil;ar\u0259sizl\u0259rin &uuml;mid yerisiniz. Xalq v\u0259 biz ziyal\u0131lar, c\u0259nab Prezident, Sizi v\u0259 Mehriban xan\u0131m \u018fliyevan\u0131 h\u0259mi\u015f\u0259 &ouml;z himay\u0259&ccedil;imiz kimi g&ouml;r&uuml;r, sevir, d\u0259st\u0259kl\u0259yir. Daim arxan\u0131zday\u0131q&rdquo;.<\/p>\n<p>Qazax rayonunun Yuxar\u0131 Salahl\u0131 k\u0259ndinin sakini&nbsp;Ruslan V\u0259liyev: &ldquo;M&ouml;ht\u0259r\u0259m Prezident, c\u0259nab Ali Ba\u015f Komandan, ilk n&ouml;vb\u0259d\u0259, qeyd etm\u0259k ist\u0259yir\u0259m ki, m\u0259n bir Az\u0259rbaycan g\u0259nci olaraq Sizin y&uuml;r&uuml;td&uuml;y&uuml;n&uuml;z m\u0259qs\u0259dy&ouml;nl&uuml; siyas\u0259ti b\u0259y\u0259nir v\u0259 d\u0259st\u0259kl\u0259yir\u0259m. T\u0259\u0259ss&uuml;f ki, 2020-ci ild\u0259 d&uuml;nyam\u0131z, do\u011fma V\u0259t\u0259nimiz, can\u0131m\u0131z Az\u0259rbaycan\u0131m\u0131z b&ouml;y&uuml;k b\u0259la il\u0259 &uuml;zl\u0259\u015fdi. Lakin Sizin v\u0259 h&ouml;rm\u0259tli Mehriban xan\u0131m\u0131n q\u0259tiyy\u0259tli q\u0259rarlar\u0131 il\u0259 &ouml;lk\u0259miz bu b\u0259ladan da &uuml;z&uuml;a\u011f &ccedil;\u0131xmacaqdad\u0131r. \u018fmin\u0259m ki, apard\u0131\u011f\u0131n\u0131z m&uuml;drik siyas\u0259t say\u0259sind\u0259 biz g\u0259ncl\u0259r yenid\u0259n &ouml;lk\u0259mizin u\u011furlu g\u0259l\u0259c\u0259yi olaca\u011f\u0131q. M\u0259n Siz\u0259 v\u0259 h&ouml;rm\u0259tli Birinci vitse-prezidentimiz\u0259 Az\u0259rbaycan g\u0259nci kimi d\u0259rin t\u0259\u015f\u0259kk&uuml;r&uuml;m&uuml; bildirir\u0259m. Allah Siz\u0259 v\u0259 Birinci vitse-prezidentimiz Mehriban xan\u0131ma cansa\u011fl\u0131\u011f\u0131 versin. Allah Sizi qorusun! Biz birlikd\u0259 g&uuml;cl&uuml;y&uuml;k!&rdquo;.<\/p>\n<p>Salyan rayonunun K\u0259rimb\u0259yli k\u0259ndind\u0259n&nbsp;Aqil F\u0259tiyev, Orxan H&uuml;seynov, Humay V\u0259liyeva, S\u0259bin\u0259 \u018fkb\u0259rova v\u0259 F\u0259r\u0259hman Mahmudov&nbsp;d&ouml;vl\u0259timizin ba\u015f&ccedil;\u0131s\u0131na &uuml;nvanlad\u0131qlar\u0131 m\u0259ktubda qeyd edirl\u0259r: &ldquo;&Ccedil;ox h&ouml;rm\u0259tli c\u0259nab Prezident, bu g&uuml;n d&uuml;nyan\u0131n b&ouml;y&uuml;k bir b\u0259la il\u0259 &uuml;z-&uuml;z\u0259 qald\u0131\u011f\u0131n\u0131n \u015fahidiyik. D&uuml;nyada qlobal pandemiya hesab olunan koronavirus (COVID-19) infeksiyas\u0131n\u0131n &ouml;lk\u0259mizd\u0259 yay\u0131lmas\u0131n\u0131n qar\u015f\u0131s\u0131n\u0131n al\u0131nmas\u0131 v\u0259 v\u0259t\u0259nda\u015flar\u0131m\u0131z\u0131n t\u0259hl&uuml;k\u0259sizliyini t\u0259min etm\u0259k m\u0259qs\u0259dil\u0259 verdiyiniz q\u0259rarlar, g&ouml;rd&uuml;y&uuml;n&uuml;z t\u0259xir\u0259sal\u0131nmaz t\u0259dbirl\u0259r, \u0259n \u0259sas\u0131, Sizin &ccedil;a\u011f\u0131r\u0131\u015f\u0131n\u0131z \u0259traf\u0131nda xalq\u0131m\u0131z\u0131n h\u0259mr\u0259yliy\u0259 d\u0259v\u0259t olunmas\u0131 &ccedil;ox m&uuml;h&uuml;m t\u0259\u015f\u0259bb&uuml;s v\u0259 add\u0131mlardan oldu. C\u0259nab Prezident, Siz h\u0259r zaman v\u0259t\u0259nda\u015flar\u0131n yan\u0131nda olub onlar\u0131n sevincin\u0259 d\u0259, k\u0259d\u0259rin\u0259 d\u0259 \u015f\u0259rik &ccedil;\u0131xm\u0131s\u0131n\u0131z. Biz Az\u0259rbaycan xalq\u0131 olaraq inan\u0131r\u0131q ki, Sizin r\u0259hb\u0259rliyinizl\u0259 bu &ccedil;\u0259tin g&uuml;nl\u0259rd\u0259n d\u0259 aln\u0131a&ccedil;\u0131q &ccedil;\u0131xaca\u011f\u0131q. Ya\u015fl\u0131 n\u0259slin n&uuml;may\u0259nd\u0259l\u0259ri olaraq d&ouml;vl\u0259timiz t\u0259r\u0259find\u0259n biz\u0259 g&ouml;st\u0259ril\u0259n qay\u011f\u0131ya g&ouml;r\u0259 Siz\u0259 minn\u0259tdar\u0131q. Siz xalq\u0131m\u0131z\u0131 qoruyursunuz, Allah da Sizi qorusun!&rdquo;.<\/p>\n<p>Ucar \u015f\u0259h\u0259rinin sakinl\u0259ri&nbsp;Hamiz Maxsudov v\u0259 X\u0259z\u0259r \u018fl\u0259sg\u0259rov&nbsp;yaz\u0131rlar: &ldquo;H&ouml;rm\u0259tli c\u0259nab Prezident, Az\u0259rbaycan xalq\u0131n\u0131n sa\u011flaml\u0131\u011f\u0131, sosial rifah\u0131 &uuml;&ccedil;&uuml;n g&ouml;st\u0259rdiyiniz f\u0259dakarl\u0131qlar\u0131 biz ucarl\u0131lar &ccedil;ox y&uuml;ks\u0259k qiym\u0259tl\u0259ndiririk. Sizin m\u0259qs\u0259dy&ouml;nl&uuml; i\u015fl\u0259riniz, vaxt\u0131nda g&ouml;r&uuml;l\u0259n t\u0259dbirl\u0259riniz hesab\u0131na biz b&ouml;y&uuml;k bir &ccedil;\u0259tinliyi d\u0259f etm\u0259kd\u0259yik. B&uuml;t&uuml;n d&uuml;nyaya s&uuml;but etdiniz ki, biz h\u0259r bir i\u015fd\u0259 oldu\u011fu kimi, koronavirusla m&uuml;bariz\u0259d\u0259 d\u0259 do\u011fru yolla getdik. U\u011furlu yol se&ccedil;m\u0259k v\u0259 bu yolla inamla add\u0131mlamaq b&ouml;y&uuml;k bacar\u0131q v\u0259 q\u0259tiyy\u0259t t\u0259l\u0259b edir. &Ccedil;ox \u015fad\u0131q ki, bunlar ham\u0131s\u0131 Siz d\u0259 c\u0259ml\u0259\u015fib. C\u0259nab Prezident, Sizi d\u0259st\u0259kl\u0259yir, Siz\u0259 uzun &ouml;m&uuml;r, cansa\u011fl\u0131\u011f\u0131 arzulay\u0131r\u0131q. Siz Az\u0259rbaycan xalq\u0131n\u0131n f\u0259xrisiniz&rdquo;.<\/p>\n","protected":false},"excerpt":{"rendered":"<p>Az\u0259rbaycanda koronavirus pandemiyas\u0131n\u0131n geni\u015f yay\u0131lmas\u0131n\u0131n qar\u015f\u0131s\u0131n\u0131n al\u0131nmas\u0131, \u0259halinin sa\u011flaml\u0131\u011f\u0131n\u0131n qorunmas\u0131, rifah\u0131n\u0131n yax\u015f\u0131la\u015fd\u0131r\u0131lmas\u0131 il\u0259 ba\u011fl\u0131 atd\u0131\u011f\u0131 q\u0259tiyy\u0259tli add\u0131mlara g&ouml;r\u0259 Prezident \u0130lham \u018fliyev\u0259 v\u0259t\u0259nda\u015flardan &ccedil;oxsayl\u0131 minn\u0259tdarl\u0131q m\u0259ktublar\u0131 g\u0259lm\u0259kd\u0259 davam edir. Prezidentin sayt\u0131na&hellip;<\/p>\n","protected":false},"author":1,"featured_media":251278,"comment_status":"open","ping_status":"open","sticky":false,"template":"","format":"standard","meta":{"_lmt_disableupdate":"","_lmt_disable":"","footnotes":""},"categories":[],"tags":[],"class_list":["post-97195","post","type-post","status-publish","format-standard","has-post-thumbnail","hentry"],"_links":{"self":[{"href":"https:\/\/ucnoqta.az\/index.php?rest_route=\/wp\/v2\/posts\/97195","targetHints":{"allow":["GET"]}}],"collection":[{"href":"https:\/\/ucnoqta.az\/index.php?rest_route=\/wp\/v2\/posts"}],"about":[{"href":"https:\/\/ucnoqta.az\/index.php?rest_route=\/wp\/v2\/types\/post"}],"author":[{"embeddable":true,"href":"https:\/\/ucnoqta.az\/index.php?rest_route=\/wp\/v2\/users\/1"}],"replies":[{"embeddable":true,"href":"https:\/\/ucnoqta.az\/index.php?rest_route=%2Fwp%2Fv2%2Fcomments&post=97195"}],"version-history":[{"count":0,"href":"https:\/\/ucnoqta.az\/index.php?rest_route=\/wp\/v2\/posts\/97195\/revisions"}],"wp:featuredmedia":[{"embeddable":true,"href":"https:\/\/ucnoqta.az\/index.php?rest_route=\/wp\/v2\/media\/251278"}],"wp:attachment":[{"href":"https:\/\/ucnoqta.az\/index.php?rest_route=%2Fwp%2Fv2%2Fmedia&parent=97195"}],"wp:term":[{"taxonomy":"category","embeddable":true,"href":"https:\/\/ucnoqta.az\/index.php?rest_route=%2Fwp%2Fv2%2Fcategories&post=97195"},{"taxonomy":"post_tag","embeddable":true,"href":"https:\/\/ucnoqta.az\/index.php?rest_route=%2Fwp%2Fv2%2Ftags&post=97195"}],"curies":[{"name":"wp","href":"https:\/\/api.w.org\/{rel}","templated":true}]}}