{"id":91028,"date":"2020-01-08T11:20:03","date_gmt":"2020-01-08T07:20:03","guid":{"rendered":""},"modified":"-0001-11-30T00:00:00","modified_gmt":"-0001-11-29T20:00:00","slug":"","status":"publish","type":"post","link":"https:\/\/ucnoqta.az\/?p=91028","title":{"rendered":"Qas\u0131m S\u00fcleymani d\u0259fn edilib"},"content":{"rendered":"<p><strong>\u0130ran \u0130slam \u0130nqilab\u0131 Ke\u015fik&ccedil;il\u0259ri Korpusunun (SEPAH) x&uuml;susi t\u0259yinatl\u0131 &ldquo;Q&uuml;ds&rdquo; Q&uuml;vv\u0259l\u0259rinin komandan\u0131 olmu\u015f general Qas\u0131m S&uuml;leymani bu g&uuml;n d\u0259fn edilib.<\/strong><\/p>\n<p>Q. S&uuml;leymani do\u011fuldu\u011fu Kirman \u015f\u0259h\u0259rinin \u015e\u0259hidl\u0259r xiyaban\u0131nda torpa\u011fa tap\u015f\u0131r\u0131l\u0131b.<br \/>\nQeyd ed\u0259k ki, d&uuml;n\u0259n izdiham m&uuml;\u015fahid\u0259 olundu\u011fundan d\u0259fn m\u0259rasimi t\u0259xir\u0259 sal\u0131n\u0131b. Qas\u0131m S&uuml;leymaninin d\u0259fn m\u0259rasimind\u0259 ya\u015fanan izdihamda 78 n\u0259f\u0259r &ouml;l&uuml;b, 200-d\u0259n &ccedil;ox \u015f\u0259xs x\u0259sar\u0259t al\u0131b.<\/p>\n<p>Xat\u0131rladaq ki, yanvar\u0131n 3-d\u0259 gec\u0259 Ba\u011fdad aeroportu yax\u0131nl\u0131\u011f\u0131nda AB\u015e pilotsuz u&ccedil;u\u015f aparat\u0131ndan endiril\u0259n z\u0259rb\u0259 n\u0259tic\u0259sind\u0259 \u0130ran \u0130slam \u0130nqilab\u0131 Ke\u015fik&ccedil;il\u0259ri Korpusunun x&uuml;susi t\u0259yinatl\u0131 &ldquo;Q&uuml;ds&rdquo; Q&uuml;vv\u0259l\u0259rinin komandan\u0131 general Qasim S&uuml;leymani, H&uuml;seyn Pur C\u0259f\u0259ri, \u015e\u0259hruz M&uuml;z\u0259ff\u0259rinia, Hadi Taremi, V\u0259hid Zamaninia v\u0259 \u0130raq\u0131n k&ouml;n&uuml;ll&uuml; &ldquo;H\u0259\u015fdi-\u015eaabi&rdquo; qrupla\u015fmas\u0131n\u0131n komandir m&uuml;avini \u018fbu Mehdi \u018fl-M&uuml;h\u0259ndis daxil olmaqla, 10 n\u0259f\u0259r &ouml;ld&uuml;r&uuml;l&uuml;b. \u0130ran Ali dini lideri v\u0259 \u0130ran Prezidenti Q. S&uuml;leymaninin &ouml;l&uuml;m&uuml;n\u0259 g&ouml;r\u0259 AB\u015e-dan qisas al\u0131naca\u011f\u0131n\u0131 b\u0259yan edib.<\/p>\n","protected":false},"excerpt":{"rendered":"<p>\u0130ran \u0130slam \u0130nqilab\u0131 Ke\u015fik&ccedil;il\u0259ri Korpusunun (SEPAH) x&uuml;susi t\u0259yinatl\u0131 &ldquo;Q&uuml;ds&rdquo; Q&uuml;vv\u0259l\u0259rinin komandan\u0131 olmu\u015f general Qas\u0131m S&uuml;leymani bu g&uuml;n d\u0259fn edilib. Q. S&uuml;leymani do\u011fuldu\u011fu Kirman \u015f\u0259h\u0259rinin \u015e\u0259hidl\u0259r xiyaban\u0131nda torpa\u011fa tap\u015f\u0131r\u0131l\u0131b. Qeyd ed\u0259k&hellip;<\/p>\n","protected":false},"author":1,"featured_media":251278,"comment_status":"open","ping_status":"open","sticky":false,"template":"","format":"standard","meta":{"_lmt_disableupdate":"","_lmt_disable":"","footnotes":""},"categories":[89],"tags":[],"class_list":["post-91028","post","type-post","status-publish","format-standard","has-post-thumbnail","hentry","category-dunya-butun-xeberler"],"_links":{"self":[{"href":"https:\/\/ucnoqta.az\/index.php?rest_route=\/wp\/v2\/posts\/91028","targetHints":{"allow":["GET"]}}],"collection":[{"href":"https:\/\/ucnoqta.az\/index.php?rest_route=\/wp\/v2\/posts"}],"about":[{"href":"https:\/\/ucnoqta.az\/index.php?rest_route=\/wp\/v2\/types\/post"}],"author":[{"embeddable":true,"href":"https:\/\/ucnoqta.az\/index.php?rest_route=\/wp\/v2\/users\/1"}],"replies":[{"embeddable":true,"href":"https:\/\/ucnoqta.az\/index.php?rest_route=%2Fwp%2Fv2%2Fcomments&post=91028"}],"version-history":[{"count":0,"href":"https:\/\/ucnoqta.az\/index.php?rest_route=\/wp\/v2\/posts\/91028\/revisions"}],"wp:featuredmedia":[{"embeddable":true,"href":"https:\/\/ucnoqta.az\/index.php?rest_route=\/wp\/v2\/media\/251278"}],"wp:attachment":[{"href":"https:\/\/ucnoqta.az\/index.php?rest_route=%2Fwp%2Fv2%2Fmedia&parent=91028"}],"wp:term":[{"taxonomy":"category","embeddable":true,"href":"https:\/\/ucnoqta.az\/index.php?rest_route=%2Fwp%2Fv2%2Fcategories&post=91028"},{"taxonomy":"post_tag","embeddable":true,"href":"https:\/\/ucnoqta.az\/index.php?rest_route=%2Fwp%2Fv2%2Ftags&post=91028"}],"curies":[{"name":"wp","href":"https:\/\/api.w.org\/{rel}","templated":true}]}}