{"id":91025,"date":"2020-01-08T11:05:44","date_gmt":"2020-01-08T07:05:44","guid":{"rendered":""},"modified":"-0001-11-30T00:00:00","modified_gmt":"-0001-11-29T20:00:00","slug":"","status":"publish","type":"post","link":"https:\/\/ucnoqta.az\/?p=91025","title":{"rendered":"Amans\u0131zl\u0131qla q\u0259tl\u0259 yetiril\u0259n N\u0259rminin atas\u0131 dan\u0131\u015fd\u0131: \u201cSaxlanlan \u015f\u0259xsl\u0259r q\u0131z\u0131m\u0131n yanan meyitini&#8230;\u201d"},"content":{"rendered":"<p><strong>Q\u0131z\u0131m\u0131n meyitini g&ouml;r\u0259n \u015f\u0259xsl\u0259r polis\u0259 apar\u0131l\u0131b v\u0259 onlardan izahat al\u0131n\u0131b.<\/strong><\/p>\n<p>Bu s&ouml;zl\u0259ri Baku.ws-\u0259 yand\u0131r\u0131lm\u0131\u015f v\u0259ziyy\u0259td\u0259 meyiti&nbsp;tap\u0131lan 10 ya\u015fl\u0131 N\u0259rmin Quliyevan\u0131n atas\u0131 \u015e\u0259rif Quliyev bildirib.<\/p>\n<p>&ldquo;Saxlanlan \u015f\u0259xsl\u0259r q\u0131z\u0131m\u0131n yanan meyitini s&ouml;nd&uuml;r\u0259n adamlard\u0131r. Onlar olmasa idi, u\u015fa\u011f\u0131n meyiti tamamil\u0259 yanard\u0131.<\/p>\n<p>Birinin art\u0131q izahat\u0131 al\u0131n\u0131b, s\u0259rb\u0259st burax\u0131l\u0131b. Dig\u0259ri d\u0259 b&ouml;y&uuml;k ehtimalla s\u0259rb\u0259st burax\u0131lacaq.<\/p>\n<p>Onlar\u0131n he&ccedil; bir g&uuml;nah\u0131 yoxdur. Onlar sad\u0259c\u0259 meyiti&nbsp;ilk g&ouml;r\u0259nl\u0259rd\u0259ndir. Y\u0259qin ki, polis d\u0259 bu s\u0259b\u0259bd\u0259n onlardan izahat al\u0131b&rdquo;, &#8211; dey\u0259 \u015e\u0259rif Quliyev bildirib.<\/p>\n<p>M\u0259lumat &uuml;&ccedil;&uuml;n onu da bildir\u0259k ki, N\u0259rmin Quliyeva bu g&uuml;n saat 12:00-da Dondar Qu\u015f&ccedil;u k\u0259nd q\u0259biristanl\u0131\u011f\u0131nda d\u0259fn olunacaq.<\/p>\n","protected":false},"excerpt":{"rendered":"<p>Q\u0131z\u0131m\u0131n meyitini g&ouml;r\u0259n \u015f\u0259xsl\u0259r polis\u0259 apar\u0131l\u0131b v\u0259 onlardan izahat al\u0131n\u0131b. Bu s&ouml;zl\u0259ri Baku.ws-\u0259 yand\u0131r\u0131lm\u0131\u015f v\u0259ziyy\u0259td\u0259 meyiti&nbsp;tap\u0131lan 10 ya\u015fl\u0131 N\u0259rmin Quliyevan\u0131n atas\u0131 \u015e\u0259rif Quliyev bildirib. &ldquo;Saxlanlan \u015f\u0259xsl\u0259r q\u0131z\u0131m\u0131n yanan meyitini s&ouml;nd&uuml;r\u0259n&hellip;<\/p>\n","protected":false},"author":1,"featured_media":251278,"comment_status":"open","ping_status":"open","sticky":false,"template":"","format":"standard","meta":{"_lmt_disableupdate":"","_lmt_disable":"","footnotes":""},"categories":[101],"tags":[],"class_list":["post-91025","post","type-post","status-publish","format-standard","has-post-thumbnail","hentry","category-cemiyyet"],"_links":{"self":[{"href":"https:\/\/ucnoqta.az\/index.php?rest_route=\/wp\/v2\/posts\/91025","targetHints":{"allow":["GET"]}}],"collection":[{"href":"https:\/\/ucnoqta.az\/index.php?rest_route=\/wp\/v2\/posts"}],"about":[{"href":"https:\/\/ucnoqta.az\/index.php?rest_route=\/wp\/v2\/types\/post"}],"author":[{"embeddable":true,"href":"https:\/\/ucnoqta.az\/index.php?rest_route=\/wp\/v2\/users\/1"}],"replies":[{"embeddable":true,"href":"https:\/\/ucnoqta.az\/index.php?rest_route=%2Fwp%2Fv2%2Fcomments&post=91025"}],"version-history":[{"count":0,"href":"https:\/\/ucnoqta.az\/index.php?rest_route=\/wp\/v2\/posts\/91025\/revisions"}],"wp:featuredmedia":[{"embeddable":true,"href":"https:\/\/ucnoqta.az\/index.php?rest_route=\/wp\/v2\/media\/251278"}],"wp:attachment":[{"href":"https:\/\/ucnoqta.az\/index.php?rest_route=%2Fwp%2Fv2%2Fmedia&parent=91025"}],"wp:term":[{"taxonomy":"category","embeddable":true,"href":"https:\/\/ucnoqta.az\/index.php?rest_route=%2Fwp%2Fv2%2Fcategories&post=91025"},{"taxonomy":"post_tag","embeddable":true,"href":"https:\/\/ucnoqta.az\/index.php?rest_route=%2Fwp%2Fv2%2Ftags&post=91025"}],"curies":[{"name":"wp","href":"https:\/\/api.w.org\/{rel}","templated":true}]}}