{"id":91006,"date":"2020-01-07T21:26:54","date_gmt":"2020-01-07T17:26:54","guid":{"rendered":""},"modified":"-0001-11-30T00:00:00","modified_gmt":"-0001-11-29T20:00:00","slug":"","status":"publish","type":"post","link":"https:\/\/ucnoqta.az\/?p=91006","title":{"rendered":"Ombudsman Tovuzda azya\u015fl\u0131n\u0131n q\u0259tli il\u0259 ba\u011fl\u0131 Ba\u015f prokurora m\u00fcraci\u0259t edib"},"content":{"rendered":"<p><strong>Tovuz rayon sakini, 2010-cu il t\u0259v\u0259ll&uuml;dl&uuml; Quliyeva N\u0259rmin \u015e\u0259rif q\u0131z\u0131n\u0131n rayonun Dondar Qu\u015f&ccedil;u k\u0259nd \u0259razisind\u0259ki bo\u015f sah\u0259d\u0259 yand\u0131r\u0131lm\u0131\u015f halda meyitinin a\u015fkarlanmas\u0131 v\u0259 m\u0259tbuatda u\u015faq &uuml;z\u0259rind\u0259 zorak\u0131l\u0131q \u0259m\u0259ll\u0259rinin t&ouml;r\u0259dilm\u0259si ehtimal\u0131 il\u0259 ba\u011fl\u0131 yay\u0131lm\u0131\u015f m\u0259lumatlar\u0131n ara\u015fd\u0131r\u0131lmas\u0131 m\u0259qs\u0259dil\u0259 Az\u0259rbaycan Respublikas\u0131 \u0130nsan H&uuml;quqlar\u0131 &uuml;zr\u0259 M&uuml;v\u0259kkili (Ombudsman) S\u0259bin\u0259 \u018fliyevan\u0131n tap\u015f\u0131r\u0131\u011f\u0131 \u0259sas\u0131nda G\u0259nc\u0259 Regional M\u0259rk\u0259zinin \u0259m\u0259kda\u015flar\u0131 hadis\u0259nin ba\u015f verdiyi rayonda olub, u\u015fa\u011f\u0131n valideynl\u0259ri v\u0259 yax\u0131nlar\u0131 il\u0259 g&ouml;r&uuml;\u015f&uuml;bl\u0259r.<\/strong><\/p>\n<p>Ombudsman Aparat\u0131ndan veril\u0259n m\u0259lumata g&ouml;r\u0259, v\u0259fat etmi\u015f azya\u015fl\u0131n\u0131n valideynl\u0259ri v\u0259 yax\u0131nlar\u0131 Ombudsmana &uuml;nvanlanan m&uuml;raci\u0259tl\u0259rind\u0259 m\u0259s\u0259l\u0259nin n\u0259zar\u0259t\u0259 g&ouml;t&uuml;r&uuml;l\u0259r\u0259k t\u0259cili v\u0259 h\u0259rt\u0259r\u0259fli ara\u015fd\u0131r\u0131lmas\u0131na, t\u0259qsirkar \u015f\u0259xsl\u0259rin tezlikl\u0259 tap\u0131laraq m\u0259suliyy\u0259t\u0259 c\u0259lb edilm\u0259sin\u0259 k&ouml;m\u0259klik g&ouml;st\u0259rilm\u0259sini xahi\u015f edibl\u0259r.<br \/>\nOmbudsman c\u0259miyy\u0259td\u0259 ciddi narahatl\u0131q do\u011furan bu m\u0259s\u0259l\u0259y\u0259 d\u0259rhal reaksiya ver\u0259r\u0259k Az\u0259rbaycan Respublikas\u0131n\u0131n Ba\u015f prokuroruna m&uuml;raci\u0259t edib.<\/p>\n<p>M&uuml;raci\u0259td\u0259 qeyd olunan m\u0259qamlar v\u0259 ba\u015f vermi\u015f &ouml;l&uuml;m hadis\u0259sinin zorak\u0131l\u0131q ehtimal\u0131 n\u0259z\u0259r\u0259 al\u0131nmaqla n\u0259zar\u0259t\u0259 g&ouml;t&uuml;r&uuml;l\u0259r\u0259k ara\u015fd\u0131r\u0131lmas\u0131, m&uuml;vafiq ekspertizalar\u0131n t\u0259yin olunmas\u0131 v\u0259 g&ouml;r&uuml;l\u0259n i\u015fl\u0259rin n\u0259tic\u0259si bar\u0259d\u0259 m\u0259lumat verilm\u0259si il\u0259 \u0259laq\u0259dar m\u0259s\u0259l\u0259l\u0259r &ouml;z \u0259ksini tap\u0131b.<br \/>\nEyni zamanda, Ombudsman k&uuml;tl\u0259vi informasiya vasit\u0259l\u0259rini bu c&uuml;r hallarla ba\u011fl\u0131 m\u0259lumatlar yayark\u0259n insanlar\u0131n, o c&uuml;ml\u0259d\u0259n u\u015faqlar\u0131n psixologiyas\u0131na m\u0259nfi t\u0259sirl\u0259ri n\u0259z\u0259r\u0259 alma\u011fa v\u0259 h\u0259ssasl\u0131q n&uuml;mayi\u015f etdirm\u0259y\u0259 &ccedil;a\u011f\u0131r\u0131r.<\/p>\n","protected":false},"excerpt":{"rendered":"<p>Tovuz rayon sakini, 2010-cu il t\u0259v\u0259ll&uuml;dl&uuml; Quliyeva N\u0259rmin \u015e\u0259rif q\u0131z\u0131n\u0131n rayonun Dondar Qu\u015f&ccedil;u k\u0259nd \u0259razisind\u0259ki bo\u015f sah\u0259d\u0259 yand\u0131r\u0131lm\u0131\u015f halda meyitinin a\u015fkarlanmas\u0131 v\u0259 m\u0259tbuatda u\u015faq &uuml;z\u0259rind\u0259 zorak\u0131l\u0131q \u0259m\u0259ll\u0259rinin t&ouml;r\u0259dilm\u0259si ehtimal\u0131 il\u0259&hellip;<\/p>\n","protected":false},"author":1,"featured_media":251278,"comment_status":"open","ping_status":"open","sticky":false,"template":"","format":"standard","meta":{"_lmt_disableupdate":"","_lmt_disable":"","footnotes":""},"categories":[],"tags":[],"class_list":["post-91006","post","type-post","status-publish","format-standard","has-post-thumbnail","hentry"],"_links":{"self":[{"href":"https:\/\/ucnoqta.az\/index.php?rest_route=\/wp\/v2\/posts\/91006","targetHints":{"allow":["GET"]}}],"collection":[{"href":"https:\/\/ucnoqta.az\/index.php?rest_route=\/wp\/v2\/posts"}],"about":[{"href":"https:\/\/ucnoqta.az\/index.php?rest_route=\/wp\/v2\/types\/post"}],"author":[{"embeddable":true,"href":"https:\/\/ucnoqta.az\/index.php?rest_route=\/wp\/v2\/users\/1"}],"replies":[{"embeddable":true,"href":"https:\/\/ucnoqta.az\/index.php?rest_route=%2Fwp%2Fv2%2Fcomments&post=91006"}],"version-history":[{"count":0,"href":"https:\/\/ucnoqta.az\/index.php?rest_route=\/wp\/v2\/posts\/91006\/revisions"}],"wp:featuredmedia":[{"embeddable":true,"href":"https:\/\/ucnoqta.az\/index.php?rest_route=\/wp\/v2\/media\/251278"}],"wp:attachment":[{"href":"https:\/\/ucnoqta.az\/index.php?rest_route=%2Fwp%2Fv2%2Fmedia&parent=91006"}],"wp:term":[{"taxonomy":"category","embeddable":true,"href":"https:\/\/ucnoqta.az\/index.php?rest_route=%2Fwp%2Fv2%2Fcategories&post=91006"},{"taxonomy":"post_tag","embeddable":true,"href":"https:\/\/ucnoqta.az\/index.php?rest_route=%2Fwp%2Fv2%2Ftags&post=91006"}],"curies":[{"name":"wp","href":"https:\/\/api.w.org\/{rel}","templated":true}]}}