{"id":91004,"date":"2020-01-07T20:16:38","date_gmt":"2020-01-07T16:16:38","guid":{"rendered":""},"modified":"-0001-11-30T00:00:00","modified_gmt":"-0001-11-29T20:00:00","slug":"","status":"publish","type":"post","link":"https:\/\/ucnoqta.az\/?p=91004","title":{"rendered":"D\u0130N v\u0259 Ba\u015f Prokurorluq q\u0259tl\u0259 yetiril\u0259n azya\u015fl\u0131 il\u0259 ba\u011fl\u0131 ittihamlara m\u00fcnasib\u0259t bildirib"},"content":{"rendered":"<p><strong>Tovuz rayonunun Dondar Qu\u015f&ccedil;u k\u0259nd sakini 10 ya\u015fl\u0131 N\u0259rmin Quliyevan\u0131n 2019-cu il noyabr\u0131n 21-d\u0259 itkin d&uuml;\u015fm\u0259si v\u0259 bu il yanvar\u0131n 6-da yanm\u0131\u015f meyitinin tap\u0131lmas\u0131 il\u0259 \u0259laq\u0259dar sosial \u015f\u0259b\u0259k\u0259l\u0259rd\u0259ki b\u0259zi s\u0259hif\u0259l\u0259rd\u0259 h\u0259min azya\u015fl\u0131n\u0131n gec tap\u0131lmas\u0131nda h&uuml;quq m&uuml;hafiz\u0259 orqanlar\u0131n\u0131 m\u0259qs\u0259dli v\u0259 q\u0259r\u0259zli olaraq ittiham etm\u0259y\u0259 c\u0259hdl\u0259r g&ouml;st\u0259rilir.<\/strong><\/p>\n<p>Bu bar\u0259d\u0259&nbsp;Ba\u015f Prokurorluq&nbsp;v\u0259 Daxili \u0130\u015fl\u0259r Nazirliyinin M\u0259tbuat xidm\u0259tl\u0259rinin yayd\u0131\u011f\u0131 birg\u0259 m\u0259lumatda qeyd olunub. M\u0259lumatda bildirilir&nbsp;ki, 2019-cu il noyabr\u0131n 21-d\u0259 saat 23 rad\u0259l\u0259rind\u0259 v\u0259t\u0259nda\u015f \u015e\u0259rif Quliyev&nbsp;Daxili \u0130\u015fl\u0259r Nazirliyinin &ldquo;102 &#8211; Xidm\u0259ti&rdquo;n\u0259 z\u0259ng ed\u0259r\u0259k q\u0131z\u0131 N\u0259rmin Quliyevan\u0131n evd\u0259n getm\u0259si v\u0259 geri qay\u0131tmamas\u0131 bar\u0259d\u0259 m\u0259lumat verib, h\u0259m&ccedil;inin eyni m\u0259zmunlu \u0259riz\u0259 il\u0259 Tovuz Rayon Polis \u015e&ouml;b\u0259sin\u0259 m&uuml;raci\u0259t edib.<br \/>\nPolisd\u0259 d\u0259rhal laz\u0131mi ara\u015fd\u0131rmalara ba\u015flan\u0131laraq \u015e\u0259rif Quliyevin v\u0259 aidiyy\u0259ti k\u0259nd sakinl\u0259rinin izahat\u0131 al\u0131nm\u0131\u015f, ya\u015fad\u0131\u011f\u0131 ev\u0259 bax\u0131\u015f ke&ccedil;irilib, z\u0259ruri \u0259m\u0259liyyat tap\u015f\u0131r\u0131qlar\u0131 verilib v\u0259 toplanm\u0131\u015f materiallar 2019-cu il noyabr\u0131n 28-d\u0259 Ba\u015f Prokurorlu\u011funun A\u011f\u0131r Cinay\u0259tl\u0259r\u0259 dair i\u015fl\u0259r &uuml;zr\u0259 istintaq idar\u0259sin\u0259 g&ouml;nd\u0259rilib.<\/p>\n<p>Apar\u0131lm\u0131\u015f ara\u015fd\u0131rmalarla N\u0259rmin Quliyevan\u0131n q\u0259sd\u0259n &ouml;ld&uuml;r&uuml;lm\u0259sin\u0259 kifay\u0259t q\u0259d\u0259r \u0259saslar m&uuml;\u0259yy\u0259n edildiyind\u0259n Cinay\u0259t M\u0259c\u0259ll\u0259sinin 120.2.9-cu (t\u0259qsirkar \u015f\u0259xs &uuml;&ccedil;&uuml;n a\u015fkar sur\u0259td\u0259 k&ouml;m\u0259ksiz v\u0259ziyy\u0259td\u0259 olan adam\u0131 q\u0259sd\u0259n &ouml;ld&uuml;rm\u0259) madd\u0259si il\u0259 cinay\u0259t i\u015fi ba\u015flan\u0131laraq Daxili \u0130\u015fl\u0259r Nazirliyi v\u0259 Ba\u015f Prokurorlu\u011fun&nbsp;\u0259m\u0259kda\u015flar\u0131ndan ibar\u0259t istintaq-\u0259m\u0259liyyat qrupu yarad\u0131\u0131b, habel\u0259 F&ouml;vq\u0259lad\u0259 Hallar Nazirliyinin X&uuml;susi Riskli Xilasetm\u0259 Xidm\u0259tinin kinoloji qrupunun t\u0259limat&ccedil;\u0131lar\u0131 x&uuml;susi t\u0259lim ke&ccedil;mi\u015f itl\u0259rl\u0259 Dondar Qu\u015f&ccedil;u k\u0259ndi v\u0259 \u0259traf \u0259razil\u0259rd\u0259 axtar\u0131\u015flara c\u0259lb edilibl\u0259r.<\/p>\n<p>Yanvar\u0131n 6-da azya\u015fl\u0131n\u0131n meyitinin a\u015fkar olunmas\u0131 il\u0259 \u0259laq\u0259dar d\u0259rhal Daxili \u0130\u015fl\u0259r Nazirliyinin, Ba\u015f Prokurorlu\u011fun r\u0259hb\u0259r v\u0259zif\u0259li \u015f\u0259xsl\u0259ri v\u0259 dig\u0259r \u0259m\u0259kda\u015flar\u0131, el\u0259c\u0259 d\u0259 \u018fdliyy\u0259 Nazirliyinin M\u0259hk\u0259m\u0259 Ekspertizas\u0131 M\u0259rk\u0259zinin v\u0259 S\u0259hiyy\u0259 Nazirliyinin M\u0259hk\u0259m\u0259-Tibbi Ekspertiza v\u0259 Patoloji Anatomiya Elmi-T\u0259cr&uuml;bi v\u0259 T\u0259dris Birliyinin t\u0259cr&uuml;b\u0259li m&uuml;t\u0259x\u0259ssisl\u0259ri Tovuz rayonuna ezam olunublar.<\/p>\n<p>M&uuml;\u0259yy\u0259n edilib ki, \u015e\u0259rif Quliyev 2019-cu il noyabr\u0131n 21-d\u0259 saat 14:00 rad\u0259l\u0259rind\u0259 &ouml;z&uuml;n\u0259 m\u0259xsus g&ouml;d\u0259k&ccedil;\u0259ni g\u0259tirm\u0259k &uuml;&ccedil;&uuml;n q\u0131z\u0131 N\u0259rmin Quliyevan\u0131 h\u0259min k\u0259ndd\u0259 ya\u015fayan qarda\u015f\u0131n\u0131n evin\u0259 g&ouml;nd\u0259rib v\u0259 N\u0259rmin Quliyeva \u0259misinin evin\u0259 gedib oradan &ccedil;\u0131xd\u0131qdan sonra nam\u0259lum \u015f\u0259raitd\u0259 itkin d&uuml;\u015f&uuml;b.<br \/>\n2020-ci il yanvar\u0131n 6-da saat 19:30 rad\u0259l\u0259rind\u0259 is\u0259 k\u0259nd sakini \u0130lkin S&uuml;leymanov evl\u0259rind\u0259n, t\u0259xmin\u0259n, bir kilometr aral\u0131da N\u0259rmin Quliyevan\u0131n meyitini a\u015fkar edib v\u0259 bu bar\u0259d\u0259 d\u0259rhal polis\u0259 m\u0259lumat verib.<\/p>\n<p>T\u0259xir\u0259 sal\u0131nmadan hadis\u0259 yerin\u0259 v\u0259 meyit\u0259 m\u0259rhumun atas\u0131n\u0131n v\u0259 \u0259misinin i\u015ftirak\u0131 il\u0259 bax\u0131\u015f ke&ccedil;irilib,&nbsp;i\u015f &uuml;zr\u0259 m\u0259hk\u0259m\u0259-tibbi, kriminalistik, bioloji, kimy\u0259vi ekspertizalar t\u0259yin edilib, &ccedil;oxsayl\u0131 \u015fahidl\u0259r dindirilib, aidiyy\u0259ti orqanlara sor\u011fular v\u0259 \u0259m\u0259liyyat tap\u015f\u0131r\u0131qlar\u0131 g&ouml;nd\u0259rilib.<br \/>\nCinay\u0259tin q\u0131sa m&uuml;dd\u0259td\u0259 a&ccedil;\u0131lmas\u0131 v\u0259 onu t&ouml;r\u0259tmi\u015f \u015f\u0259xsin yaxud \u015f\u0259xsl\u0259rin m&uuml;\u0259yy\u0259nl\u0259\u015fdirilm\u0259si &uuml;&ccedil;&uuml;n intensiv istintaq h\u0259r\u0259k\u0259tl\u0259ri v\u0259 \u0259m\u0259liyyat-axtar\u0131\u015f t\u0259dbirl\u0259ri ke&ccedil;irilir.<\/p>\n<p>N\u0259tic\u0259l\u0259ri bar\u0259d\u0259 \u0259lav\u0259 m\u0259lumat veril\u0259c\u0259k.&nbsp;<\/p>\n","protected":false},"excerpt":{"rendered":"<p>Tovuz rayonunun Dondar Qu\u015f&ccedil;u k\u0259nd sakini 10 ya\u015fl\u0131 N\u0259rmin Quliyevan\u0131n 2019-cu il noyabr\u0131n 21-d\u0259 itkin d&uuml;\u015fm\u0259si v\u0259 bu il yanvar\u0131n 6-da yanm\u0131\u015f meyitinin tap\u0131lmas\u0131 il\u0259 \u0259laq\u0259dar sosial \u015f\u0259b\u0259k\u0259l\u0259rd\u0259ki b\u0259zi s\u0259hif\u0259l\u0259rd\u0259&hellip;<\/p>\n","protected":false},"author":1,"featured_media":251278,"comment_status":"open","ping_status":"open","sticky":false,"template":"","format":"standard","meta":{"_lmt_disableupdate":"","_lmt_disable":"","footnotes":""},"categories":[],"tags":[],"class_list":["post-91004","post","type-post","status-publish","format-standard","has-post-thumbnail","hentry"],"_links":{"self":[{"href":"https:\/\/ucnoqta.az\/index.php?rest_route=\/wp\/v2\/posts\/91004","targetHints":{"allow":["GET"]}}],"collection":[{"href":"https:\/\/ucnoqta.az\/index.php?rest_route=\/wp\/v2\/posts"}],"about":[{"href":"https:\/\/ucnoqta.az\/index.php?rest_route=\/wp\/v2\/types\/post"}],"author":[{"embeddable":true,"href":"https:\/\/ucnoqta.az\/index.php?rest_route=\/wp\/v2\/users\/1"}],"replies":[{"embeddable":true,"href":"https:\/\/ucnoqta.az\/index.php?rest_route=%2Fwp%2Fv2%2Fcomments&post=91004"}],"version-history":[{"count":0,"href":"https:\/\/ucnoqta.az\/index.php?rest_route=\/wp\/v2\/posts\/91004\/revisions"}],"wp:featuredmedia":[{"embeddable":true,"href":"https:\/\/ucnoqta.az\/index.php?rest_route=\/wp\/v2\/media\/251278"}],"wp:attachment":[{"href":"https:\/\/ucnoqta.az\/index.php?rest_route=%2Fwp%2Fv2%2Fmedia&parent=91004"}],"wp:term":[{"taxonomy":"category","embeddable":true,"href":"https:\/\/ucnoqta.az\/index.php?rest_route=%2Fwp%2Fv2%2Fcategories&post=91004"},{"taxonomy":"post_tag","embeddable":true,"href":"https:\/\/ucnoqta.az\/index.php?rest_route=%2Fwp%2Fv2%2Ftags&post=91004"}],"curies":[{"name":"wp","href":"https:\/\/api.w.org\/{rel}","templated":true}]}}