{"id":91003,"date":"2020-01-07T19:53:12","date_gmt":"2020-01-07T15:53:12","guid":{"rendered":""},"modified":"-0001-11-30T00:00:00","modified_gmt":"-0001-11-29T20:00:00","slug":"","status":"publish","type":"post","link":"https:\/\/ucnoqta.az\/?p=91003","title":{"rendered":"Qubada itkin d\u00fc\u015f\u0259n azya\u015fl\u0131 q\u0131z tap\u0131l\u0131b- <font color=red><b>Foto<\/b><\/font>"},"content":{"rendered":"<p><strong>Quba rayonunda itkin d&uuml;\u015f\u0259n azya\u015fl\u0131 tap\u0131l\u0131b<\/strong><\/p>\n<p>D\u0130N M\u0259tbuat Xidm\u0259tinin Quba regional qrupundan veril\u0259n m\u0259lumata g&ouml;r\u0259, Quba rayon sakini Aslan \u0130slamov gec\u0259 saatlar\u0131nda Rayon Polis \u015e&ouml;b\u0259sin\u0259 m&uuml;raci\u0259t ed\u0259r\u0259k 2017-ci t\u0259v\u0259ll&uuml;dl&uuml; azya\u015fl\u0131 q\u0131z\u0131 Ayla \u0130slaml\u0131n\u0131n ya\u015fad\u0131qlar\u0131 evin h\u0259y\u0259tind\u0259n &ccedil;\u0131xaraq itkin d&uuml;\u015fm\u0259si bar\u0259d\u0259 m\u0259lumat verib.<\/p>\n<p>M\u0259lumatla \u0259laq\u0259dar RP\u015e-nin \u0259m\u0259kda\u015flar\u0131 d\u0259rhal rayon \u0259razisind\u0259 axtar\u0131\u015flara ba\u015flay\u0131blar. Ke&ccedil;irilmi\u015f axtar\u0131\u015f t\u0259dbirl\u0259ri n\u0259tic\u0259sind\u0259 itkin d&uuml;\u015f\u0259n 3 ya\u015fl\u0131 q\u0131z polis \u0259m\u0259kda\u015flar\u0131 t\u0259r\u0259find\u0259n q\u0131sa bir m&uuml;dd\u0259td\u0259 tap\u0131laraq ail\u0259sin\u0259 t\u0259hvil verilib.<\/p>\n<p>Azya\u015fl\u0131 q\u0131z\u0131n valideynl\u0259ri gec\u0259 saatlar\u0131nda onlar\u0131n m&uuml;raci\u0259tl\u0259rin\u0259 h\u0259ssasl\u0131qla yana\u015faraq &ouml;vladlar\u0131n\u0131n sa\u011flam halda, he&ccedil; bir z\u0259r\u0259r g&ouml;rm\u0259d\u0259n tap\u0131lmas\u0131nda g&ouml;st\u0259rdikl\u0259ri \u0259v\u0259zolunmaz xidm\u0259tl\u0259 g&ouml;r\u0259 ba\u015fda D\u0130N r\u0259hb\u0259rliyi olmaqla Az\u0259rbaycan Polisin\u0259 d\u0259rin minn\u0259tdarl\u0131qlar\u0131n\u0131 bildiribl\u0259r.<\/p>\n","protected":false},"excerpt":{"rendered":"<p>Quba rayonunda itkin d&uuml;\u015f\u0259n azya\u015fl\u0131 tap\u0131l\u0131b D\u0130N M\u0259tbuat Xidm\u0259tinin Quba regional qrupundan veril\u0259n m\u0259lumata g&ouml;r\u0259, Quba rayon sakini Aslan \u0130slamov gec\u0259 saatlar\u0131nda Rayon Polis \u015e&ouml;b\u0259sin\u0259 m&uuml;raci\u0259t ed\u0259r\u0259k 2017-ci t\u0259v\u0259ll&uuml;dl&uuml; azya\u015fl\u0131&hellip;<\/p>\n","protected":false},"author":1,"featured_media":251278,"comment_status":"open","ping_status":"open","sticky":false,"template":"","format":"standard","meta":{"_lmt_disableupdate":"","_lmt_disable":"","footnotes":""},"categories":[],"tags":[],"class_list":["post-91003","post","type-post","status-publish","format-standard","has-post-thumbnail","hentry"],"_links":{"self":[{"href":"https:\/\/ucnoqta.az\/index.php?rest_route=\/wp\/v2\/posts\/91003","targetHints":{"allow":["GET"]}}],"collection":[{"href":"https:\/\/ucnoqta.az\/index.php?rest_route=\/wp\/v2\/posts"}],"about":[{"href":"https:\/\/ucnoqta.az\/index.php?rest_route=\/wp\/v2\/types\/post"}],"author":[{"embeddable":true,"href":"https:\/\/ucnoqta.az\/index.php?rest_route=\/wp\/v2\/users\/1"}],"replies":[{"embeddable":true,"href":"https:\/\/ucnoqta.az\/index.php?rest_route=%2Fwp%2Fv2%2Fcomments&post=91003"}],"version-history":[{"count":0,"href":"https:\/\/ucnoqta.az\/index.php?rest_route=\/wp\/v2\/posts\/91003\/revisions"}],"wp:featuredmedia":[{"embeddable":true,"href":"https:\/\/ucnoqta.az\/index.php?rest_route=\/wp\/v2\/media\/251278"}],"wp:attachment":[{"href":"https:\/\/ucnoqta.az\/index.php?rest_route=%2Fwp%2Fv2%2Fmedia&parent=91003"}],"wp:term":[{"taxonomy":"category","embeddable":true,"href":"https:\/\/ucnoqta.az\/index.php?rest_route=%2Fwp%2Fv2%2Fcategories&post=91003"},{"taxonomy":"post_tag","embeddable":true,"href":"https:\/\/ucnoqta.az\/index.php?rest_route=%2Fwp%2Fv2%2Ftags&post=91003"}],"curies":[{"name":"wp","href":"https:\/\/api.w.org\/{rel}","templated":true}]}}