{"id":91002,"date":"2020-01-07T19:09:56","date_gmt":"2020-01-07T15:09:56","guid":{"rendered":""},"modified":"-0001-11-30T00:00:00","modified_gmt":"-0001-11-29T20:00:00","slug":"","status":"publish","type":"post","link":"https:\/\/ucnoqta.az\/?p=91002","title":{"rendered":"\u018fli \u018fhm\u0259dov: <font color=red><b>&#8220;YAP-\u0131n 123 namiz\u0259di r\u0259smi qeydiyyata al\u0131n\u0131b&#8221;<\/b><\/font>"},"content":{"rendered":"<p><strong>Milli M\u0259clis\u0259 se&ccedil;kil\u0259rd\u0259 i\u015ftirak etm\u0259k &uuml;&ccedil;&uuml;n Yeni Az\u0259rbaycan Partiyas\u0131 t\u0259r\u0259find\u0259n ir\u0259li s&uuml;r&uuml;l\u0259n 123 namiz\u0259d Dair\u0259 Se&ccedil;ki Komissiyalar\u0131nda r\u0259smi qeydiyyata al\u0131n\u0131blar. Yeni Az\u0259rbaycan Partiyas\u0131 parlament se&ccedil;kil\u0259rind\u0259 partiya kimi i\u015ftirak etm\u0259k h&uuml;ququ qazan\u0131b.<\/strong><\/p>\n<p>Bunu Ba\u015f nazirin m&uuml;avini, Yeni Az\u0259rbaycan Partiyas\u0131n\u0131n S\u0259dr m&uuml;avini &ndash; icra katibi \u018fli \u018fhm\u0259dov &ouml;z r\u0259smi facebook s\u0259hif\u0259sind\u0259 payla\u015f\u0131b. \u018f.\u018fhm\u0259dov qeyd edib ki, se&ccedil;ki prosesind\u0259 i\u015ftirak etm\u0259k m\u0259qs\u0259di il\u0259 DSK-lara m&uuml;raci\u0259t ed\u0259nl\u0259rin say\u0131 2000 n\u0259f\u0259rd\u0259n art\u0131qd\u0131r:<\/p>\n<p>&ldquo;Dem\u0259li, 9 fevral se&ccedil;kil\u0259rin\u0259 b&ouml;y&uuml;k maraq var v\u0259 &ccedil;oxlu sayda namiz\u0259dl\u0259rin ir\u0259li s&uuml;r&uuml;lm\u0259si, qeydiyyata al\u0131nmas\u0131 se&ccedil;ki prosesinin tam demokratik m&uuml;hitd\u0259 h\u0259yata ke&ccedil;irilm\u0259sind\u0259n x\u0259b\u0259r verir. Reall\u0131q radikal m&uuml;xalif\u0259tin iddia v\u0259 yalan t\u0259bli\u011fat\u0131n\u0131n \u0259ksini g&ouml;st\u0259rir.<\/p>\n<p>Partiyam\u0131z\u0131n fevral ay\u0131n\u0131n 9-da n&ouml;vb\u0259ti q\u0259l\u0259b\u0259 qazanaca\u011f\u0131na inan\u0131ram, namiz\u0259dl\u0259rimiz\u0259 u\u011furlar dil\u0259yir\u0259m.&rdquo;\/trend<\/p>\n","protected":false},"excerpt":{"rendered":"<p>Milli M\u0259clis\u0259 se&ccedil;kil\u0259rd\u0259 i\u015ftirak etm\u0259k &uuml;&ccedil;&uuml;n Yeni Az\u0259rbaycan Partiyas\u0131 t\u0259r\u0259find\u0259n ir\u0259li s&uuml;r&uuml;l\u0259n 123 namiz\u0259d Dair\u0259 Se&ccedil;ki Komissiyalar\u0131nda r\u0259smi qeydiyyata al\u0131n\u0131blar. Yeni Az\u0259rbaycan Partiyas\u0131 parlament se&ccedil;kil\u0259rind\u0259 partiya kimi i\u015ftirak etm\u0259k h&uuml;ququ&hellip;<\/p>\n","protected":false},"author":1,"featured_media":251278,"comment_status":"open","ping_status":"open","sticky":false,"template":"","format":"standard","meta":{"_lmt_disableupdate":"","_lmt_disable":"","footnotes":""},"categories":[],"tags":[],"class_list":["post-91002","post","type-post","status-publish","format-standard","has-post-thumbnail","hentry"],"_links":{"self":[{"href":"https:\/\/ucnoqta.az\/index.php?rest_route=\/wp\/v2\/posts\/91002","targetHints":{"allow":["GET"]}}],"collection":[{"href":"https:\/\/ucnoqta.az\/index.php?rest_route=\/wp\/v2\/posts"}],"about":[{"href":"https:\/\/ucnoqta.az\/index.php?rest_route=\/wp\/v2\/types\/post"}],"author":[{"embeddable":true,"href":"https:\/\/ucnoqta.az\/index.php?rest_route=\/wp\/v2\/users\/1"}],"replies":[{"embeddable":true,"href":"https:\/\/ucnoqta.az\/index.php?rest_route=%2Fwp%2Fv2%2Fcomments&post=91002"}],"version-history":[{"count":0,"href":"https:\/\/ucnoqta.az\/index.php?rest_route=\/wp\/v2\/posts\/91002\/revisions"}],"wp:featuredmedia":[{"embeddable":true,"href":"https:\/\/ucnoqta.az\/index.php?rest_route=\/wp\/v2\/media\/251278"}],"wp:attachment":[{"href":"https:\/\/ucnoqta.az\/index.php?rest_route=%2Fwp%2Fv2%2Fmedia&parent=91002"}],"wp:term":[{"taxonomy":"category","embeddable":true,"href":"https:\/\/ucnoqta.az\/index.php?rest_route=%2Fwp%2Fv2%2Fcategories&post=91002"},{"taxonomy":"post_tag","embeddable":true,"href":"https:\/\/ucnoqta.az\/index.php?rest_route=%2Fwp%2Fv2%2Ftags&post=91002"}],"curies":[{"name":"wp","href":"https:\/\/api.w.org\/{rel}","templated":true}]}}