{"id":90994,"date":"2020-01-07T17:53:46","date_gmt":"2020-01-07T13:53:46","guid":{"rendered":""},"modified":"-0001-11-30T00:00:00","modified_gmt":"-0001-11-29T20:00:00","slug":"","status":"publish","type":"post","link":"https:\/\/ucnoqta.az\/?p=90994","title":{"rendered":"Bir il \u0259rzind\u0259 ABAD\u00e7\u0131lar\u0131n say\u0131 420 n\u0259f\u0259r\u0259 \u00e7at\u0131b"},"content":{"rendered":"<p><strong>&ldquo;ABAD&rdquo; publik h&uuml;quqi \u015f\u0259xs 2019-cu il \u0259rzind\u0259 d\u0259 &ouml;z f\u0259aliyy\u0259tini u\u011furla davam etdirdi. Bir il \u0259rzind\u0259 ABAD&ccedil;\u0131lar\u0131n say\u0131 105 n\u0259f\u0259r artaraq 420-y\u0259 &ccedil;at\u0131b.<\/strong><\/p>\n<p>Cari ild\u0259 m\u0259rk\u0259zl\u0259rin d\u0259 say\u0131nda art\u0131m olub. Bel\u0259 ki, 4 yeni &ldquo;ABAD&rdquo; Bakaleyas\u0131 &ldquo;G\u0259nclik Mall&rdquo;, &ldquo;20 yanvar&rdquo; m\/s yax\u0131nl\u0131\u011f\u0131, &ldquo;Bab\u0259k&rdquo; prospekti v\u0259 \u018fhm\u0259dli q\u0259s\u0259b\u0259sind\u0259 yerl\u0259\u015f\u0259n &ldquo;Bravo&rdquo; hipermarketl\u0259rind\u0259 a&ccedil;\u0131laraq saylar\u0131 5-\u0259 &ccedil;at\u0131b. Dekorativ-t\u0259tbiqi xalq s\u0259n\u0259tkarl\u0131q n&uuml;mun\u0259l\u0259rinin sat\u0131\u015f\u0131n\u0131n yer ald\u0131\u011f\u0131 &ldquo;ABAD&rdquo; etno-butikl\u0259rin d\u0259 say\u0131 artaraq 9-a &ccedil;at\u0131b. Bel\u0259 ki, art\u0131q Masall\u0131 &ldquo;ASAN H\u0259yat&rdquo; kompleksi \u0259razisind\u0259 d\u0259 yeni sat\u0131\u015f m\u0259rk\u0259zi f\u0259aliyy\u0259t g&ouml;st\u0259rir.<\/p>\n<p>Bundan ba\u015fqa, \u015eamax\u0131da &ldquo;ASAN H\u0259yat&rdquo; kompleksinin n\u0259zdind\u0259 daha bir &ldquo;ABAD Food Hall&rdquo; f\u0259aliyy\u0259t\u0259 ba\u015flay\u0131b. &ldquo;ABAD&rdquo; PH\u015e \u0259m\u0259kda\u015flar\u0131 v\u0259 ABAD&ccedil;\u0131lar Yaponiya, Malayziya, &Ccedil;in, Xorvatiya, T&uuml;rkiy\u0259 kimi &ouml;lk\u0259l\u0259rd\u0259 bir &ccedil;ox yerli v\u0259 beyn\u0259lxalq t\u0259lim v\u0259 s\u0259rgil\u0259rd\u0259 i\u015ftirak edib.<\/p>\n<p>2019-cu ild\u0259 &ldquo;ABAD&rdquo;\u0131n f\u0259aliyy\u0259ti &ccedil;\u0259r&ccedil;iv\u0259sind\u0259 yaddaqalan t\u0259dbirl\u0259rd\u0259n biri d\u0259 \u015e\u0259kid\u0259 &quot;ABAD&quot; Keramika v\u0259 T\u0259tbiqi S\u0259n\u0259t M\u0259rk\u0259zind\u0259 &quot;T\u0259bi\u0259td\u0259n Tarix\u0259&quot; adl\u0131 Keramika &uuml;zr\u0259 ilk Beyn\u0259lxalq Simpoziumun ke&ccedil;irilm\u0259si oldu. \u0130ki h\u0259ft\u0259 \u0259rzind\u0259 Az\u0259rbaycan da daxil olmaqla 15 &ouml;lk\u0259d\u0259n olan xarici i\u015ftirak&ccedil;\u0131-keramistl\u0259r M\u0259rk\u0259zd\u0259 a&ccedil;\u0131q s\u0259ma alt\u0131nda heyk\u0259ltara\u015fl\u0131q kompozisiyalar\u0131 yaratd\u0131lar.<\/p>\n<p>&Ccedil;ox sevindirici hallardan biri d\u0259 odur ki, qida m\u0259hsullar\u0131n\u0131n istehsal\u0131 sah\u0259sind\u0259 m\u0259hsullar\u0131n &ccedil;e\u015fidi art\u0131b. Art\u0131q &ldquo;Bravo&rdquo; marketl\u0259r \u015f\u0259b\u0259k\u0259sind\u0259 ABAD&ccedil;\u0131 istehsal\u0131 olan t\u0259bii yeni pendir v\u0259 kolbasa n&ouml;vl\u0259ri, kompotlar; meyv\u0259 \u015fir\u0259l\u0259ri v\u0259 dig\u0259r i&ccedil;kil\u0259r; pomidor tur\u015fusu; bad\u0131mcan k&uuml;r&uuml;s&uuml;; balqabaq tumu, qara zir\u0259, kokos, badam v\u0259 k\u0259r\u0259 ya\u011flar\u0131; meyv\u0259 qurular\u0131, un, &ccedil;ay, sar\u0131msaq tozu, pelmeni, vareniki, d&uuml;\u015fb\u0259r\u0259l\u0259r, f\u0131nd\u0131q \u0259zm\u0259l\u0259ri \u0259ld\u0259 etm\u0259k m&uuml;mk&uuml;nd&uuml;r.<\/p>\n<p>\u0130l \u0259rzind\u0259 &ldquo;ABAD&rdquo; publik h&uuml;quqi \u015f\u0259xs Memorandum v\u0259 Niyy\u0259t protokolu imzalay\u0131b. Memorandum &ldquo;ABAD&rdquo; v\u0259 AMEA-n\u0131n \u015e\u0259ki Regional Elmi M\u0259rk\u0259zi (\u015eREM) aras\u0131nda \u0259m\u0259kda\u015fl\u0131q v\u0259 qar\u015f\u0131l\u0131ql\u0131 f\u0259aliyy\u0259t\u0259 dair, Niyy\u0259t Protokolu is\u0259 &ldquo;ABAD&rdquo; publik h&uuml;quqi \u015f\u0259xs v\u0259 Qazax\u0131stan Respublikas\u0131n\u0131n T&uuml;rkistan vilay\u0259tinin icra hakimiyy\u0259ti aras\u0131nda imzalan\u0131b.<\/p>\n<p>2019-cu ilin fevral ay\u0131nda &ldquo;ABAD&rdquo; publik h&uuml;quqi \u015f\u0259xs ki&ccedil;ik v\u0259 orta sahibkarl\u0131\u011f\u0131n inki\u015faf\u0131na verdiyi t&ouml;hf\u0259l\u0259r\u0259 g&ouml;r\u0259 Az\u0259rbaycanda \u0259n n&uuml;fuzlu biznes m&uuml;kafat\u0131 say\u0131lan &ldquo;U\u011fur 2018&rdquo; Milli M&uuml;kafat\u0131na layiq g&ouml;r&uuml;l&uuml;b.<\/p>\n","protected":false},"excerpt":{"rendered":"<p>&ldquo;ABAD&rdquo; publik h&uuml;quqi \u015f\u0259xs 2019-cu il \u0259rzind\u0259 d\u0259 &ouml;z f\u0259aliyy\u0259tini u\u011furla davam etdirdi. Bir il \u0259rzind\u0259 ABAD&ccedil;\u0131lar\u0131n say\u0131 105 n\u0259f\u0259r artaraq 420-y\u0259 &ccedil;at\u0131b. Cari ild\u0259 m\u0259rk\u0259zl\u0259rin d\u0259 say\u0131nda art\u0131m olub.&hellip;<\/p>\n","protected":false},"author":1,"featured_media":251278,"comment_status":"open","ping_status":"open","sticky":false,"template":"","format":"standard","meta":{"_lmt_disableupdate":"","_lmt_disable":"","footnotes":""},"categories":[],"tags":[],"class_list":["post-90994","post","type-post","status-publish","format-standard","has-post-thumbnail","hentry"],"_links":{"self":[{"href":"https:\/\/ucnoqta.az\/index.php?rest_route=\/wp\/v2\/posts\/90994","targetHints":{"allow":["GET"]}}],"collection":[{"href":"https:\/\/ucnoqta.az\/index.php?rest_route=\/wp\/v2\/posts"}],"about":[{"href":"https:\/\/ucnoqta.az\/index.php?rest_route=\/wp\/v2\/types\/post"}],"author":[{"embeddable":true,"href":"https:\/\/ucnoqta.az\/index.php?rest_route=\/wp\/v2\/users\/1"}],"replies":[{"embeddable":true,"href":"https:\/\/ucnoqta.az\/index.php?rest_route=%2Fwp%2Fv2%2Fcomments&post=90994"}],"version-history":[{"count":0,"href":"https:\/\/ucnoqta.az\/index.php?rest_route=\/wp\/v2\/posts\/90994\/revisions"}],"wp:featuredmedia":[{"embeddable":true,"href":"https:\/\/ucnoqta.az\/index.php?rest_route=\/wp\/v2\/media\/251278"}],"wp:attachment":[{"href":"https:\/\/ucnoqta.az\/index.php?rest_route=%2Fwp%2Fv2%2Fmedia&parent=90994"}],"wp:term":[{"taxonomy":"category","embeddable":true,"href":"https:\/\/ucnoqta.az\/index.php?rest_route=%2Fwp%2Fv2%2Fcategories&post=90994"},{"taxonomy":"post_tag","embeddable":true,"href":"https:\/\/ucnoqta.az\/index.php?rest_route=%2Fwp%2Fv2%2Ftags&post=90994"}],"curies":[{"name":"wp","href":"https:\/\/api.w.org\/{rel}","templated":true}]}}