{"id":90992,"date":"2020-01-07T17:35:53","date_gmt":"2020-01-07T13:35:53","guid":{"rendered":""},"modified":"-0001-11-30T00:00:00","modified_gmt":"-0001-11-29T20:00:00","slug":"","status":"publish","type":"post","link":"https:\/\/ucnoqta.az\/?p=90992","title":{"rendered":"Avstriyada yeni h\u00f6kum\u0259t formala\u015f\u0131b"},"content":{"rendered":"<p><strong>Avstriyada yeni kansler Sebastyan Kurtsun h&ouml;kum\u0259ti and i&ccedil;ib.<\/strong><\/p>\n<p>\n&#39;&#39;Ucnoqta.az&#39;&#39;-\u0131n&nbsp;&nbsp;m\u0259lumat\u0131na g&ouml;r\u0259, andi&ccedil;m\u0259 m\u0259rasimi &ouml;lk\u0259 prezidenti Aleksander van der Bellenin i\u015fl\u0259r idar\u0259sind\u0259 ba\u015f tutub.<\/p>\n<p>M\u0259rasimd\u0259n \u0259vv\u0259l prezident Avstriyan\u0131n ilk qad\u0131n kansleri Brigitte Birlyan\u0131n r\u0259hb\u0259rlik etdiyi m&uuml;v\u0259qq\u0259ti h&ouml;kum\u0259tin istefas\u0131n\u0131 q\u0259bul edib.<\/p>\n<p>Qeyd ed\u0259k ki, bu, S.Kurtsun r\u0259hb\u0259rliyi alt\u0131nda ikinci h&ouml;kum\u0259t olacaq. Bundan \u0259vv\u0259l Sebastyan Kurts 2017-ci ilin dekabr\u0131ndan 2019-cu ilin may\u0131nad\u0259k kansler olub.<\/p>\n","protected":false},"excerpt":{"rendered":"<p>Avstriyada yeni kansler Sebastyan Kurtsun h&ouml;kum\u0259ti and i&ccedil;ib. &#39;&#39;Ucnoqta.az&#39;&#39;-\u0131n&nbsp;&nbsp;m\u0259lumat\u0131na g&ouml;r\u0259, andi&ccedil;m\u0259 m\u0259rasimi &ouml;lk\u0259 prezidenti Aleksander van der Bellenin i\u015fl\u0259r idar\u0259sind\u0259 ba\u015f tutub. M\u0259rasimd\u0259n \u0259vv\u0259l prezident Avstriyan\u0131n ilk qad\u0131n kansleri Brigitte&hellip;<\/p>\n","protected":false},"author":1,"featured_media":251278,"comment_status":"open","ping_status":"open","sticky":false,"template":"","format":"standard","meta":{"_lmt_disableupdate":"","_lmt_disable":"","footnotes":""},"categories":[],"tags":[],"class_list":["post-90992","post","type-post","status-publish","format-standard","has-post-thumbnail","hentry"],"_links":{"self":[{"href":"https:\/\/ucnoqta.az\/index.php?rest_route=\/wp\/v2\/posts\/90992","targetHints":{"allow":["GET"]}}],"collection":[{"href":"https:\/\/ucnoqta.az\/index.php?rest_route=\/wp\/v2\/posts"}],"about":[{"href":"https:\/\/ucnoqta.az\/index.php?rest_route=\/wp\/v2\/types\/post"}],"author":[{"embeddable":true,"href":"https:\/\/ucnoqta.az\/index.php?rest_route=\/wp\/v2\/users\/1"}],"replies":[{"embeddable":true,"href":"https:\/\/ucnoqta.az\/index.php?rest_route=%2Fwp%2Fv2%2Fcomments&post=90992"}],"version-history":[{"count":0,"href":"https:\/\/ucnoqta.az\/index.php?rest_route=\/wp\/v2\/posts\/90992\/revisions"}],"wp:featuredmedia":[{"embeddable":true,"href":"https:\/\/ucnoqta.az\/index.php?rest_route=\/wp\/v2\/media\/251278"}],"wp:attachment":[{"href":"https:\/\/ucnoqta.az\/index.php?rest_route=%2Fwp%2Fv2%2Fmedia&parent=90992"}],"wp:term":[{"taxonomy":"category","embeddable":true,"href":"https:\/\/ucnoqta.az\/index.php?rest_route=%2Fwp%2Fv2%2Fcategories&post=90992"},{"taxonomy":"post_tag","embeddable":true,"href":"https:\/\/ucnoqta.az\/index.php?rest_route=%2Fwp%2Fv2%2Ftags&post=90992"}],"curies":[{"name":"wp","href":"https:\/\/api.w.org\/{rel}","templated":true}]}}