{"id":90987,"date":"2020-01-07T17:07:48","date_gmt":"2020-01-07T13:07:48","guid":{"rendered":""},"modified":"-0001-11-30T00:00:00","modified_gmt":"-0001-11-29T20:00:00","slug":"","status":"publish","type":"post","link":"https:\/\/ucnoqta.az\/?p=90987","title":{"rendered":"Prezident:<font color=red><b> &#8220;Ming\u0259\u00e7evir \u0130stilik Elektrik Stansiyas\u0131n\u0131n \u015f\u0259kill\u0259rin\u0259 baxanda adam d\u0259h\u015f\u0259t\u0259 g\u0259lirdi&#8221;<\/b><\/font>"},"content":{"rendered":"<p><strong>&ldquo;Energetika sah\u0259sind\u0259 m&uuml;sb\u0259t m\u0259qamlara baxmayaraq, b&ouml;y&uuml;k &ccedil;at\u0131\u015fmazl\u0131qlar da, b&ouml;y&uuml;k q&uuml;surlar da olubdur. \u018fg\u0259r bunlar olmasayd\u0131, 2018-ci ild\u0259 biz o q\u0259za il\u0259 &uuml;z-&uuml;z\u0259 qalmazd\u0131q&rdquo;.<\/strong><\/p>\n<p>Bunu Prezident&nbsp;\u0130lham \u018fliyev&nbsp;V&uuml;qar \u018fhm\u0259dovu &ldquo;Az\u0259ri\u015f\u0131q&rdquo; ASC-nin s\u0259dri v\u0259zif\u0259sin\u0259 t\u0259yin olunmas\u0131 il\u0259 \u0259laq\u0259dar q\u0259bul ed\u0259rk\u0259n deyib.<\/p>\n<p>&ldquo;Q\u0259zadan sonra apar\u0131lan t\u0259hlil i\u015fl\u0259ri g&ouml;st\u0259rdi ki, bu, s\u0131rf s\u0259hl\u0259nkarl\u0131q, m\u0259suliyy\u0259tsizlik n\u0259tic\u0259sind\u0259 ba\u015f vermi\u015fdir. M\u0259n\u0259 \u015f\u0259kill\u0259rl\u0259, s&uuml;butlarla b&ouml;y&uuml;k m\u0259ruz\u0259 edildi, bizim Ming\u0259&ccedil;evir \u0130stilik Elektrik Stansiyas\u0131 nec\u0259 b\u0259rbad g&uuml;nd\u0259 idi. Adam o \u015f\u0259kill\u0259r\u0259 baxanda d\u0259h\u015f\u0259t\u0259 g\u0259lirdi. Bu q\u0259d\u0259r s\u0259hl\u0259nkarl\u0131q, bu q\u0259d\u0259r m\u0259suliyy\u0259tsizlik olarm\u0131? Ona g&ouml;r\u0259 &ldquo;Az\u0259renerji&rdquo;nin r\u0259hb\u0259rliyi tamamil\u0259 d\u0259yi\u015fdirildi.<\/p>\n<p>Ming\u0259&ccedil;evir \u0130stilik Elektrik Stansiyas\u0131n\u0131n 5 bloku \u0259sasl\u0131 t\u0259mir edildi, dem\u0259k olar ki, yenid\u0259n quruldu v\u0259 itirilmi\u015f g&uuml;cl\u0259r b\u0259rpa olundu. Biz t\u0259qrib\u0259n 400 meqavatl\u0131q itirilmi\u015f g&uuml;cl\u0259ri b\u0259rpa etdik. Y\u0259ni, bizim m&ouml;vcud elektrik stansiyalar\u0131 m\u0259hz m\u0259suliyy\u0259tsizlik v\u0259 qeyri-pe\u015f\u0259kar h\u0259r\u0259k\u0259tl\u0259r\u0259 g&ouml;r\u0259 o g&uuml;cl\u0259ri itirmi\u015fdi. Biz yeni stansiya tikm\u0259d\u0259n t\u0259mir i\u015fl\u0259ri n\u0259tic\u0259sind\u0259 400 meqavat g&uuml;c&uuml; b\u0259rpa etdik. Ming\u0259&ccedil;evir \u0130stilik Elektrik Stansiyas\u0131n\u0131n qalan 3 blokunda 2020-ci ild\u0259 yenid\u0259nqurma i\u015fl\u0259ri apar\u0131lacaq v\u0259 \u0259lav\u0259 enerji, generasiya g&uuml;c&uuml; \u0259ld\u0259 edil\u0259c\u0259k&rdquo;, &#8211; dey\u0259 o, qeyd edib.<\/p>\n<p>D&ouml;vl\u0259t ba\u015f&ccedil;\u0131s\u0131n\u0131n s&ouml;zl\u0259rin\u0259 g&ouml;r\u0259, bununla paralel olaraq, 2019-cu ild\u0259 400 meqavat g&uuml;c&uuml;nd\u0259 &ldquo;\u015eimal 2&rdquo; elektrik stansiyas\u0131 istifad\u0259y\u0259 verilib: &ldquo;Bu da enerji potensial\u0131m\u0131z\u0131 b&ouml;y&uuml;k d\u0259r\u0259c\u0259d\u0259 g&uuml;cl\u0259ndir\u0259n amildir. Eyni zamanda, biz indi b\u0259rpaolunan enerji n&ouml;vl\u0259rinin yarad\u0131lmas\u0131 il\u0259 ciddi m\u0259\u015f\u011fuluq. Art\u0131q 50 meqavatl\u0131q k&uuml;l\u0259k elektrik stansiyas\u0131 f\u0259aliyy\u0259t g&ouml;st\u0259rir. Haz\u0131rda &ouml;z\u0259l \u015firk\u0259tl\u0259r, xarici \u015firk\u0259tl\u0259r bu sah\u0259y\u0259 b&ouml;y&uuml;k maraq g&ouml;st\u0259rirl\u0259r, 100 milyonlarla dollar s\u0259viyy\u0259sind\u0259 investisiya yat\u0131rmaq ist\u0259yirl\u0259r v\u0259 biz bunu y&uuml;ks\u0259k qiym\u0259tl\u0259ndiririk.<\/p>\n<p>Bel\u0259likl\u0259, n&ouml;vb\u0259ti ill\u0259rd\u0259 bizim artan t\u0259l\u0259bat\u0131m\u0131z\u0131 &ouml;d\u0259m\u0259k &uuml;&ccedil;&uuml;n h\u0259m yeni stansiyalar qurulmal\u0131d\u0131r, h\u0259m d\u0259 elektrik enerjisini t\u0259min ed\u0259n m&ouml;vcud qur\u011fular t\u0259fti\u015f edilm\u0259lidir, yeni yar\u0131mstansiyalar in\u015fa olunmal\u0131d\u0131r, t\u0259mir edilm\u0259lidir. Biz b&uuml;t&uuml;n bu i\u015fl\u0259ri g&ouml;r&uuml;r&uuml;k v\u0259 ard\u0131c\u0131l \u015f\u0259kild\u0259 g&ouml;r\u0259c\u0259yik. &ldquo;Az\u0259ri\u015f\u0131q&rdquo; da &ouml;z i\u015find\u0259 \u0259n m&uuml;asir prinsipl\u0259ri r\u0259hb\u0259r tutmal\u0131d\u0131r. Bizim b&uuml;t&uuml;n enerji t\u0259s\u0259rr&uuml;fat\u0131m\u0131z y&uuml;ks\u0259k standartlara cavab verm\u0259lidir. Generasiyadan ba\u015flam\u0131\u015f son n&ouml;qt\u0259y\u0259 &#8211; v\u0259t\u0259nda\u015flar\u0131n m\u0259nzilin\u0259 q\u0259d\u0259r elektrik enerjisi dayan\u0131ql\u0131 \u015f\u0259kild\u0259 t\u0259min edilm\u0259lidir&rdquo;.<\/p>\n<p>&ldquo;M\u0259n b&ouml;lg\u0259l\u0259r\u0259 &ccedil;oxsayl\u0131 s\u0259f\u0259rl\u0259rim &ccedil;\u0259r&ccedil;iv\u0259sind\u0259 bir s\u0131ra elektrik stansiyalar\u0131n\u0131n, yar\u0131mstansiyalar\u0131n a&ccedil;\u0131l\u0131\u015f\u0131nda i\u015ftirak etmi\u015f\u0259m. H\u0259r zaman maraqlan\u0131ram ki, rayonlarda elektrik enerjisi il\u0259 ba\u011fl\u0131 v\u0259ziyy\u0259t nec\u0259dir. Son ill\u0259r bu sah\u0259d\u0259 &ccedil;ox b&ouml;y&uuml;k d&ouml;n&uuml;\u015f var v\u0259 bu proses davam etdiril\u0259c\u0259k. H\u0259l\u0259 ki, t\u0259mir\u0259 ehtiyac\u0131 olan enerji infrastrukturumuz var. Biz bu m\u0259s\u0259l\u0259l\u0259ri ard\u0131c\u0131l \u015f\u0259kild\u0259 h\u0259ll ed\u0259c\u0259yik ki, bu sah\u0259d\u0259 he&ccedil; bir problem olmas\u0131n.<\/p>\n<p>&Ouml;lk\u0259mizd\u0259 \u0259halinin v\u0259 s\u0259naye potensial\u0131n\u0131n art\u0131m\u0131 dikt\u0259 edir ki, bu sah\u0259 daim diqq\u0259t m\u0259rk\u0259zind\u0259 olsun. Odur ki, m\u0259n Prezident kimi f\u0259aliyy\u0259t\u0259 ba\u015flayanda infrastruktur layih\u0259l\u0259ri aras\u0131nda, ilk n&ouml;vb\u0259d\u0259, m\u0259hz bu sah\u0259y\u0259 b&ouml;y&uuml;k diqq\u0259t g&ouml;st\u0259rildi. M\u0259nim g&ouml;st\u0259ri\u015fiml\u0259 v\u0259 n\u0259zar\u0259tim alt\u0131nda b&ouml;lg\u0259l\u0259rd\u0259 bir ne&ccedil;\u0259 elektrik stansiyas\u0131 tikilmi\u015fdir. Biz &ldquo;Xa&ccedil;maz&rdquo;, &ldquo;\u015eahda\u011f&rdquo;, &ldquo;Astara&rdquo;, &ldquo;\u015e\u0259ki&rdquo;, &ldquo;Bak\u0131&rdquo; stansiyalar\u0131n\u0131 tikdik ki, h\u0259r bir b&ouml;lg\u0259d\u0259 g&uuml;cl\u0259r m&ouml;vcud olsun v\u0259 art\u0131r\u0131ls\u0131n. \u015eirvan \u015f\u0259h\u0259rind\u0259 800 meqavata yax\u0131n generasiya g&uuml;c&uuml; olan &ldquo;C\u0259nub&rdquo; elektrik stansiyas\u0131 tikilmi\u015fdir. &ldquo;\u015eimal-1&rdquo;, &ldquo;\u015eimal-2&rdquo; elektrik stansiyalar\u0131 istifad\u0259y\u0259 verilmi\u015fdir. B&uuml;t&uuml;n bunlar b&ouml;y&uuml;k z\u0259hm\u0259t, uzaqg&ouml;r\u0259nlik t\u0259l\u0259b edir. Biz vaxtil\u0259 idxaldan as\u0131l\u0131 idik. \u0130ndi is\u0259 biz &ouml;z&uuml;m&uuml;z&uuml; elektrik enerjisi il\u0259 t\u0259min edirik v\u0259 ixrac da edirik. \u0130xrac o t\u0259qdird\u0259 edil\u0259 bil\u0259r ki, daxili t\u0259l\u0259bat tam &ouml;d\u0259nilsin. Biz indi buna nail ola bilmi\u015fik.<\/p>\n<p>T\u0259sad&uuml;fi deyil ki, Davos &Uuml;mumd&uuml;nya \u0130qtisadi Forumu bu sah\u0259d\u0259 g&ouml;r&uuml;lm&uuml;\u015f i\u015fl\u0259r\u0259 &ccedil;ox y&uuml;ks\u0259k qiym\u0259t veribdir. Elektrik enerjisinin \u0259l&ccedil;atanl\u0131q \u0259msal\u0131na g&ouml;r\u0259 Davos Forumu Az\u0259rbaycan\u0131 MDB m\u0259kan\u0131nda birinci yer\u0259 layiq g&ouml;r&uuml;b, d&uuml;nya miqyas\u0131nda is\u0259 ikinci yerd\u0259yik. Biz bu g&ouml;st\u0259riciy\u0259 g&ouml;r\u0259 \u0259n inki\u015faf etmi\u015f &ouml;lk\u0259l\u0259ri qabaqlam\u0131\u015f\u0131q. Elektrik enerjisinin istehsal\u0131n\u0131n v\u0259 paylanmas\u0131n\u0131n \u0259sas m\u0259qs\u0259di onun m&uuml;\u0259ssis\u0259y\u0259 v\u0259 v\u0259t\u0259nda\u015fa &ccedil;atd\u0131r\u0131lmas\u0131d\u0131r. \u018fl&ccedil;atanl\u0131q bu dem\u0259kdir. Y\u0259ni ki, insanlar\u0131n, m&uuml;\u0259ssis\u0259l\u0259rin enerjiy\u0259 \u0259li &ccedil;at\u0131r v\u0259 bu \u0259msala g&ouml;r\u0259 biz d&uuml;nyada ikinci yerd\u0259yik. Bax, budur bizim g&ouml;rd&uuml;y&uuml;m&uuml;z i\u015fl\u0259rin n\u0259tic\u0259si. Ancaq biz \u0259ld\u0259 edilmi\u015f u\u011furlarla kifay\u0259tl\u0259n\u0259 bilm\u0259rik. H\u0259m &ldquo;Az\u0259renerji&rdquo;, h\u0259m d\u0259 &ldquo;Az\u0259ri\u015f\u0131q&rdquo; qar\u015f\u0131s\u0131nda &ccedil;ox b&ouml;y&uuml;k v\u0259zif\u0259l\u0259r qoyulub. \u018fmin\u0259m ki, bu v\u0259zif\u0259l\u0259r ard\u0131c\u0131ll\u0131qla icra edil\u0259c\u0259k v\u0259 bel\u0259likl\u0259, elektrik enerjisi il\u0259 t\u0259minat daim y&uuml;ks\u0259k s\u0259viyy\u0259d\u0259 olacaqd\u0131r&rdquo;, &#8211; dey\u0259 \u0130.\u018fliyev qeyd edib. \/report<\/p>\n<p>&nbsp;<\/p>\n","protected":false},"excerpt":{"rendered":"<p>&ldquo;Energetika sah\u0259sind\u0259 m&uuml;sb\u0259t m\u0259qamlara baxmayaraq, b&ouml;y&uuml;k &ccedil;at\u0131\u015fmazl\u0131qlar da, b&ouml;y&uuml;k q&uuml;surlar da olubdur. \u018fg\u0259r bunlar olmasayd\u0131, 2018-ci ild\u0259 biz o q\u0259za il\u0259 &uuml;z-&uuml;z\u0259 qalmazd\u0131q&rdquo;. Bunu Prezident&nbsp;\u0130lham \u018fliyev&nbsp;V&uuml;qar \u018fhm\u0259dovu &ldquo;Az\u0259ri\u015f\u0131q&rdquo; ASC-nin s\u0259dri&hellip;<\/p>\n","protected":false},"author":1,"featured_media":251278,"comment_status":"open","ping_status":"open","sticky":false,"template":"","format":"standard","meta":{"_lmt_disableupdate":"","_lmt_disable":"","footnotes":""},"categories":[],"tags":[],"class_list":["post-90987","post","type-post","status-publish","format-standard","has-post-thumbnail","hentry"],"_links":{"self":[{"href":"https:\/\/ucnoqta.az\/index.php?rest_route=\/wp\/v2\/posts\/90987","targetHints":{"allow":["GET"]}}],"collection":[{"href":"https:\/\/ucnoqta.az\/index.php?rest_route=\/wp\/v2\/posts"}],"about":[{"href":"https:\/\/ucnoqta.az\/index.php?rest_route=\/wp\/v2\/types\/post"}],"author":[{"embeddable":true,"href":"https:\/\/ucnoqta.az\/index.php?rest_route=\/wp\/v2\/users\/1"}],"replies":[{"embeddable":true,"href":"https:\/\/ucnoqta.az\/index.php?rest_route=%2Fwp%2Fv2%2Fcomments&post=90987"}],"version-history":[{"count":0,"href":"https:\/\/ucnoqta.az\/index.php?rest_route=\/wp\/v2\/posts\/90987\/revisions"}],"wp:featuredmedia":[{"embeddable":true,"href":"https:\/\/ucnoqta.az\/index.php?rest_route=\/wp\/v2\/media\/251278"}],"wp:attachment":[{"href":"https:\/\/ucnoqta.az\/index.php?rest_route=%2Fwp%2Fv2%2Fmedia&parent=90987"}],"wp:term":[{"taxonomy":"category","embeddable":true,"href":"https:\/\/ucnoqta.az\/index.php?rest_route=%2Fwp%2Fv2%2Fcategories&post=90987"},{"taxonomy":"post_tag","embeddable":true,"href":"https:\/\/ucnoqta.az\/index.php?rest_route=%2Fwp%2Fv2%2Ftags&post=90987"}],"curies":[{"name":"wp","href":"https:\/\/api.w.org\/{rel}","templated":true}]}}