{"id":90984,"date":"2020-01-07T16:48:19","date_gmt":"2020-01-07T12:48:19","guid":{"rendered":""},"modified":"-0001-11-30T00:00:00","modified_gmt":"-0001-11-29T20:00:00","slug":"","status":"publish","type":"post","link":"https:\/\/ucnoqta.az\/?p=90984","title":{"rendered":"Prezident akademikin v\u0259fat\u0131 il\u0259 \u0259laq\u0259dar nekroloq imzalay\u0131b"},"content":{"rendered":"<p><strong>Prezident \u0130lham \u018fliyev akademik Bahad\u0131r Ta\u011f\u0131yevin v\u0259fat\u0131 il\u0259 \u0259laq\u0259dar nekroloq imzalay\u0131b.<\/strong><\/p>\n<p>Nekroloqda deyilir:<\/p>\n<p>&quot;Az\u0259rbaycan elmi ictimaiyy\u0259tin\u0259 a\u011f\u0131r itki &uuml;z vermi\u015fdir. Fizika sah\u0259sind\u0259 tan\u0131nm\u0131\u015f alim, Az\u0259rbaycan Respublikas\u0131n\u0131n D&ouml;vl\u0259t M&uuml;kafat\u0131 laureat\u0131, \u018fm\u0259kdar elm xadimi, Az\u0259rbaycan&nbsp;Milli Elml\u0259r Akademiyas\u0131n\u0131n h\u0259qiqi &uuml;zv&uuml;, fizika-riyaziyyat elml\u0259ri doktoru, professor Bahad\u0131r H&uuml;seyn o\u011flu Ta\u011f\u0131yev 2020-ci il yanvar\u0131n 7-d\u0259 &ouml;mr&uuml;n&uuml;n 86-c\u0131 ilind\u0259 v\u0259fat etmi\u015fdir.<\/p>\n<p>Bahad\u0131r Ta\u011f\u0131yev 1934-c&uuml; il mart ay\u0131n\u0131n 13-d\u0259 Masall\u0131 rayonunun T&uuml;rkoba k\u0259ndind\u0259 anadan olmu\u015fdur. Orta m\u0259kt\u0259bi bitirdikd\u0259n sonra o, 1952&ndash;1956-c\u0131 ill\u0259rd\u0259 Az\u0259rbaycan D&ouml;vl\u0259t Pedaqoji \u0130nstitutunun fizika-riyaziyyat fak&uuml;lt\u0259sind\u0259 ali t\u0259hsil alm\u0131\u015f, 1959-cu ild\u0259 Az\u0259rbaycan Elml\u0259r Akademiyas\u0131n\u0131n Fizika \u0130nstitutunun aspiranturas\u0131na daxil olmu\u015f v\u0259 1960&ndash;1962-ci ill\u0259rd\u0259 aspirantura t\u0259hsilini SSR\u0130 Elml\u0259r Akademiyas\u0131n\u0131n Leninqraddak\u0131 Yar\u0131mke&ccedil;iricil\u0259r \u0130nstitutunda davam etdirmi\u015fdir.<\/p>\n<p>\u018fm\u0259k f\u0259aliyy\u0259tin\u0259 1956-c\u0131 ild\u0259 Masall\u0131 rayonunda ba\u015flayan Bahad\u0131r Ta\u011f\u0131yev 1959-cu il\u0259d\u0259k burada k\u0259nd v\u0259 q\u0259s\u0259b\u0259 orta m\u0259kt\u0259bl\u0259rind\u0259 m&uuml;\u0259llim i\u015fl\u0259mi\u015fdir. O, 1962-ci ild\u0259n taleyini Az\u0259rbaycan Elml\u0259r Akademiyas\u0131 il\u0259 ba\u011flayaraq, Akademiyan\u0131n Fizika \u0130nstitutunda 1966-c\u0131 il\u0259d\u0259k ki&ccedil;ik elmi i\u015f&ccedil;i, 1966&ndash;1974-c&uuml; ill\u0259rd\u0259 b&ouml;y&uuml;k elmi i\u015f&ccedil;i, 1974&ndash;1993-c&uuml; ill\u0259rd\u0259 laboratoriya m&uuml;diri olmu\u015f, 1993&ndash;2002-ci ill\u0259rd\u0259 institut direktorunun birinci m&uuml;avini, 2002-ci ild\u0259n institutun ba\u015f elmi i\u015f&ccedil;isi, problem \u015furas\u0131n\u0131n r\u0259hb\u0259ri v\u0259zif\u0259l\u0259rind\u0259 &ccedil;al\u0131\u015fm\u0131\u015fd\u0131r. Bahad\u0131r Ta\u011f\u0131yev, eyni zamanda, 1996&ndash;2009-cu ill\u0259rd\u0259 Milli Aviasiya Akademiyas\u0131nda fizika fak&uuml;lt\u0259sinin professoru v\u0259zif\u0259sind\u0259 i\u015fl\u0259mi\u015f, 2009-cu ild\u0259n bu Akademiyan\u0131n Elmi-T\u0259dqiqat N\u0259qliyyat v\u0259 Aviakosmik Probleml\u0259ri \u0130nstitutunun direktoru v\u0259 fizika kafedras\u0131n\u0131n m&uuml;diri olmu\u015fdur.<\/p>\n<p>Bahad\u0131r Ta\u011f\u0131yev 1964-c&uuml; ild\u0259 fizika-riyaziyyat elml\u0259ri &uuml;zr\u0259 namiz\u0259dlik, 1977-ci ild\u0259 is\u0259 doktorluq dissertasiyalar\u0131 m&uuml;dafi\u0259 etmi\u015f, 1984-c&uuml; ild\u0259 professor elmi ad\u0131 alm\u0131\u015fd\u0131r. O, 2001-ci ild\u0259 Az\u0259rbaycan Milli Elml\u0259r \u0410kademiyas\u0131n\u0131n m&uuml;xbir &uuml;zv&uuml;, 2014-c&uuml; ild\u0259 is\u0259 h\u0259qiqi &uuml;zv&uuml; se&ccedil;ilmi\u015fdir.<\/p>\n<p>Akademik Bahad\u0131r Ta\u011f\u0131yev yar\u0131mke&ccedil;iricil\u0259r fizikas\u0131, texnologiyas\u0131 v\u0259 texnikas\u0131 sah\u0259sind\u0259 s\u0259m\u0259r\u0259li f\u0259aliyy\u0259ti il\u0259 respublikada fizika elminin inki\u015faf\u0131na sanball\u0131 t&ouml;hf\u0259l\u0259r vermi\u015f aliml\u0259rd\u0259ndir. O, binar v\u0259 m&uuml;r\u0259kk\u0259b t\u0259rkibli yar\u0131mke&ccedil;irici birl\u0259\u015fm\u0259l\u0259rin kristallar\u0131n\u0131n al\u0131nmas\u0131, onlarda y&uuml;ks\u0259k elektrik sah\u0259 effektl\u0259rinin, l&uuml;minessensiya hadis\u0259l\u0259rinin &ouml;yr\u0259nilm\u0259si, yeni l&uuml;minoforlar\u0131n v\u0259 i\u015f\u0131q m\u0259nb\u0259l\u0259rinin yarad\u0131lmas\u0131 sah\u0259l\u0259rind\u0259 m&uuml;h&uuml;m elmi-texniki n\u0259tic\u0259l\u0259r \u0259ld\u0259 etmi\u015fdir. H\u0259min n\u0259tic\u0259l\u0259rd\u0259n yar\u0131mke&ccedil;iricil\u0259rd\u0259 v\u0259 dielektrikl\u0259rd\u0259 q&uuml;vv\u0259tli sah\u0259d\u0259 elektrikke&ccedil;irm\u0259nin n\u0259z\u0259ri \u0259sasland\u0131r\u0131lmas\u0131 v\u0259 nadir torpaq elementl\u0259rinin atomdaxili elektron ke&ccedil;idl\u0259rinin hesablanmas\u0131 zaman\u0131 geni\u015f istifad\u0259 olunmu\u015fdur. Alimin r\u0259hb\u0259rliyi alt\u0131nda elektromaqnit \u015f&uuml;alar\u0131 il\u0259 idar\u0259 olunan yadda\u015f elementl\u0259ri, y&uuml;ks\u0259k modulyasiya \u0259msall\u0131 q\u0259buledicil\u0259r, fotodiodlar v\u0259 dig\u0259r &ccedil;eviricil\u0259r yarad\u0131l\u0131b t\u0259tbiq edilmi\u015fdir.<\/p>\n<p>Bahad\u0131r Ta\u011f\u0131yev &ouml;lk\u0259mizd\u0259 v\u0259 onun h&uuml;dudlar\u0131ndan k\u0259narda i\u015f\u0131q &uuml;z&uuml; g&ouml;rm&uuml;\u015f 350-d\u0259n art\u0131q elmi \u0259s\u0259rin, &ccedil;ox sayda m&uuml;\u0259lliflik \u015f\u0259had\u0259tnam\u0259si v\u0259 patentl\u0259rin m&uuml;\u0259llifidir. Onun r\u0259hb\u0259rliyi il\u0259 40-a yax\u0131n f\u0259ls\u0259f\u0259 doktoru v\u0259 elml\u0259r doktoru yeti\u015fdirilmi\u015fdir. Beyn\u0259lxalq simpozium, konfrans v\u0259 forumlardak\u0131 &ccedil;\u0131x\u0131\u015flar\u0131 il\u0259 Az\u0259rbaycan elmini u\u011furla t\u0259msil ed\u0259n Bahad\u0131r Ta\u011f\u0131yevin fundamental ara\u015fd\u0131rmalar\u0131n\u0131 bir s\u0131ra &ouml;lk\u0259l\u0259rin m&ouml;t\u0259b\u0259r elmi dair\u0259l\u0259ri y&uuml;ks\u0259k d\u0259y\u0259rl\u0259ndirmi\u015fdir.<\/p>\n<p>Akademik Bahad\u0131r Ta\u011f\u0131yevin elmi, elmi-t\u0259\u015fkilat&ccedil;\u0131l\u0131q v\u0259 pedaqoji f\u0259aliyy\u0259ti d&ouml;vl\u0259t t\u0259r\u0259find\u0259n layiqinc\u0259 qiym\u0259tl\u0259ndirilmi\u015fdir. O, 1988-ci ild\u0259 Az\u0259rbaycan Respublikas\u0131n\u0131n D&ouml;vl\u0259t M&uuml;kafat\u0131n\u0131 alm\u0131\u015f, 2005-ci ild\u0259 &ldquo;\u015e&ouml;hr\u0259t&rdquo; ordeni il\u0259 t\u0259ltif olunmu\u015f, 2018-ci ild\u0259 \u018fm\u0259kdar elm xadimi f\u0259xri ad\u0131na layiq g&ouml;r&uuml;lm&uuml;\u015fd&uuml;r.<\/p>\n<p>Tan\u0131nm\u0131\u015f alim, bacar\u0131ql\u0131 elm t\u0259\u015fkilat&ccedil;\u0131s\u0131 v\u0259 pedaqoq Bahad\u0131r H&uuml;seyn o\u011flu Ta\u011f\u0131yevin xatir\u0259si onu tan\u0131yanlar\u0131n q\u0259lbind\u0259 daim ya\u015fayacaqd\u0131r.<\/p>\n<p>Allah r\u0259hm\u0259t el\u0259sin!&quot;<\/p>\n<p>Nekroloqu imzalay\u0131blar:<\/p>\n<p>\u0130lham \u018fliyev<br \/>\nMehriban \u018fliyeva<br \/>\n\u018fli \u018fs\u0259dov<br \/>\nOqtay \u018fs\u0259dov<br \/>\nSamir Nuriyev<br \/>\nEldar \u018fzizov<br \/>\nF\u0259r\u0259h \u018fliyeva<br \/>\nRamiz Mehdiyev<br \/>\nCeyhun Bayramov<br \/>\nArif Pa\u015fayev<br \/>\n\u0130brahim Quliyev<br \/>\nNazim M\u0259mm\u0259dov<br \/>\nCavad Abdinov<br \/>\nTelman \u018fliyev.<\/p>\n<p>&nbsp;<\/p>\n","protected":false},"excerpt":{"rendered":"<p>Prezident \u0130lham \u018fliyev akademik Bahad\u0131r Ta\u011f\u0131yevin v\u0259fat\u0131 il\u0259 \u0259laq\u0259dar nekroloq imzalay\u0131b. Nekroloqda deyilir: &quot;Az\u0259rbaycan elmi ictimaiyy\u0259tin\u0259 a\u011f\u0131r itki &uuml;z vermi\u015fdir. Fizika sah\u0259sind\u0259 tan\u0131nm\u0131\u015f alim, Az\u0259rbaycan Respublikas\u0131n\u0131n D&ouml;vl\u0259t M&uuml;kafat\u0131 laureat\u0131, \u018fm\u0259kdar&hellip;<\/p>\n","protected":false},"author":1,"featured_media":251278,"comment_status":"open","ping_status":"open","sticky":false,"template":"","format":"standard","meta":{"_lmt_disableupdate":"","_lmt_disable":"","footnotes":""},"categories":[],"tags":[],"class_list":["post-90984","post","type-post","status-publish","format-standard","has-post-thumbnail","hentry"],"_links":{"self":[{"href":"https:\/\/ucnoqta.az\/index.php?rest_route=\/wp\/v2\/posts\/90984","targetHints":{"allow":["GET"]}}],"collection":[{"href":"https:\/\/ucnoqta.az\/index.php?rest_route=\/wp\/v2\/posts"}],"about":[{"href":"https:\/\/ucnoqta.az\/index.php?rest_route=\/wp\/v2\/types\/post"}],"author":[{"embeddable":true,"href":"https:\/\/ucnoqta.az\/index.php?rest_route=\/wp\/v2\/users\/1"}],"replies":[{"embeddable":true,"href":"https:\/\/ucnoqta.az\/index.php?rest_route=%2Fwp%2Fv2%2Fcomments&post=90984"}],"version-history":[{"count":0,"href":"https:\/\/ucnoqta.az\/index.php?rest_route=\/wp\/v2\/posts\/90984\/revisions"}],"wp:featuredmedia":[{"embeddable":true,"href":"https:\/\/ucnoqta.az\/index.php?rest_route=\/wp\/v2\/media\/251278"}],"wp:attachment":[{"href":"https:\/\/ucnoqta.az\/index.php?rest_route=%2Fwp%2Fv2%2Fmedia&parent=90984"}],"wp:term":[{"taxonomy":"category","embeddable":true,"href":"https:\/\/ucnoqta.az\/index.php?rest_route=%2Fwp%2Fv2%2Fcategories&post=90984"},{"taxonomy":"post_tag","embeddable":true,"href":"https:\/\/ucnoqta.az\/index.php?rest_route=%2Fwp%2Fv2%2Ftags&post=90984"}],"curies":[{"name":"wp","href":"https:\/\/api.w.org\/{rel}","templated":true}]}}