{"id":90982,"date":"2020-01-07T16:32:35","date_gmt":"2020-01-07T12:32:35","guid":{"rendered":""},"modified":"-0001-11-30T00:00:00","modified_gmt":"-0001-11-29T20:00:00","slug":"","status":"publish","type":"post","link":"https:\/\/ucnoqta.az\/?p=90982","title":{"rendered":"M\u0259zahir P\u0259nahov: \u00c7al\u0131\u015f\u0131r\u0131q ki, b\u00fct\u00fcn m\u0259s\u0259l\u0259l\u0259ri namiz\u0259din xeyrin\u0259 h\u0259ll ed\u0259k"},"content":{"rendered":"<p><strong>Biz &ccedil;al\u0131\u015f\u0131r\u0131q ki, b&uuml;t&uuml;n m\u0259s\u0259l\u0259l\u0259ri namiz\u0259din xeyrin\u0259 h\u0259ll ed\u0259k.<\/strong><\/p>\n<p>\nBunu M\u0259rk\u0259zi Se&ccedil;ki Komissiyas\u0131n\u0131n (MSK) s\u0259dri M\u0259zahir P\u0259nahov komissiyan\u0131n bu g&uuml;n ke&ccedil;iril\u0259n iclas\u0131nda deyib.<\/p>\n<p>M.P\u0259nahov bildirib ki, b\u0259zi m\u0259s\u0259l\u0259l\u0259r var ki, buna m\u0259hz namiz\u0259d m\u0259suliyy\u0259t da\u015f\u0131y\u0131r: &ldquo;Deputatl\u0131\u011fa namiz\u0259dliyini ir\u0259li s&uuml;rm&uuml;\u015f Az\u0259rbaycan v\u0259t\u0259nda\u015flar\u0131 &ouml;z \u0259mlak\u0131 bar\u0259d\u0259 m\u0259lumat verm\u0259lidir, \u0259mlak\u0131n\u0131 gizl\u0259tm\u0259m\u0259lidir&rdquo;.<\/p>\n<p>M.P\u0259nahov deyib ki, \u0259mlak v\u0259 g\u0259lirl\u0259rin a&ccedil;\u0131qlanmas\u0131 Se&ccedil;ki M\u0259c\u0259ll\u0259sinin t\u0259l\u0259bidir: &ldquo;Dair\u0259 se&ccedil;ki komissiyalar\u0131n\u0131n namiz\u0259dliyini ir\u0259li s&uuml;rm&uuml;\u015f \u015f\u0259xs\u0259 bu bar\u0259d\u0259 m\u0259lumat verm\u0259k &ouml;hd\u0259liyi yoxdur. Namz\u0259dliyini ir\u0259li s&uuml;rm&uuml;\u015f \u015f\u0259xsl\u0259r bu bar\u0259d\u0259 &ouml;zl\u0259ri m\u0259lumat verm\u0259lidirl\u0259r&rdquo;.\/trend<\/p>\n","protected":false},"excerpt":{"rendered":"<p>Biz &ccedil;al\u0131\u015f\u0131r\u0131q ki, b&uuml;t&uuml;n m\u0259s\u0259l\u0259l\u0259ri namiz\u0259din xeyrin\u0259 h\u0259ll ed\u0259k. Bunu M\u0259rk\u0259zi Se&ccedil;ki Komissiyas\u0131n\u0131n (MSK) s\u0259dri M\u0259zahir P\u0259nahov komissiyan\u0131n bu g&uuml;n ke&ccedil;iril\u0259n iclas\u0131nda deyib. M.P\u0259nahov bildirib ki, b\u0259zi m\u0259s\u0259l\u0259l\u0259r var ki,&hellip;<\/p>\n","protected":false},"author":1,"featured_media":251278,"comment_status":"open","ping_status":"open","sticky":false,"template":"","format":"standard","meta":{"_lmt_disableupdate":"","_lmt_disable":"","footnotes":""},"categories":[],"tags":[],"class_list":["post-90982","post","type-post","status-publish","format-standard","has-post-thumbnail","hentry"],"_links":{"self":[{"href":"https:\/\/ucnoqta.az\/index.php?rest_route=\/wp\/v2\/posts\/90982","targetHints":{"allow":["GET"]}}],"collection":[{"href":"https:\/\/ucnoqta.az\/index.php?rest_route=\/wp\/v2\/posts"}],"about":[{"href":"https:\/\/ucnoqta.az\/index.php?rest_route=\/wp\/v2\/types\/post"}],"author":[{"embeddable":true,"href":"https:\/\/ucnoqta.az\/index.php?rest_route=\/wp\/v2\/users\/1"}],"replies":[{"embeddable":true,"href":"https:\/\/ucnoqta.az\/index.php?rest_route=%2Fwp%2Fv2%2Fcomments&post=90982"}],"version-history":[{"count":0,"href":"https:\/\/ucnoqta.az\/index.php?rest_route=\/wp\/v2\/posts\/90982\/revisions"}],"wp:featuredmedia":[{"embeddable":true,"href":"https:\/\/ucnoqta.az\/index.php?rest_route=\/wp\/v2\/media\/251278"}],"wp:attachment":[{"href":"https:\/\/ucnoqta.az\/index.php?rest_route=%2Fwp%2Fv2%2Fmedia&parent=90982"}],"wp:term":[{"taxonomy":"category","embeddable":true,"href":"https:\/\/ucnoqta.az\/index.php?rest_route=%2Fwp%2Fv2%2Fcategories&post=90982"},{"taxonomy":"post_tag","embeddable":true,"href":"https:\/\/ucnoqta.az\/index.php?rest_route=%2Fwp%2Fv2%2Ftags&post=90982"}],"curies":[{"name":"wp","href":"https:\/\/api.w.org\/{rel}","templated":true}]}}