{"id":90979,"date":"2020-01-07T16:14:59","date_gmt":"2020-01-07T12:14:59","guid":{"rendered":""},"modified":"-0001-11-30T00:00:00","modified_gmt":"-0001-11-29T20:00:00","slug":"","status":"publish","type":"post","link":"https:\/\/ucnoqta.az\/?p=90979","title":{"rendered":"SABAH qruplar\u0131nda i\u015fl\u0259m\u0259k ist\u0259y\u0259n m\u00fc\u0259lliml\u0259r \u00fc\u00e7\u00fcn m\u00fcsabiq\u0259 elan edildi"},"content":{"rendered":"<p><strong>T\u0259hsil Nazirliyinin SABAH qruplar\u0131nda 2019-2020-ci t\u0259dris ilinin yaz semestrind\u0259 m&uuml;xt\u0259lif f\u0259nl\u0259rin t\u0259drisini aparmaq m\u0259qs\u0259dil\u0259 professor-m&uuml;\u0259llim hey\u0259ti v\u0259 m&uuml;t\u0259x\u0259ssisl\u0259rin i\u015f\u0259 q\u0259bulu il\u0259 \u0259laq\u0259dar m&uuml;sabiq\u0259 elan edilib.<\/strong><\/p>\n<p>Nazirlikd\u0259n veril\u0259n m\u0259lumata g&ouml;r\u0259, m&uuml;sabiq\u0259d\u0259 magistr d\u0259r\u0259c\u0259si, y&uuml;ks\u0259k s\u0259viyy\u0259d\u0259 \u0130KT v\u0259 sah\u0259 bilikl\u0259ri olan, innovativ t\u0259dris metodlar\u0131ndan istifad\u0259 ed\u0259 bil\u0259n, eyni zamanda m&uuml;asir pedaqoji yana\u015fmalara malik, dinamik, pozitiv v\u0259 &uuml;nsiyy\u0259tcil namiz\u0259dl\u0259r i\u015ftirak ed\u0259 bil\u0259rl\u0259r.<\/p>\n<p>Qeyd edil\u0259n t\u0259l\u0259bl\u0259r\u0259 cavab ver\u0259n namiz\u0259dl\u0259r yanvar\u0131n 15-d\u0259k m&uuml;raci\u0259t formas\u0131n\u0131 doldurmal\u0131d\u0131rlar. M&uuml;vafiq f\u0259nl\u0259r &uuml;zr\u0259 vakant yerl\u0259rin siyah\u0131s\u0131 m&uuml;raci\u0259t formas\u0131nda qeyd edilib. H\u0259r bir namiz\u0259d ixtisas\u0131na uy\u011fun vakant yerl\u0259r &uuml;zr\u0259 \u0259n &ccedil;oxu iki f\u0259nn &uuml;&ccedil;&uuml;n m&uuml;raci\u0259t ed\u0259 bil\u0259r.\/trend<\/p>\n<p>&nbsp;<\/p>\n","protected":false},"excerpt":{"rendered":"<p>T\u0259hsil Nazirliyinin SABAH qruplar\u0131nda 2019-2020-ci t\u0259dris ilinin yaz semestrind\u0259 m&uuml;xt\u0259lif f\u0259nl\u0259rin t\u0259drisini aparmaq m\u0259qs\u0259dil\u0259 professor-m&uuml;\u0259llim hey\u0259ti v\u0259 m&uuml;t\u0259x\u0259ssisl\u0259rin i\u015f\u0259 q\u0259bulu il\u0259 \u0259laq\u0259dar m&uuml;sabiq\u0259 elan edilib. Nazirlikd\u0259n veril\u0259n m\u0259lumata g&ouml;r\u0259, m&uuml;sabiq\u0259d\u0259&hellip;<\/p>\n","protected":false},"author":1,"featured_media":251278,"comment_status":"open","ping_status":"open","sticky":false,"template":"","format":"standard","meta":{"_lmt_disableupdate":"","_lmt_disable":"","footnotes":""},"categories":[],"tags":[],"class_list":["post-90979","post","type-post","status-publish","format-standard","has-post-thumbnail","hentry"],"_links":{"self":[{"href":"https:\/\/ucnoqta.az\/index.php?rest_route=\/wp\/v2\/posts\/90979","targetHints":{"allow":["GET"]}}],"collection":[{"href":"https:\/\/ucnoqta.az\/index.php?rest_route=\/wp\/v2\/posts"}],"about":[{"href":"https:\/\/ucnoqta.az\/index.php?rest_route=\/wp\/v2\/types\/post"}],"author":[{"embeddable":true,"href":"https:\/\/ucnoqta.az\/index.php?rest_route=\/wp\/v2\/users\/1"}],"replies":[{"embeddable":true,"href":"https:\/\/ucnoqta.az\/index.php?rest_route=%2Fwp%2Fv2%2Fcomments&post=90979"}],"version-history":[{"count":0,"href":"https:\/\/ucnoqta.az\/index.php?rest_route=\/wp\/v2\/posts\/90979\/revisions"}],"wp:featuredmedia":[{"embeddable":true,"href":"https:\/\/ucnoqta.az\/index.php?rest_route=\/wp\/v2\/media\/251278"}],"wp:attachment":[{"href":"https:\/\/ucnoqta.az\/index.php?rest_route=%2Fwp%2Fv2%2Fmedia&parent=90979"}],"wp:term":[{"taxonomy":"category","embeddable":true,"href":"https:\/\/ucnoqta.az\/index.php?rest_route=%2Fwp%2Fv2%2Fcategories&post=90979"},{"taxonomy":"post_tag","embeddable":true,"href":"https:\/\/ucnoqta.az\/index.php?rest_route=%2Fwp%2Fv2%2Ftags&post=90979"}],"curies":[{"name":"wp","href":"https:\/\/api.w.org\/{rel}","templated":true}]}}