{"id":90977,"date":"2020-01-07T15:59:21","date_gmt":"2020-01-07T11:59:21","guid":{"rendered":""},"modified":"-0001-11-30T00:00:00","modified_gmt":"-0001-11-29T20:00:00","slug":"","status":"publish","type":"post","link":"https:\/\/ucnoqta.az\/?p=90977","title":{"rendered":"Ail\u0259si \u201cS\u0259ni Axtar\u0131ram\u201dda N\u0259rminl\u0259 ba\u011fl\u0131 n\u0259 dan\u0131\u015f\u0131b?"},"content":{"rendered":"<p><strong>X\u0259b\u0259r verdiyimiz kimi, &ouml;t\u0259n ilin noyabr\u0131nda itkin d&uuml;\u015f\u0259n 10 ya\u015fl\u0131 N\u0259rminin yanm\u0131\u015f meyiti tap\u0131l\u0131b. N\u0259rmin Quliyevan\u0131n q\u0259tli il\u0259 ba\u011fl\u0131 cinay\u0259t i\u015fi ba\u015flan\u0131lsa da, h\u0259l\u0259 d\u0259 cinay\u0259ti t&ouml;r\u0259tmi\u015f \u015f\u0259xs v\u0259 ya \u015f\u0259xsl\u0259r m&uuml;\u0259yy\u0259n edilm\u0259yib. N\u0259rminin n\u0259n\u0259si Xo\u015fq\u0259d\u0259m Hiday\u0259tq\u0131z\u0131n\u0131n &ldquo;S\u0259ni Axtar\u0131ram&rdquo; verili\u015find\u0259 qonaq olan zaman u\u015fa\u011f\u0131n itkin d&uuml;\u015fm\u0259sind\u0259 \u0259misind\u0259n \u015f&uuml;bh\u0259l\u0259ndiyini bildirib:<\/strong><\/p>\n<p>&ldquo;N\u0259v\u0259m son olaraq \u0259misigil\u0259 g&ouml;d\u0259k&ccedil;\u0259 g\u0259tirm\u0259y\u0259 gedib. M\u0259kt\u0259bd\u0259n g\u0259l\u0259nd\u0259 atas\u0131 deyib ki, \u0259misigil\u0259 getsin. Oradan &ccedil;\u0131xanda \u0259misio\u011flundan g&ouml;d\u0259kc\u0259ni qoymaq &uuml;&ccedil;&uuml;n salafan ist\u0259yib. U\u015faq arxa otaqlarda salafan\u0131 tapana kimi n\u0259v\u0259m yoxa &ccedil;\u0131x\u0131b. Niy\u0259 m\u0259kt\u0259b\u0259 ged\u0259nd\u0259 itm\u0259di, m\u0259nim evimd\u0259n itm\u0259di, el\u0259 \u0259misigild\u0259n itdi?&rdquo;<\/p>\n<p>\u018fmi ittihamlarla raz\u0131 olmayaraq bildirib ki, o da n\u0259n\u0259 v\u0259 n\u0259n\u0259sinin bac\u0131lar\u0131ndan \u015f&uuml;bh\u0259l\u0259nir. &Ccedil;&uuml;nki N\u0259rmin balaca olan vaxt b&ouml;y&uuml;k xalas\u0131 u\u015fa\u011f\u0131 T&uuml;rkiy\u0259y\u0259 apar\u0131b b&ouml;y&uuml;tm\u0259k ist\u0259yib.<\/p>\n<p>N\u0259n\u0259 buna cavab olaraq bildirib ki, haz\u0131rda bac\u0131s\u0131n\u0131n T&uuml;rkiy\u0259y\u0259 gedi\u015fin\u0259 m&uuml;v\u0259qq\u0259ti qada\u011fa qoyulub:<br \/>\n&ldquo;Bac\u0131m\u0131n u\u015fa\u011f\u0131 yox idi, o vaxt dedi ki, ver u\u015fa\u011f\u0131 apar\u0131b, saxlay\u0131m. M\u0259n verm\u0259dim. Bac\u0131m 27 noyabra T&uuml;rkiy\u0259y\u0259 bilet alm\u0131\u015fd\u0131. Atas\u0131 \u015e\u0259rif polis b&ouml;lm\u0259sind\u0259 iddia etdi ki, q\u0131z\u0131n\u0131 o o\u011furlay\u0131b apar\u0131r v\u0259 bac\u0131m\u0131n T&uuml;rkiy\u0259y\u0259 getm\u0259sin\u0259 m&uuml;v\u0259qq\u0259ti qada\u011fa qoyulub&rdquo;.<\/p>\n<p>N\u0259rminin itkin d&uuml;\u015fm\u0259si il\u0259 ba\u011fl\u0131 dig\u0259r bir versiya is\u0259 taksi il\u0259 apar\u0131lmas\u0131d\u0131r. Bel\u0259 ki,&nbsp;atas\u0131 \u015e\u0259rif Quliyev&nbsp;bildirib ki, u\u015fa\u011f\u0131n\u0131n hans\u0131sa ma\u015f\u0131n t\u0259r\u0259find\u0259n g&ouml;t&uuml;r&uuml;l&uuml;b qa&ccedil;\u0131r\u0131ld\u0131\u011f\u0131n\u0131 d&uuml;\u015f&uuml;n&uuml;r:<br \/>\n&ldquo;K\u0259ndd\u0259 mis, kartof, d\u0259mir y\u0131\u011fan ma\u015f\u0131nlar &ccedil;ox olur. K\u0259nardan g\u0259lib y\u0131\u011f\u0131rlar. Dig\u0259r q\u0131z\u0131m \u0259razid\u0259 taksi g&ouml;r&uuml;b, ondan da \u015f&uuml;bh\u0259l\u0259nirik&rdquo;.<\/p>\n<p>Bu zaman studiyaya anonim z\u0259ng vuran xan\u0131m da k\u0259ndd\u0259 taksinin g&ouml;r&uuml;nd&uuml;y&uuml;n&uuml; v\u0259 ba\u015fqa u\u015faqlar\u0131 da mindirib aparmaq ist\u0259diyini deyib.<\/p>\n<p>N\u0259rmini sonuncu d\u0259f\u0259 g&ouml;r\u0259n is\u0259 azya\u015fl\u0131 \u0259misio\u011flu olub. Dediyin\u0259 g&ouml;r\u0259, N\u0259rmin onlara g\u0259l\u0259n zaman \u0259misi Qorxmaz divanda uzanm\u0131\u015fd\u0131, onu salafan tapmaq &uuml;&ccedil;&uuml;n arxa ota\u011fa g&ouml;nd\u0259rib. Otaqlarda salafan tapa bilm\u0259y\u0259n u\u015faq geri qay\u0131dan zaman N\u0259rminin olmad\u0131\u011f\u0131n\u0131 g&ouml;r&uuml;b. Daha sonra \u0259misi onu h\u0259y\u0259t\u0259 karalyok y\u0131\u011fma\u011fa g&ouml;nd\u0259rib.<\/p>\n<p>Qeyd ed\u0259k ki, polisd\u0259n &ldquo;Qafqazinfo&rdquo;ya daxil olan m\u0259lumata g&ouml;r\u0259, u\u015fa\u011f\u0131n yanm\u0131\u015f b\u0259d\u0259ni \u0259misinin evinin yan\u0131ndak\u0131 bo\u015f sah\u0259d\u0259n tap\u0131l\u0131b.<\/p>\n","protected":false},"excerpt":{"rendered":"<p>X\u0259b\u0259r verdiyimiz kimi, &ouml;t\u0259n ilin noyabr\u0131nda itkin d&uuml;\u015f\u0259n 10 ya\u015fl\u0131 N\u0259rminin yanm\u0131\u015f meyiti tap\u0131l\u0131b. N\u0259rmin Quliyevan\u0131n q\u0259tli il\u0259 ba\u011fl\u0131 cinay\u0259t i\u015fi ba\u015flan\u0131lsa da, h\u0259l\u0259 d\u0259 cinay\u0259ti t&ouml;r\u0259tmi\u015f \u015f\u0259xs v\u0259 ya&hellip;<\/p>\n","protected":false},"author":1,"featured_media":251278,"comment_status":"open","ping_status":"open","sticky":false,"template":"","format":"standard","meta":{"_lmt_disableupdate":"","_lmt_disable":"","footnotes":""},"categories":[],"tags":[],"class_list":["post-90977","post","type-post","status-publish","format-standard","has-post-thumbnail","hentry"],"_links":{"self":[{"href":"https:\/\/ucnoqta.az\/index.php?rest_route=\/wp\/v2\/posts\/90977","targetHints":{"allow":["GET"]}}],"collection":[{"href":"https:\/\/ucnoqta.az\/index.php?rest_route=\/wp\/v2\/posts"}],"about":[{"href":"https:\/\/ucnoqta.az\/index.php?rest_route=\/wp\/v2\/types\/post"}],"author":[{"embeddable":true,"href":"https:\/\/ucnoqta.az\/index.php?rest_route=\/wp\/v2\/users\/1"}],"replies":[{"embeddable":true,"href":"https:\/\/ucnoqta.az\/index.php?rest_route=%2Fwp%2Fv2%2Fcomments&post=90977"}],"version-history":[{"count":0,"href":"https:\/\/ucnoqta.az\/index.php?rest_route=\/wp\/v2\/posts\/90977\/revisions"}],"wp:featuredmedia":[{"embeddable":true,"href":"https:\/\/ucnoqta.az\/index.php?rest_route=\/wp\/v2\/media\/251278"}],"wp:attachment":[{"href":"https:\/\/ucnoqta.az\/index.php?rest_route=%2Fwp%2Fv2%2Fmedia&parent=90977"}],"wp:term":[{"taxonomy":"category","embeddable":true,"href":"https:\/\/ucnoqta.az\/index.php?rest_route=%2Fwp%2Fv2%2Fcategories&post=90977"},{"taxonomy":"post_tag","embeddable":true,"href":"https:\/\/ucnoqta.az\/index.php?rest_route=%2Fwp%2Fv2%2Ftags&post=90977"}],"curies":[{"name":"wp","href":"https:\/\/api.w.org\/{rel}","templated":true}]}}