{"id":90976,"date":"2020-01-07T15:56:52","date_gmt":"2020-01-07T11:56:52","guid":{"rendered":""},"modified":"-0001-11-30T00:00:00","modified_gmt":"-0001-11-29T20:00:00","slug":"","status":"publish","type":"post","link":"https:\/\/ucnoqta.az\/?p=90976","title":{"rendered":"\u0130ranl\u0131 general\u0131n d\u0259fn m\u0259rasimind\u0259 \u00f6l\u0259nl\u0259rin say\u0131 40-a \u00e7at\u0131b"},"content":{"rendered":"<p><strong>\u0130ran\u0131n c\u0259nub-\u015f\u0259rqind\u0259 yerl\u0259\u015f\u0259n Kirman vilay\u0259tind\u0259 ke&ccedil;iril\u0259n iranl\u0131 general\u0131n d\u0259fn m\u0259rasimind\u0259 bir qrup insan h\u0259lak olub.<\/strong><\/p>\n<p>Bunu \u0130ran\u0131n T\u0259cili Yard\u0131m T\u0259\u015fkilat\u0131n\u0131n s\u0259dri Pirh&uuml;seyn Kuliv\u0259nd deyib.<\/p>\n<p>Bu bar\u0259d\u0259 Trend t\u0259\u015fkilat\u0131n informasiya portal\u0131na istinad\u0259n m\u0259lumat verib.<\/p>\n<p>P.Kuliv\u0259ndin s&ouml;zl\u0259rin\u0259 g&ouml;r\u0259, izdiham n\u0259tic\u0259sind\u0259 yaralananlar t\u0259cili yard\u0131m ma\u015f\u0131nlar\u0131n il\u0259 m&uuml;alic\u0259 m\u0259rk\u0259zl\u0259rin\u0259 &ccedil;atd\u0131r\u0131l\u0131blar.<\/p>\n<p>Kuliv\u0259nd \u0259lav\u0259 edib ki, hadis\u0259nin ba\u015f verm\u0259 s\u0259b\u0259bl\u0259ri ara\u015fd\u0131r\u0131l\u0131r. Onun s&ouml;zl\u0259rin\u0259 g&ouml;r\u0259, 40 n\u0259f\u0259r h\u0259lak olub, 213 n\u0259f\u0259r yaralan\u0131b.<\/p>\n<p>Bundan \u0259vv\u0259l &ouml;l\u0259nl\u0259rin say\u0131n\u0131n 32, yaral\u0131lar\u0131n say\u0131n\u0131n is\u0259 190 n\u0259f\u0259r oldu\u011fu bildirilmi\u015fdi.<\/p>\n<p>&nbsp;<\/p>\n","protected":false},"excerpt":{"rendered":"<p>\u0130ran\u0131n c\u0259nub-\u015f\u0259rqind\u0259 yerl\u0259\u015f\u0259n Kirman vilay\u0259tind\u0259 ke&ccedil;iril\u0259n iranl\u0131 general\u0131n d\u0259fn m\u0259rasimind\u0259 bir qrup insan h\u0259lak olub. Bunu \u0130ran\u0131n T\u0259cili Yard\u0131m T\u0259\u015fkilat\u0131n\u0131n s\u0259dri Pirh&uuml;seyn Kuliv\u0259nd deyib. Bu bar\u0259d\u0259 Trend t\u0259\u015fkilat\u0131n informasiya portal\u0131na&hellip;<\/p>\n","protected":false},"author":1,"featured_media":251278,"comment_status":"open","ping_status":"open","sticky":false,"template":"","format":"standard","meta":{"_lmt_disableupdate":"","_lmt_disable":"","footnotes":""},"categories":[89],"tags":[],"class_list":["post-90976","post","type-post","status-publish","format-standard","has-post-thumbnail","hentry","category-dunya-butun-xeberler"],"_links":{"self":[{"href":"https:\/\/ucnoqta.az\/index.php?rest_route=\/wp\/v2\/posts\/90976","targetHints":{"allow":["GET"]}}],"collection":[{"href":"https:\/\/ucnoqta.az\/index.php?rest_route=\/wp\/v2\/posts"}],"about":[{"href":"https:\/\/ucnoqta.az\/index.php?rest_route=\/wp\/v2\/types\/post"}],"author":[{"embeddable":true,"href":"https:\/\/ucnoqta.az\/index.php?rest_route=\/wp\/v2\/users\/1"}],"replies":[{"embeddable":true,"href":"https:\/\/ucnoqta.az\/index.php?rest_route=%2Fwp%2Fv2%2Fcomments&post=90976"}],"version-history":[{"count":0,"href":"https:\/\/ucnoqta.az\/index.php?rest_route=\/wp\/v2\/posts\/90976\/revisions"}],"wp:featuredmedia":[{"embeddable":true,"href":"https:\/\/ucnoqta.az\/index.php?rest_route=\/wp\/v2\/media\/251278"}],"wp:attachment":[{"href":"https:\/\/ucnoqta.az\/index.php?rest_route=%2Fwp%2Fv2%2Fmedia&parent=90976"}],"wp:term":[{"taxonomy":"category","embeddable":true,"href":"https:\/\/ucnoqta.az\/index.php?rest_route=%2Fwp%2Fv2%2Fcategories&post=90976"},{"taxonomy":"post_tag","embeddable":true,"href":"https:\/\/ucnoqta.az\/index.php?rest_route=%2Fwp%2Fv2%2Ftags&post=90976"}],"curies":[{"name":"wp","href":"https:\/\/api.w.org\/{rel}","templated":true}]}}