{"id":90973,"date":"2020-01-07T15:15:18","date_gmt":"2020-01-07T11:15:18","guid":{"rendered":""},"modified":"-0001-11-30T00:00:00","modified_gmt":"-0001-11-29T20:00:00","slug":"","status":"publish","type":"post","link":"https:\/\/ucnoqta.az\/?p=90973","title":{"rendered":"Yanvar\u0131n 17-d\u0259 m\u0259kt\u0259bl\u0259rd\u0259 x\u00fcsusi d\u0259rsl\u0259r ke\u00e7iril\u0259c\u0259k"},"content":{"rendered":"<p><strong>&ldquo;20 Yanvar faci\u0259sinin otuzuncu ild&ouml;n&uuml;m&uuml; il\u0259 ba\u011fl\u0131 T\u0259dbirl\u0259r Plan\u0131&rdquo;n\u0131n t\u0259sdiq edilm\u0259si bar\u0259d\u0259 Bak\u0131 \u015e\u0259h\u0259ri &uuml;zr\u0259 T\u0259hsil \u0130dar\u0259sinin \u0259mri imzalan\u0131b.<\/strong><\/p>\n<p>\n\u0130dar\u0259d\u0259n Trend-\u0259 veril\u0259n m\u0259lumata g&ouml;r\u0259, \u0259mr\u0259 \u0259sas\u0259n, yanvar\u0131n 17-d\u0259 &uuml;mumi t\u0259hsil m&uuml;\u0259ssis\u0259l\u0259rind\u0259 20 Yanvar-&Uuml;mumxalq H&uuml;zn G&uuml;n&uuml;n\u0259 h\u0259sr olunmu\u015f x&uuml;susi d\u0259rsl\u0259r ke&ccedil;iril\u0259c\u0259k.<\/p>\n<p>H\u0259m&ccedil;inin &uuml;mumi t\u0259hsil m\u0259kt\u0259bl\u0259rind\u0259 20 Yanvar faci\u0259sinin otuzuncu ild&ouml;n&uuml;m&uuml; il\u0259 ba\u011fl\u0131 m&uuml;hazir\u0259, seminar, x&uuml;susi toplant\u0131, &ldquo;D\u0259yirmi masa&rdquo; v\u0259 konfranslar\u0131n t\u0259\u015fkili n\u0259z\u0259rd\u0259 tutulur.<\/p>\n<p>Bundan \u0259lav\u0259, 20 Yanvar hadis\u0259l\u0259rind\u0259n b\u0259hs ed\u0259n kitab, foto v\u0259 \u015fagirdl\u0259rin \u0259l i\u015fl\u0259rind\u0259n ibar\u0259t r\u0259sm s\u0259rgil\u0259ri ke&ccedil;iril\u0259c\u0259k, \u0259d\u0259bi-b\u0259dii kompozisiyalar n&uuml;mayi\u015f olunacaq.<\/p>\n<p>Eyni zamanda, t\u0259hsil m&uuml;\u0259ssis\u0259l\u0259rinin m&uuml;\u0259llim v\u0259 \u015fagird kollektivi \u015f\u0259hidl\u0259rin xatir\u0259sin\u0259 ucald\u0131lm\u0131\u015f abid\u0259l\u0259r\u0259, \u015e\u0259hidl\u0259r xiyaban\u0131na ziyar\u0259t ed\u0259c\u0259kl\u0259r.<\/p>\n<p>Qeyd olunan t\u0259dbirl\u0259rin ke&ccedil;irilm\u0259si \u015fagirdl\u0259rd\u0259 V\u0259t\u0259n\u0259 m\u0259h\u0259bb\u0259t hissinin daha da m&ouml;hk\u0259ml\u0259ndirilm\u0259si, onlar\u0131n V\u0259t\u0259n\u0259 layiqli &ouml;vlad kimi yeti\u015fdirilm\u0259si v\u0259 \u0259sil v\u0259t\u0259nda\u015f m&ouml;vqeyinin m\u0259kt\u0259blil\u0259r\u0259 a\u015f\u0131lanmas\u0131 m\u0259qs\u0259dl\u0259rin\u0259 xidm\u0259t edir.<\/p>\n","protected":false},"excerpt":{"rendered":"<p>&ldquo;20 Yanvar faci\u0259sinin otuzuncu ild&ouml;n&uuml;m&uuml; il\u0259 ba\u011fl\u0131 T\u0259dbirl\u0259r Plan\u0131&rdquo;n\u0131n t\u0259sdiq edilm\u0259si bar\u0259d\u0259 Bak\u0131 \u015e\u0259h\u0259ri &uuml;zr\u0259 T\u0259hsil \u0130dar\u0259sinin \u0259mri imzalan\u0131b. \u0130dar\u0259d\u0259n Trend-\u0259 veril\u0259n m\u0259lumata g&ouml;r\u0259, \u0259mr\u0259 \u0259sas\u0259n, yanvar\u0131n 17-d\u0259 &uuml;mumi t\u0259hsil&hellip;<\/p>\n","protected":false},"author":1,"featured_media":251278,"comment_status":"open","ping_status":"open","sticky":false,"template":"","format":"standard","meta":{"_lmt_disableupdate":"","_lmt_disable":"","footnotes":""},"categories":[],"tags":[],"class_list":["post-90973","post","type-post","status-publish","format-standard","has-post-thumbnail","hentry"],"_links":{"self":[{"href":"https:\/\/ucnoqta.az\/index.php?rest_route=\/wp\/v2\/posts\/90973","targetHints":{"allow":["GET"]}}],"collection":[{"href":"https:\/\/ucnoqta.az\/index.php?rest_route=\/wp\/v2\/posts"}],"about":[{"href":"https:\/\/ucnoqta.az\/index.php?rest_route=\/wp\/v2\/types\/post"}],"author":[{"embeddable":true,"href":"https:\/\/ucnoqta.az\/index.php?rest_route=\/wp\/v2\/users\/1"}],"replies":[{"embeddable":true,"href":"https:\/\/ucnoqta.az\/index.php?rest_route=%2Fwp%2Fv2%2Fcomments&post=90973"}],"version-history":[{"count":0,"href":"https:\/\/ucnoqta.az\/index.php?rest_route=\/wp\/v2\/posts\/90973\/revisions"}],"wp:featuredmedia":[{"embeddable":true,"href":"https:\/\/ucnoqta.az\/index.php?rest_route=\/wp\/v2\/media\/251278"}],"wp:attachment":[{"href":"https:\/\/ucnoqta.az\/index.php?rest_route=%2Fwp%2Fv2%2Fmedia&parent=90973"}],"wp:term":[{"taxonomy":"category","embeddable":true,"href":"https:\/\/ucnoqta.az\/index.php?rest_route=%2Fwp%2Fv2%2Fcategories&post=90973"},{"taxonomy":"post_tag","embeddable":true,"href":"https:\/\/ucnoqta.az\/index.php?rest_route=%2Fwp%2Fv2%2Ftags&post=90973"}],"curies":[{"name":"wp","href":"https:\/\/api.w.org\/{rel}","templated":true}]}}