{"id":90956,"date":"2020-01-07T10:45:10","date_gmt":"2020-01-07T06:45:10","guid":{"rendered":""},"modified":"-0001-11-30T00:00:00","modified_gmt":"-0001-11-29T20:00:00","slug":"","status":"publish","type":"post","link":"https:\/\/ucnoqta.az\/?p=90956","title":{"rendered":"Yand\u0131r\u0131lan 10 ya\u015fl\u0131 q\u0131z\u0131n atas\u0131 dan\u0131\u015fd\u0131:<font color=red><b> \u201cMeyiti yerind\u0259n t\u0259rp\u0259tm\u0259mi\u015fik\u201d<\/b><\/font>"},"content":{"rendered":"<p><strong>X\u0259b\u0259r verdiyimiz kimi, &ouml;t\u0259n il Tovuz rayonununda itkin d&uuml;\u015fm&uuml;\u015f 10 ya\u015fl\u0131 N\u0259rmin \u015e\u0259rif q\u0131z\u0131 Quliyevan\u0131n meyiti Dondar Qu\u015f&ccedil;u k\u0259nd \u0259razisind\u0259ki bo\u015f sah\u0259d\u0259 yand\u0131r\u0131lm\u0131\u015f halda a\u015fkarlan\u0131b.<\/strong><\/p>\n<p>&Ccedil;\u0259tin d\u0259 olsa, hadi\u0259sinin t\u0259f\u0259rr&uuml;at\u0131 bar\u0259d\u0259 N\u0259rminin atas\u0131 \u015e\u0259rif Quliyevl\u0259 h\u0259ms&ouml;hb\u0259t olduq.<\/p>\n<p>Modern.az-a a&ccedil;\u0131qlamas\u0131nda haz\u0131rda hadis\u0259 yerind\u0259 oldu\u011funu dey\u0259n \u015e\u0259rif Quliyev ba\u015f ver\u0259nl\u0259r\u0259 h\u0259l\u0259 d\u0259 inanmad\u0131\u011f\u0131n\u0131 bildirib:<br \/>\n&ldquo;Haz\u0131rda hadis\u0259 yerind\u0259yik. Bak\u0131dan ekspert qrupunun g\u0259li\u015fini g&ouml;zl\u0259yirik. B&uuml;t&uuml;n polis \u0259m\u0259kda\u015flar\u0131, r\u0259is, \u0130cra Hakimiyy\u0259tinin n&uuml;may\u0259nd\u0259l\u0259ri, k\u0259nd camaat\u0131 hadis\u0259 yerind\u0259dir. He&ccedil; meyiti yerind\u0259n t\u0259rp\u0259tm\u0259mi\u015fik. Baxd\u0131q, &uuml;st&uuml;nd\u0259ki paltarlar\u0131 yan\u0131b. N\u0259 ba\u015f verdiyini daha detall\u0131 ara\u015fd\u0131rmadan sonra &ouml;yr\u0259n\u0259c\u0259yik&rdquo;.<\/p>\n<p>\u015e.Quliyev qeyd edib ki, qohum-qon\u015fuda \u015f&uuml;bh\u0259l\u0259ndiyi kims\u0259 yoxdur:<br \/>\n&ldquo;Biz kiminl\u0259s\u0259 \u0259dav\u0259ti olan adam deyilik. &Ouml;z hal\u0131m\u0131zda, g&uuml;z\u0259ran\u0131m\u0131zda ya\u015fayan adamlar\u0131q. Hadis\u0259 qarda\u015f\u0131m\u0131n u\u015fa\u011f\u0131n\u0131n toyundan bir g&uuml;n sonra-21 noyabrda olub. G&ouml;d\u0259k&ccedil;\u0259m qarda\u015f\u0131mgild\u0259 qalm\u0131\u015fd\u0131.<\/p>\n<p>&Ouml;z&uuml;m q\u0131z\u0131m\u0131 g&ouml;nd\u0259rdim ki, getsin m\u0259nim g&ouml;d\u0259k&ccedil;\u0259mi g\u0259tirsin. G&ouml;d\u0259k&ccedil;\u0259ni evd\u0259n g&ouml;t&uuml;r&uuml;b k&uuml;&ccedil;\u0259y\u0259 &ccedil;\u0131xandan sonra da yoxa &ccedil;\u0131x\u0131b. M\u0259n bu i\u015fin ax\u0131r\u0131na kimi ged\u0259c\u0259m. Nec\u0259 olur olsun, q\u0131z\u0131ma qar\u015f\u0131 t&ouml;r\u0259dilmi\u015f cinay\u0259tin a\u015fkara &ccedil;\u0131xmas\u0131 &uuml;&ccedil;&uuml;n \u0259limd\u0259n g\u0259l\u0259ni ed\u0259c\u0259m. M\u0259tbuat n&uuml;may\u0259nd\u0259l\u0259rind\u0259n bu i\u015f\u0259 diqq\u0259t yetirm\u0259l\u0259rini xahi\u015f edir\u0259m&rdquo;.<\/p>\n<p>Xat\u0131rladaq ki, 2019-cu ilin noyabr\u0131n 21-d\u0259 itkin d&uuml;\u015f\u0259n Tovuz rayon sakini, 2010-cu il t\u0259v\u0259ll&uuml;dl&uuml; N\u0259rmin \u015e\u0259rif q\u0131z\u0131 Quliyevan\u0131n meyti Dondar Qu\u015f&ccedil;u k\u0259nd \u0259razisind\u0259ki bo\u015f sah\u0259d\u0259 yand\u0131r\u0131lm\u0131\u015f halda a\u015fkarlan\u0131b. Hadis\u0259nin kim t\u0259r\u0259find\u0259n t&ouml;r\u0259dildiyi h\u0259l\u0259lik m\u0259lum deyil.<\/p>\n<p>Faktla ba\u011fl\u0131 Tovuz rayon Prokurorlu\u011fundan Cinay\u0259t M\u0259c\u0259ll\u0259sinin m&uuml;vafiq madd\u0259l\u0259ri il\u0259 cinay\u0259t i\u015fi a&ccedil;\u0131l\u0131b, ara\u015fd\u0131rma apar\u0131l\u0131r.<\/p>\n","protected":false},"excerpt":{"rendered":"<p>X\u0259b\u0259r verdiyimiz kimi, &ouml;t\u0259n il Tovuz rayonununda itkin d&uuml;\u015fm&uuml;\u015f 10 ya\u015fl\u0131 N\u0259rmin \u015e\u0259rif q\u0131z\u0131 Quliyevan\u0131n meyiti Dondar Qu\u015f&ccedil;u k\u0259nd \u0259razisind\u0259ki bo\u015f sah\u0259d\u0259 yand\u0131r\u0131lm\u0131\u015f halda a\u015fkarlan\u0131b. &Ccedil;\u0259tin d\u0259 olsa, hadi\u0259sinin t\u0259f\u0259rr&uuml;at\u0131&hellip;<\/p>\n","protected":false},"author":1,"featured_media":251278,"comment_status":"open","ping_status":"open","sticky":false,"template":"","format":"standard","meta":{"_lmt_disableupdate":"","_lmt_disable":"","footnotes":""},"categories":[],"tags":[],"class_list":["post-90956","post","type-post","status-publish","format-standard","has-post-thumbnail","hentry"],"_links":{"self":[{"href":"https:\/\/ucnoqta.az\/index.php?rest_route=\/wp\/v2\/posts\/90956","targetHints":{"allow":["GET"]}}],"collection":[{"href":"https:\/\/ucnoqta.az\/index.php?rest_route=\/wp\/v2\/posts"}],"about":[{"href":"https:\/\/ucnoqta.az\/index.php?rest_route=\/wp\/v2\/types\/post"}],"author":[{"embeddable":true,"href":"https:\/\/ucnoqta.az\/index.php?rest_route=\/wp\/v2\/users\/1"}],"replies":[{"embeddable":true,"href":"https:\/\/ucnoqta.az\/index.php?rest_route=%2Fwp%2Fv2%2Fcomments&post=90956"}],"version-history":[{"count":0,"href":"https:\/\/ucnoqta.az\/index.php?rest_route=\/wp\/v2\/posts\/90956\/revisions"}],"wp:featuredmedia":[{"embeddable":true,"href":"https:\/\/ucnoqta.az\/index.php?rest_route=\/wp\/v2\/media\/251278"}],"wp:attachment":[{"href":"https:\/\/ucnoqta.az\/index.php?rest_route=%2Fwp%2Fv2%2Fmedia&parent=90956"}],"wp:term":[{"taxonomy":"category","embeddable":true,"href":"https:\/\/ucnoqta.az\/index.php?rest_route=%2Fwp%2Fv2%2Fcategories&post=90956"},{"taxonomy":"post_tag","embeddable":true,"href":"https:\/\/ucnoqta.az\/index.php?rest_route=%2Fwp%2Fv2%2Ftags&post=90956"}],"curies":[{"name":"wp","href":"https:\/\/api.w.org\/{rel}","templated":true}]}}