{"id":90953,"date":"2020-01-07T10:30:47","date_gmt":"2020-01-07T06:30:47","guid":{"rendered":""},"modified":"-0001-11-30T00:00:00","modified_gmt":"-0001-11-29T20:00:00","slug":"","status":"publish","type":"post","link":"https:\/\/ucnoqta.az\/?p=90953","title":{"rendered":"\u00d6t\u0259n il Az\u0259rbaycanda 13 min z\u0259lz\u0259l\u0259 olub"},"content":{"rendered":"<p><strong>&Ouml;t\u0259n ild\u0259 Az\u0259rbaycanda&nbsp;13 min&nbsp;z\u0259lz\u0259l\u0259 qeyd\u0259 al\u0131n\u0131b.<\/strong><\/p>\n<p>Bu bar\u0259d\u0259 &quot;Report&quot;un sor\u011fusuna cavab olaraq&nbsp;Az\u0259rbaycan&nbsp;Milli Elml\u0259r Akademiyas\u0131&nbsp;n\u0259zdind\u0259 Respublika Seysmoloji Xidm\u0259t M\u0259rk\u0259zind\u0259n m\u0259lumat verilib.<\/p>\n<p>Bildirilib ki, yeralt\u0131 t\u0259kanlardan&nbsp;6 min\u0259&nbsp;q\u0259d\u0259ri&nbsp;yerli,&nbsp;7 min\u0259 q\u0259d\u0259ri is\u0259&nbsp;regional z\u0259lz\u0259l\u0259dir:&nbsp;&quot;Az\u0259rbaycan \u0259razisind\u0259&nbsp;ba\u015f ver\u0259n z\u0259lz\u0259l\u0259l\u0259rin 84-n&uuml;n maqnitudas\u0131 3-d\u0259n yuxar\u0131 olub. &Ouml;t\u0259n il Az\u0259rbaycanda \u0259n g&uuml;cl&uuml; z\u0259lz\u0259l\u0259 (5,2 bal g&uuml;c&uuml;nd\u0259)&nbsp;fevral\u0131n 5-d\u0259 \u015eamax\u0131-\u0130smay\u0131l\u0131-A\u011fsu \u0259razisind\u0259 qeyd\u0259 al\u0131n\u0131b. Fevral\u0131n 13-d\u0259 h\u0259min \u0259razid\u0259 daha bir g&uuml;cl&uuml; z\u0259lz\u0259l\u0259 olub. Avqust ay\u0131nda 4,9 bal g&uuml;c&uuml;nd\u0259 daha bir g&uuml;cl&uuml; z\u0259lz\u0259l\u0259 is\u0259 Zaqatalada olub&quot;.<\/p>\n<p>&nbsp;<\/p>\n","protected":false},"excerpt":{"rendered":"<p>&Ouml;t\u0259n ild\u0259 Az\u0259rbaycanda&nbsp;13 min&nbsp;z\u0259lz\u0259l\u0259 qeyd\u0259 al\u0131n\u0131b. Bu bar\u0259d\u0259 &quot;Report&quot;un sor\u011fusuna cavab olaraq&nbsp;Az\u0259rbaycan&nbsp;Milli Elml\u0259r Akademiyas\u0131&nbsp;n\u0259zdind\u0259 Respublika Seysmoloji Xidm\u0259t M\u0259rk\u0259zind\u0259n m\u0259lumat verilib. Bildirilib ki, yeralt\u0131 t\u0259kanlardan&nbsp;6 min\u0259&nbsp;q\u0259d\u0259ri&nbsp;yerli,&nbsp;7 min\u0259 q\u0259d\u0259ri is\u0259&nbsp;regional z\u0259lz\u0259l\u0259dir:&nbsp;&quot;Az\u0259rbaycan \u0259razisind\u0259&nbsp;ba\u015f&hellip;<\/p>\n","protected":false},"author":1,"featured_media":251278,"comment_status":"open","ping_status":"open","sticky":false,"template":"","format":"standard","meta":{"_lmt_disableupdate":"","_lmt_disable":"","footnotes":""},"categories":[101],"tags":[],"class_list":["post-90953","post","type-post","status-publish","format-standard","has-post-thumbnail","hentry","category-cemiyyet"],"_links":{"self":[{"href":"https:\/\/ucnoqta.az\/index.php?rest_route=\/wp\/v2\/posts\/90953","targetHints":{"allow":["GET"]}}],"collection":[{"href":"https:\/\/ucnoqta.az\/index.php?rest_route=\/wp\/v2\/posts"}],"about":[{"href":"https:\/\/ucnoqta.az\/index.php?rest_route=\/wp\/v2\/types\/post"}],"author":[{"embeddable":true,"href":"https:\/\/ucnoqta.az\/index.php?rest_route=\/wp\/v2\/users\/1"}],"replies":[{"embeddable":true,"href":"https:\/\/ucnoqta.az\/index.php?rest_route=%2Fwp%2Fv2%2Fcomments&post=90953"}],"version-history":[{"count":0,"href":"https:\/\/ucnoqta.az\/index.php?rest_route=\/wp\/v2\/posts\/90953\/revisions"}],"wp:featuredmedia":[{"embeddable":true,"href":"https:\/\/ucnoqta.az\/index.php?rest_route=\/wp\/v2\/media\/251278"}],"wp:attachment":[{"href":"https:\/\/ucnoqta.az\/index.php?rest_route=%2Fwp%2Fv2%2Fmedia&parent=90953"}],"wp:term":[{"taxonomy":"category","embeddable":true,"href":"https:\/\/ucnoqta.az\/index.php?rest_route=%2Fwp%2Fv2%2Fcategories&post=90953"},{"taxonomy":"post_tag","embeddable":true,"href":"https:\/\/ucnoqta.az\/index.php?rest_route=%2Fwp%2Fv2%2Ftags&post=90953"}],"curies":[{"name":"wp","href":"https:\/\/api.w.org\/{rel}","templated":true}]}}