{"id":90951,"date":"2020-01-07T10:18:36","date_gmt":"2020-01-07T06:18:36","guid":{"rendered":""},"modified":"-0001-11-30T00:00:00","modified_gmt":"-0001-11-29T20:00:00","slug":"","status":"publish","type":"post","link":"https:\/\/ucnoqta.az\/?p=90951","title":{"rendered":"&#8220;\u0130nterpol&#8221; daha bir az\u0259rbaycanl\u0131 m\u00fchaciri saxlay\u0131b"},"content":{"rendered":"<p><strong>Avropaya s\u0131\u011f\u0131nan daha bir az\u0259rbaycanl\u0131 m&uuml;haciri &quot;\u0130nterpol&quot; saxlay\u0131b.<\/strong><\/p>\n<p>M\u0259lumata g&ouml;r\u0259, az\u0259rbaycanl\u0131 m&uuml;hacir Da\u015fq\u0131n A\u011falarl\u0131 Az\u0259rbaycan polisinin sor\u011fusu \u0259sas\u0131nda &quot;\u0130nterpol&quot; t\u0259r\u0259find\u0259n Pol\u015fan\u0131n Qdansk aeroportunda saxlan\u0131l\u0131b.<\/p>\n<p>Onun Az\u0259rbaycana ekstradisiya edil\u0259c\u0259yi g&ouml;zl\u0259nilir.<\/p>\n<p>Qeyd ed\u0259k ki, &ouml;t\u0259n g&uuml;n Almaniya polisi \u0259cn\u0259bil\u0259r\u0259 qar\u015f\u0131 reyd ke&ccedil;irib. Rostok \u015f\u0259h\u0259r d\u0259miryolu va\u011fzal\u0131nda ke&ccedil;iril\u0259n reyd zaman\u0131 Makedoniya, \u018ffqan\u0131stan, \u0130raq, Suriya, &Ccedil;ili v\u0259 Az\u0259rbaycan v\u0259t\u0259nda\u015flar\u0131 olan 19 \u0259cn\u0259bi saxlan\u0131l\u0131b. Onlar\u0131n s\u0259n\u0259dl\u0259rinin qaydas\u0131nda olmad\u0131\u011f\u0131 m&uuml;\u0259yy\u0259n edilib.<\/p>\n<p>Xat\u0131rladaq ki, &ouml;t\u0259n ilin noyabr ay\u0131nda Almaniyan\u0131n h&uuml;quq-m&uuml;hafiz\u0259 orqanlar\u0131 Az\u0259rbaycan\u0131n m&uuml;xalif\u0259t partiyas\u0131n\u0131n ke&ccedil;mi\u015f &uuml;zvl\u0259rini saxlay\u0131b. Cinay\u0259tkar \u015f\u0259b\u0259k\u0259y\u0259 daxil olan 7 n\u0259f\u0259r h\u0259bs edilib. Cinay\u0259tkar d\u0259st\u0259nin saxlan\u0131lan &uuml;zvl\u0259ri bar\u0259sind\u0259 yerli federal m\u0259hk\u0259m\u0259l\u0259r t\u0259r\u0259find\u0259n 6 ay m&uuml;dd\u0259tin\u0259 h\u0259bs q\u0259timkan t\u0259dbiri se&ccedil;ilib.<\/p>\n<p>Onlar \u018fdliyy\u0259 Nazirliyi Penitensiar Xidm\u0259tinin 9 v\u0259 14 sayl\u0131 m\u0259nt\u0259q\u0259 tipli c\u0259za&ccedil;\u0259km\u0259 m&uuml;\u0259ssis\u0259l\u0259rinin sabiq r\u0259isi El&ccedil;in \u018fkb\u0259rov, M&uuml;savat Partiyas\u0131 Avropa Koordinasiya M\u0259rk\u0259zinin (M&uuml;savat AKM) s\u0259dri, K\u0259lb\u0259c\u0259r rayonunun sabiq icra ba\u015f&ccedil;\u0131s\u0131 \u0130lham H\u0259s\u0259n, M&uuml;savat partiyas\u0131n\u0131n &uuml;zv&uuml;, M&uuml;savat AKM s\u0259drinin m&uuml;avini Mehdi X\u0259lilb\u0259yli, M&uuml;savat AKM-in &uuml;zv&uuml; Abdin Cavadov, sabiq deputat Sabir R&uuml;st\u0259mxanl\u0131n\u0131n qarda\u015f\u0131, &quot;Leqat&quot; inteqrasiya m\u0259rk\u0259zinin r\u0259hb\u0259ri, sabiq polis r\u0259isi \u018fl&ouml;vs\u0259t \u018fliyev, Mehdi X\u0259lilb\u0259ylinin s&uuml;r&uuml;c&uuml;s&uuml; R\u0259\u015fad M\u0259mm\u0259dov, M&uuml;savat Partiyas\u0131n\u0131n &uuml;zv&uuml; El\u015f\u0259n Abdullayevdir.<\/p>\n<p>M\u0259lum olub ki, h\u0259bs edil\u0259nl\u0259r Almaniyada &quot;miqrant alveri&quot; il\u0259 m\u0259\u015f\u011ful olmaqda , o c&uuml;ml\u0259d\u0259n 3-10 min avro aras\u0131 &ouml;d\u0259m\u0259 qar\u015f\u0131l\u0131\u011f\u0131nda insanlar\u0131 qa&ccedil;aq yollarla Almaniyaya aparmaqda \u015f&uuml;bh\u0259li bilinirl\u0259r.\/trend<\/p>\n<p>&nbsp;<\/p>\n","protected":false},"excerpt":{"rendered":"<p>Avropaya s\u0131\u011f\u0131nan daha bir az\u0259rbaycanl\u0131 m&uuml;haciri &quot;\u0130nterpol&quot; saxlay\u0131b. M\u0259lumata g&ouml;r\u0259, az\u0259rbaycanl\u0131 m&uuml;hacir Da\u015fq\u0131n A\u011falarl\u0131 Az\u0259rbaycan polisinin sor\u011fusu \u0259sas\u0131nda &quot;\u0130nterpol&quot; t\u0259r\u0259find\u0259n Pol\u015fan\u0131n Qdansk aeroportunda saxlan\u0131l\u0131b. Onun Az\u0259rbaycana ekstradisiya edil\u0259c\u0259yi g&ouml;zl\u0259nilir. Qeyd&hellip;<\/p>\n","protected":false},"author":1,"featured_media":251278,"comment_status":"open","ping_status":"open","sticky":false,"template":"","format":"standard","meta":{"_lmt_disableupdate":"","_lmt_disable":"","footnotes":""},"categories":[],"tags":[],"class_list":["post-90951","post","type-post","status-publish","format-standard","has-post-thumbnail","hentry"],"_links":{"self":[{"href":"https:\/\/ucnoqta.az\/index.php?rest_route=\/wp\/v2\/posts\/90951","targetHints":{"allow":["GET"]}}],"collection":[{"href":"https:\/\/ucnoqta.az\/index.php?rest_route=\/wp\/v2\/posts"}],"about":[{"href":"https:\/\/ucnoqta.az\/index.php?rest_route=\/wp\/v2\/types\/post"}],"author":[{"embeddable":true,"href":"https:\/\/ucnoqta.az\/index.php?rest_route=\/wp\/v2\/users\/1"}],"replies":[{"embeddable":true,"href":"https:\/\/ucnoqta.az\/index.php?rest_route=%2Fwp%2Fv2%2Fcomments&post=90951"}],"version-history":[{"count":0,"href":"https:\/\/ucnoqta.az\/index.php?rest_route=\/wp\/v2\/posts\/90951\/revisions"}],"wp:featuredmedia":[{"embeddable":true,"href":"https:\/\/ucnoqta.az\/index.php?rest_route=\/wp\/v2\/media\/251278"}],"wp:attachment":[{"href":"https:\/\/ucnoqta.az\/index.php?rest_route=%2Fwp%2Fv2%2Fmedia&parent=90951"}],"wp:term":[{"taxonomy":"category","embeddable":true,"href":"https:\/\/ucnoqta.az\/index.php?rest_route=%2Fwp%2Fv2%2Fcategories&post=90951"},{"taxonomy":"post_tag","embeddable":true,"href":"https:\/\/ucnoqta.az\/index.php?rest_route=%2Fwp%2Fv2%2Ftags&post=90951"}],"curies":[{"name":"wp","href":"https:\/\/api.w.org\/{rel}","templated":true}]}}