{"id":90950,"date":"2020-01-07T10:10:38","date_gmt":"2020-01-07T06:10:38","guid":{"rendered":""},"modified":"-0001-11-30T00:00:00","modified_gmt":"-0001-11-29T20:00:00","slug":"","status":"publish","type":"post","link":"https:\/\/ucnoqta.az\/?p=90950","title":{"rendered":"Bu il f\u0259sill\u0259rin Az\u0259rbaycana daxilolma vaxtlar\u0131 a\u00e7\u0131qlan\u0131b"},"content":{"rendered":"<p><strong>AMEA-n\u0131n N\u0259sr\u0259ddin Tusi ad\u0131na \u015eamax\u0131 Astrofizika R\u0259s\u0259dxanas\u0131 2020-ci ild\u0259 f\u0259sill\u0259rin &ouml;lk\u0259miz\u0259 daxilolma vaxtlar\u0131n\u0131 a&ccedil;\u0131qlay\u0131b.<\/strong><\/p>\n<p>R\u0259s\u0259dxanadan&nbsp;veril\u0259n m\u0259lumata g&ouml;r\u0259,&nbsp;bu il yaz f\u0259slinin &ouml;lk\u0259miz\u0259 q\u0259d\u0259m qoymas\u0131&nbsp;mart\u0131n 20-d\u0259&nbsp;yerli vaxtla saat&nbsp;07:49-a t\u0259sad&uuml;f ed\u0259c\u0259k v\u0259 gec\u0259 il\u0259 g&uuml;nd&uuml;z b\u0259rab\u0259rl\u0259\u015f\u0259c\u0259k.<\/p>\n<p>\u0130yunun 21-d\u0259&nbsp;saat 01:43-d\u0259 yay,&nbsp;sentyabr\u0131n 22-d\u0259&nbsp;saat 17:30-da pay\u0131z &ouml;lk\u0259miz\u0259 daxil olacaq. Bu halda G&uuml;n\u0259\u015f ekliptika &uuml;zr\u0259 h\u0259r\u0259k\u0259t ed\u0259r\u0259k \u015eimal yar\u0131mk&uuml;r\u0259sind\u0259n C\u0259nub yar\u0131mk&uuml;r\u0259sin\u0259 ke&ccedil;\u0259c\u0259k.<\/p>\n<p>Q\u0131\u015f f\u0259sli is\u0259&nbsp;dekabr\u0131n 21-d\u0259&nbsp;saat 14:02-d\u0259 Az\u0259rbaycana q\u0259d\u0259m qoyacaq. Bu zaman G&uuml;n\u0259\u015f &uuml;f&uuml;qd\u0259n \u0259n minimum n&ouml;qt\u0259d\u0259 olacaq v\u0259 G&uuml;n\u0259\u015f \u015f&uuml;alar\u0131n\u0131n istiqam\u0259ti il\u0259 yerin f\u0131rlanma oxu \u0259n b&ouml;y&uuml;k bucaq \u0259m\u0259l\u0259 g\u0259tir\u0259c\u0259k.\/report<\/p>\n<p>&nbsp;<\/p>\n","protected":false},"excerpt":{"rendered":"<p>AMEA-n\u0131n N\u0259sr\u0259ddin Tusi ad\u0131na \u015eamax\u0131 Astrofizika R\u0259s\u0259dxanas\u0131 2020-ci ild\u0259 f\u0259sill\u0259rin &ouml;lk\u0259miz\u0259 daxilolma vaxtlar\u0131n\u0131 a&ccedil;\u0131qlay\u0131b. R\u0259s\u0259dxanadan&nbsp;veril\u0259n m\u0259lumata g&ouml;r\u0259,&nbsp;bu il yaz f\u0259slinin &ouml;lk\u0259miz\u0259 q\u0259d\u0259m qoymas\u0131&nbsp;mart\u0131n 20-d\u0259&nbsp;yerli vaxtla saat&nbsp;07:49-a t\u0259sad&uuml;f ed\u0259c\u0259k v\u0259 gec\u0259&hellip;<\/p>\n","protected":false},"author":1,"featured_media":251278,"comment_status":"open","ping_status":"open","sticky":false,"template":"","format":"standard","meta":{"_lmt_disableupdate":"","_lmt_disable":"","footnotes":""},"categories":[],"tags":[],"class_list":["post-90950","post","type-post","status-publish","format-standard","has-post-thumbnail","hentry"],"_links":{"self":[{"href":"https:\/\/ucnoqta.az\/index.php?rest_route=\/wp\/v2\/posts\/90950","targetHints":{"allow":["GET"]}}],"collection":[{"href":"https:\/\/ucnoqta.az\/index.php?rest_route=\/wp\/v2\/posts"}],"about":[{"href":"https:\/\/ucnoqta.az\/index.php?rest_route=\/wp\/v2\/types\/post"}],"author":[{"embeddable":true,"href":"https:\/\/ucnoqta.az\/index.php?rest_route=\/wp\/v2\/users\/1"}],"replies":[{"embeddable":true,"href":"https:\/\/ucnoqta.az\/index.php?rest_route=%2Fwp%2Fv2%2Fcomments&post=90950"}],"version-history":[{"count":0,"href":"https:\/\/ucnoqta.az\/index.php?rest_route=\/wp\/v2\/posts\/90950\/revisions"}],"wp:featuredmedia":[{"embeddable":true,"href":"https:\/\/ucnoqta.az\/index.php?rest_route=\/wp\/v2\/media\/251278"}],"wp:attachment":[{"href":"https:\/\/ucnoqta.az\/index.php?rest_route=%2Fwp%2Fv2%2Fmedia&parent=90950"}],"wp:term":[{"taxonomy":"category","embeddable":true,"href":"https:\/\/ucnoqta.az\/index.php?rest_route=%2Fwp%2Fv2%2Fcategories&post=90950"},{"taxonomy":"post_tag","embeddable":true,"href":"https:\/\/ucnoqta.az\/index.php?rest_route=%2Fwp%2Fv2%2Ftags&post=90950"}],"curies":[{"name":"wp","href":"https:\/\/api.w.org\/{rel}","templated":true}]}}